{"id":18203,"date":"2014-11-04T10:14:39","date_gmt":"2014-11-04T09:14:39","guid":{"rendered":"http:\/\/www.invarena.cz\/?p=18203"},"modified":"2014-11-04T10:14:39","modified_gmt":"2014-11-04T09:14:39","slug":"kraj-chce-zavrit-ustav-pro-postizene-libesice-nesouhlasi-2","status":"publish","type":"post","link":"https:\/\/www.invarena.cz\/?p=18203","title":{"rendered":"Kraj chce zav\u0159\u00edt \u00fastav pro posti\u017een\u00e9. Lib\u011b\u0161ice nesouhlas\u00ed"},"content":{"rendered":"<p><strong>Zastupitelstvo \u00dasteck\u00e9ho kraje v polovin\u011b prosince rozhodne o osudu \u00fastavu soci\u00e1ln\u00ed p\u00e9\u010de v Lib\u011b\u0161ic\u00edch na Litom\u011b\u0159icku (foto). Radn\u00ed cht\u011bj\u00ed kkienty vyst\u011bhovat do chr\u00e1n\u011bn\u00e9ho bydlen\u00ed. Obec v\u0161ak nesouhlas\u00ed. Zam\u011bstnanci \u00fastavu toti\u017e p\u0159ich\u00e1zej\u00ed o pr\u00e1ci.<\/strong> <!--more--><\/p>\n<p>Domov na z\u00e1mku,, v n\u011bm\u017e \u017eij\u00ed des\u00edtky du\u0161evn\u011b nemocn\u00fdch, proch\u00e1z\u00ed transformac\u00ed.<\/p>\n<p>Radn\u00ed pro soci\u00e1ln\u00ed v\u011bci Martin Klika (\u010cSSD) \u0159ekl, \u017ee provoz domova je drah\u00fd, a trv\u00e1 proto na jeho z\u00e1niku. \u00bbOpravdu bych se zam\u011b\u0159il na dostavbu na\u0161ich za\u0159\u00edzen\u00ed, tam, kde to ji\u017e funguje a m\u00e1 to n\u011bjak\u00e9 standardy, ne\u017e se sna\u017eit opravit historick\u00fd objekt, kde je kolikr\u00e1t probl\u00e9m i s pam\u00e1tk\u00e1\u0159i, je to energeticky n\u00e1ro\u010dn\u00e9,\u00ab \u0159ekl Klika.<\/p>\n<p>O osudu domova bude za dva t\u00fddny jednat krajsk\u00e1 rada. Podklady podle Kliky p\u0159ipravila speci\u00e1ln\u00ed pracovn\u00ed skupina. \u00bbV r\u00e1mci koalice budeme cht\u00edt o tomto probl\u00e9mu jednat. Jedna v\u011bc je zachov\u00e1n\u00ed toho za\u0159\u00edzen\u00ed, ale druh\u00e1 v\u011bc je, kde se na to vezmou finan\u010dn\u00ed prost\u0159edky,\u00ab uvedl Klika.<\/p>\n<p>Radn\u00ed Ladislav Drl\u00fd (KS\u010cM), kter\u00fd m\u00e1 na starost krajsk\u00fd rozpo\u010det, \u0159ekl, \u017ee jasno zat\u00edm nem\u00e1. \u00bbPot\u0159ebuji m\u00edt p\u0159ed sebou ob\u011b varianty zpracovan\u00e9 v ekonomick\u00e9 podob\u011b. A\u017e budu zn\u00e1t n\u00e1klady jednotliv\u00fdch variant, tak m\u016f\u017eu jednu doporu\u010dit.Zat\u00edm jsem ale na st\u016fl \u017e\u00e1dn\u00e9 nedostal,\u00ab dodal Drl\u00fd.<\/p>\n<p>Proti z\u00e1niku se ale postavila obec Lib\u011b\u0161ice, kter\u00e1 chce oslovit v\u0161echny zastupitele. Obec argumentuje v boji za z\u00e1chranu \u00fastavu nejen prost\u0159ed\u00edm, na kter\u00e9 jsou klienti zvykl\u00ed, ale i nezam\u011bstnanost\u00ed v obci.<\/p>\n<p>Des\u00edtky zam\u011bstnanc\u016f domova jsou pr\u00e1v\u011b z Lib\u011b\u0161ic a okol\u00ed. \u00bbSice jim je nab\u00edzena pr\u00e1ce jinde, ale \u010dasto je to na opa\u010dn\u00e9m konci okresu a nen\u00ed tady dobr\u00e1 dopravn\u00ed obslu\u017enost,\u00ab doplnila starostka Lib\u011b\u0161ic Alena Knoobov\u00e1 (Hnut\u00ed za harmonick\u00fd rozvoj obc\u00ed a m\u011bst).<\/p>\n<p>\u00dasteck\u00fd kraje z\u0159izuje 14 p\u0159\u00edsp\u011bvkov\u00fdch organizac\u00ed, krom\u011b \u00fastav\u016f soci\u00e1ln\u00ed p\u00e9\u010de i domovy pro seniory a \u00fastavy pro zdravotn\u011b posti\u017een\u00e9. Jejich provoz dotoval v lo\u0148sk\u00e9m roce 189 miliony korun.<\/p>\n<p>Hal\u00f3 noviny<\/p>\n<p>&nbsp;<\/p>\n","protected":false},"excerpt":{"rendered":"<div class=\"mh-excerpt\"><p>Zastupitelstvo \u00dasteck\u00e9ho kraje v polovin\u011b prosince rozhodne o osudu \u00fastavu soci\u00e1ln\u00ed p\u00e9\u010de v Lib\u011b\u0161ic\u00edch na Litom\u011b\u0159icku (foto). Radn\u00ed cht\u011bj\u00ed kkienty vyst\u011bhovat do chr\u00e1n\u011bn\u00e9ho bydlen\u00ed. Obec <a class=\"mh-excerpt-more\" href=\"https:\/\/www.invarena.cz\/?p=18203\" title=\"Kraj chce zav\u0159\u00edt \u00fastav pro posti\u017een\u00e9. Lib\u011b\u0161ice nesouhlas\u00ed\">[&#8230;]<\/a><\/p>\n<\/div>","protected":false},"author":1,"featured_media":15355,"comment_status":"open","ping_status":"closed","sticky":false,"template":"","format":"standard","meta":{"footnotes":""},"categories":[6],"tags":[],"class_list":["post-18203","post","type-post","status-publish","format-standard","has-post-thumbnail","hentry","category-politika"],"_links":{"self":[{"href":"https:\/\/www.invarena.cz\/index.php?rest_route=\/wp\/v2\/posts\/18203","targetHints":{"allow":["GET"]}}],"collection":[{"href":"https:\/\/www.invarena.cz\/index.php?rest_route=\/wp\/v2\/posts"}],"about":[{"href":"https:\/\/www.invarena.cz\/index.php?rest_route=\/wp\/v2\/types\/post"}],"author":[{"embeddable":true,"href":"https:\/\/www.invarena.cz\/index.php?rest_route=\/wp\/v2\/users\/1"}],"replies":[{"embeddable":true,"href":"https:\/\/www.invarena.cz\/index.php?rest_route=%2Fwp%2Fv2%2Fcomments&post=18203"}],"version-history":[{"count":0,"href":"https:\/\/www.invarena.cz\/index.php?rest_route=\/wp\/v2\/posts\/18203\/revisions"}],"wp:featuredmedia":[{"embeddable":true,"href":"https:\/\/www.invarena.cz\/index.php?rest_route=\/wp\/v2\/media\/15355"}],"wp:attachment":[{"href":"https:\/\/www.invarena.cz\/index.php?rest_route=%2Fwp%2Fv2%2Fmedia&parent=18203"}],"wp:term":[{"taxonomy":"category","embeddable":true,"href":"https:\/\/www.invarena.cz\/index.php?rest_route=%2Fwp%2Fv2%2Fcategories&post=18203"},{"taxonomy":"post_tag","embeddable":true,"href":"https:\/\/www.invarena.cz\/index.php?rest_route=%2Fwp%2Fv2%2Ftags&post=18203"}],"curies":[{"name":"wp","href":"https:\/\/api.w.org\/{rel}","templated":true}]}}