{"id":18206,"date":"2014-11-04T10:07:51","date_gmt":"2014-11-04T09:07:51","guid":{"rendered":"http:\/\/www.invarena.cz\/?p=18206"},"modified":"2014-11-04T10:08:21","modified_gmt":"2014-11-04T09:08:21","slug":"divadlo-jen-pro-mlade-a-zdrave-2","status":"publish","type":"post","link":"https:\/\/www.invarena.cz\/?p=18206","title":{"rendered":"Divadlo jen pro mlad\u00e9 a zdrav\u00e9?"},"content":{"rendered":"<p><strong>Se sl\u00e1vou se na za\u010d\u00e1tku z\u00e1\u0159\u00ed otev\u00edrala nov\u00e1 divadeln\u00ed sc\u00e9na v Plzni nazvan\u00e1 Nov\u00e9 divadlo. Sl\u00e1vu ale vyst\u0159\u00eddala kritika, hlavn\u011b voz\u00ed\u010dk\u00e1\u0159\u016f. Kv\u016fli v\u0161udyp\u0159\u00edtomn\u00fdm schod\u016fm. P\u0159itom p\u016fvodn\u011b m\u011blo b\u00fdt divadlo bezbari\u00e9rov\u00e9. <\/strong><!--more--><\/p>\n<p>ilustra\u010dn\u00ed foto: Malingering \/ Flickr.com<\/p>\n<p>cel\u00fd \u010dl\u00e1nek <a href=\"http:\/\/www.denik.cz\/z_domova\/nove-divadlo-v-plzni-zmarena-sance-20141101.html\">ZDE<\/a><\/p>\n<p>Reakce na \u010dl\u00e1nek <a href=\"http:\/\/plzensky.denik.cz\/zpravy_region\/moc-schodu-v-divadle-dan-za-cenu-20141021.htmlp:\/\/\"><strong>Moc schod\u016f v divadle? Da\u0148 za cenu<\/strong><\/a>, kter\u00fd vy\u0161el v Plze\u0148sk\u00e9m den\u00edku 21. \u0159\u00edjna. Chyst\u00e1m se u\u017e dlouho napsat svoje dojmy z Nov\u00e9ho divadla. \u010cl\u00e1nek v pond\u011bln\u00edm \u010d\u00edsle z 21. \u0159\u00edjna mi mluv\u00ed z du\u0161e. R\u00e1da bych se k n\u011bmu p\u0159ipojila.<\/p>\n<p>Nav\u0161t\u00edvila jsem s velk\u00fdm o\u010dek\u00e1v\u00e1n\u00edm ob\u011b sc\u00e9ny Nov\u00e9ho divadla, jeho\u017e stavb\u011b jsem fandila. Vstup a v\u0161e ostatn\u00ed p\u016fsob\u00ed impozantn\u011b a modern\u011b. Hlavn\u00ed sc\u00e9na je p\u0159\u00edstupn\u00e1 bezbari\u00e9rov\u011b, co\u017e m\u011b t\u011b\u0161\u00ed, proto\u017ee m\u00e1m n\u011bkolik p\u0159\u00e1tel voz\u00ed\u010dk\u00e1\u0159\u016f, kte\u0159\u00ed maj\u00ed vy\u010dlen\u011bnou celou zadn\u00ed \u0159adu, bohu\u017eel, hodn\u011b daleko od jevi\u0161t\u011b. Ide\u00e1ln\u00ed to bylo pro n\u011b v Komorn\u00edm divadle, i kdy\u017e si to pan architekt nemysl\u00ed..<\/p>\n<p>ALE: ti, kte\u0159\u00ed chod\u00ed s hol\u00ed, o dvou francouzsk\u00fdch hol\u00edch nebo u\u017e je vzhledemkv\u011bku jen bol\u00ed kolena a ky\u010dle, a v\u011bt\u0161inou i h\u016f\u0159 sly\u0161\u00ed, si mus\u00ed dob\u0159e rozmyslet, kam si koupit l\u00edstek. Od v\u00fdtahu mus\u00ed do p\u0159edn\u00edch \u0159ad sej\u00edt schody p\u0159es 2 patra, kdy\u017e se usad\u00ed naho\u0159e nad schody, zase h\u016f\u0159 sly\u0161\u00ed a jevi\u0161t\u011b maj\u00ed daleko \u2013 tak\u017ee s kuk\u00e1tkem? Nebo m\u016f\u017ee b\u00fdt \u010dlov\u011bk s berlemi pu\u0161t\u011bn do s\u00e1lu &#8222;nouzov\u00fdm v\u00fdchodem&#8220; u jevi\u0161t\u011b? M\u00e1m pocit, \u017ee si architekt neuv\u011bdomil, \u017ee &#8222;v\u011brn\u00ed abonenti&#8220; jsou p\u0159ev\u00e1\u017en\u011b lid\u00e9 star\u0161\u00edho v\u011bku. Korunu v\u0161emu v\u0161ak nasadila n\u00e1v\u0161t\u011bva mal\u00e9 sc\u00e9ny, kde jsem v ned\u011bli shl\u00e9dla \u00fa\u017easn\u00fd balet &#8222;Obraz Doriana Graye&#8220;. Zde vedou do s\u00e1lu p\u0159\u00edkr\u00e9 schody, v\u00fdtah jsme s moj\u00ed star\u0161\u00ed spole\u010dnic\u00edmarn\u011bhledalyapr\u00fd tam dle \u0161atn\u00e1\u0159ek nen\u00ed. To u\u017e je alep\u0159\u00edmonedodr\u017een\u00edz\u00e1konao p\u0159\u00edstupnosti ve\u0159ejn\u00fdch budov!!! Tak co s t\u00edm divadlo ud\u011bl\u00e1?<\/p>\n<p>Jaroslava Moss\u00f3czyov\u00e1, Plze\u0148<\/p>\n<h3><strong>M\u00edsta pro voz\u00ed\u010dk\u00e1\u0159e se dala \u0159e\u0161it i l\u00e9pe<\/strong><\/h3>\n<p>Reakce na \u010dl\u00e1nek Moc schod\u016f v divadle? Da\u0148 za cenu, kter\u00fd vy\u0161el v Plze\u0148sk\u00e9m den\u00edku 21. \u0159\u00edjna. Dovolte mi reagovat krati\u010dkou pozn\u00e1mkou na \u010dl\u00e1nek, ve kter\u00e9m pan architekt Kru\u017e\u00edk odpov\u00eddal na kritick\u00e9 dotazy ohledn\u011b &#8222;bezbari\u00e9rovosti&#8220; Nov\u00e9ho divadla.<\/p>\n<p>Na dotaz redaktorky: &#8222;<span class=\"highlight\">Voz\u00ed\u010dk\u00e1\u0159i<\/span> maj\u00ed m\u00edsta a\u017e \u00fapln\u011b vzadu v posledn\u00ed \u0159ad\u011b, co\u017e se jim moc nel\u00edb\u00ed&#8220;, kontroval odpov\u011bd\u00ed &#8222;Je to znovu v\u00fdsledek kompromisu. M\u00e1mdojem, \u017eev Komorn\u00edm divadle nebylo pro invalidy v\u016fbec \u017e\u00e1dn\u00e9 m\u00edsto&#8230;.&#8220; K tomu mohu pouze \u0159\u00edci, \u017ee pan architekt m\u00e1 &#8222;pouze dojem&#8220;&#8230;<\/p>\n<p>Do Komorn\u00edho divadla jsem s <span class=\"highlight\">invalidn\u00ed<\/span> man\u017eelkou na voz\u00edku chodil \u0159adu let (ne\u017e se zav\u0159elo) a divadlo um\u00edst\u011bn\u00ed <span class=\"highlight\">invalidn\u00edho<\/span> voz\u00edku \u0159e\u0161ilo zcela jednoduch\u00fdm zp\u016fsobem tj. p\u0159istaven\u00edm voz\u00edku &#8222;vedle \u0159ady&#8220;. B\u011b\u017en\u011b jsme si kupovali jeden l\u00edstek na kraji \u0159ady a &#8222;jeden vedle \u0159ady&#8220;. Tak\u017ee za ty pen\u00edze, co Nov\u00e9 divadlo st\u00e1lo, se t\u011bch p\u00e1r m\u00edst pro <span class=\"highlight\">voz\u00ed\u010dk\u00e1\u0159e<\/span> dalo vy\u0159e\u0161it taky elegantn\u011bji.<\/p>\n<p>Ono se v\u016fbec ve v\u0161ech projektech na <span class=\"highlight\">voz\u00ed\u010dk\u00e1\u0159e<\/span> mysl\u00ed &#8230;<\/p>\n<p>Tak\u017ee si na z\u00e1v\u011br dovol\u00edm jednu, nikoliv hypotetickou, ot\u00e1zku k zamy\u0161len\u00ed: P\u0159edstavte si, \u017ee jste na <span class=\"highlight\">invalidn\u00edm<\/span> voz\u00edku, m\u016f\u017eete se na n\u011bm pohybovat bez asistenta a jste uprost\u0159ed m\u011bsta, mysl\u00edm t\u00edm na n\u00e1m\u011bst\u00ed a p\u0159edstavte si, \u017ee jen chcete na WC, nic moc jen na malou &#8230;. Kampak asi pojedete? Pozor? Voz\u00edk zvl\u00e1dne schod cca do p\u011bti centimetr\u016f. zkus\u00edte naj\u00edt vhodn\u00e9 WC? No, sp\u00ed\u0161 jen najd\u011bte WC bez schodu \u010di schod\u016f? Zkuste to.<\/p>\n<p>A to v p\u0159\u00ed\u0161t\u00edm roce budeme hlavn\u00edm m\u011bstem kultury.<br \/>\nAbych nezapomn\u011bl, v Komorn\u00edm divadle jsme nikdy nesed\u011bli d\u00e1l ne\u017e v p\u00e1t\u00e9 \u0159ad\u011b.<\/p>\n<p>Ji\u0159\u00ed H\u00e1jek<\/p>\n<p>&nbsp;<\/p>\n","protected":false},"excerpt":{"rendered":"<div class=\"mh-excerpt\"><p>Se sl\u00e1vou se na za\u010d\u00e1tku z\u00e1\u0159\u00ed otev\u00edrala nov\u00e1 divadeln\u00ed sc\u00e9na v Plzni nazvan\u00e1 Nov\u00e9 divadlo. Sl\u00e1vu ale vyst\u0159\u00eddala kritika, hlavn\u011b voz\u00ed\u010dk\u00e1\u0159\u016f. Kv\u016fli v\u0161udyp\u0159\u00edtomn\u00fdm schod\u016fm. P\u0159itom <a class=\"mh-excerpt-more\" href=\"https:\/\/www.invarena.cz\/?p=18206\" title=\"Divadlo jen pro mlad\u00e9 a zdrav\u00e9?\">[&#8230;]<\/a><\/p>\n<\/div>","protected":false},"author":1,"featured_media":17308,"comment_status":"open","ping_status":"closed","sticky":false,"template":"","format":"standard","meta":{"footnotes":""},"categories":[4],"tags":[],"class_list":["post-18206","post","type-post","status-publish","format-standard","has-post-thumbnail","hentry","category-nazory"],"_links":{"self":[{"href":"https:\/\/www.invarena.cz\/index.php?rest_route=\/wp\/v2\/posts\/18206","targetHints":{"allow":["GET"]}}],"collection":[{"href":"https:\/\/www.invarena.cz\/index.php?rest_route=\/wp\/v2\/posts"}],"about":[{"href":"https:\/\/www.invarena.cz\/index.php?rest_route=\/wp\/v2\/types\/post"}],"author":[{"embeddable":true,"href":"https:\/\/www.invarena.cz\/index.php?rest_route=\/wp\/v2\/users\/1"}],"replies":[{"embeddable":true,"href":"https:\/\/www.invarena.cz\/index.php?rest_route=%2Fwp%2Fv2%2Fcomments&post=18206"}],"version-history":[{"count":0,"href":"https:\/\/www.invarena.cz\/index.php?rest_route=\/wp\/v2\/posts\/18206\/revisions"}],"wp:featuredmedia":[{"embeddable":true,"href":"https:\/\/www.invarena.cz\/index.php?rest_route=\/wp\/v2\/media\/17308"}],"wp:attachment":[{"href":"https:\/\/www.invarena.cz\/index.php?rest_route=%2Fwp%2Fv2%2Fmedia&parent=18206"}],"wp:term":[{"taxonomy":"category","embeddable":true,"href":"https:\/\/www.invarena.cz\/index.php?rest_route=%2Fwp%2Fv2%2Fcategories&post=18206"},{"taxonomy":"post_tag","embeddable":true,"href":"https:\/\/www.invarena.cz\/index.php?rest_route=%2Fwp%2Fv2%2Ftags&post=18206"}],"curies":[{"name":"wp","href":"https:\/\/api.w.org\/{rel}","templated":true}]}}