{"id":18236,"date":"2014-11-05T07:22:39","date_gmt":"2014-11-05T06:22:39","guid":{"rendered":"http:\/\/www.invarena.cz\/?p=18236"},"modified":"2014-11-05T07:22:39","modified_gmt":"2014-11-05T06:22:39","slug":"vatikansky-biskup-odsoudil-eutanazii-americanky-s-nadorem","status":"publish","type":"post","link":"https:\/\/www.invarena.cz\/?p=18236","title":{"rendered":"Vatik\u00e1nsk\u00fd biskup odsoudil eutanazii Ameri\u010danky s n\u00e1dorem"},"content":{"rendered":"<p><strong>Vatik\u00e1nsk\u00fd biskup Ignacio Carrasco de Paula dnes odsoudil eutanazii dev\u011btadvacetilet\u00e9 Ameri\u010danky trp\u00edc\u00ed nevyl\u00e9\u010diteln\u00fdm n\u00e1dorem. P\u0159\u00edpad znovu a nejen ve Spojen\u00fdch st\u00e1tech rozpoutal rozs\u00e1hlou diskusi o mo\u017enosti dobrovoln\u00e9ho odchodu ze \u017eivota. Podle de Pauly, kter\u00fd je p\u0159edsedou Pape\u017esk\u00e9 akademie pro \u017eivot, \u0161lo o zavr\u017een\u00edhodn\u00fd \u010din.<\/strong> <!--more--><\/p>\n<p>Agentu\u0159e ANSA \u0159ekl, \u017ee &#8222;d\u016fstojnost je n\u011bco jin\u00e9ho ne\u017e skoncovat s vlastn\u00edm \u017eivotem&#8220;. \u0158ekl tak\u00e9, \u017ee &#8222;nehodnot\u00ed jednotlivce, ale po\u010din s\u00e1m o sob\u011b by m\u011bl b\u00fdt odsouzen&#8220;.<\/p>\n<p>Brittany Maynardov\u00e9 l\u00e9ka\u0159i letos v lednu diagnostikovali zhoubn\u00fd n\u00e1dor na mozku. Operativn\u00ed odstran\u011bn\u00ed n\u00e1doru se nepoda\u0159ilo a v dubnu l\u00e9ka\u0159i \u017een\u011b ozn\u00e1mili, \u017ee j\u00ed zb\u00fdv\u00e1 pouze \u0161est m\u011bs\u00edc\u016f \u017eivota. Od t\u00e9 doby se jej\u00ed zdravotn\u00ed stav rychle zhor\u0161oval a pacientka trp\u011bla st\u00e1le v\u011bt\u0161\u00edmi bolestmi a z\u00e1chvaty.<\/p>\n<p>Po zv\u00e1\u017een\u00ed v\u0161ech mo\u017enost\u00ed l\u00e9\u010dby a po konzultaci s rodinou se Maynardov\u00e1 nakonec rozhodla, \u017ee nebude podstupovat dal\u0161\u00ed terapii, kter\u00e1 by s nejv\u011bt\u0161\u00ed pravd\u011bpodobnost\u00ed jen d\u00e1l prodlou\u017eila jej\u00ed tr\u00e1pen\u00ed. Jako datum sv\u00e9 smrti zvolila 1. listopad, kr\u00e1tce p\u0159ed jej\u00edmi t\u0159icetinami.<\/p>\n<p>Sv\u016fj z\u00e1m\u011br vz\u00edt si p\u0159ed\u010dasn\u011b \u017eivot zve\u0159ejnila Maynardov\u00e1 na internetu. &#8222;Nechci um\u0159\u00edt. Ale um\u00edr\u00e1m. A chci um\u0159\u00edt podle vlastn\u00edch p\u0159edstav,&#8220; uvedla ve <a href=\"http:\/\/www.youtube.com\/watch?annotation_id=annotation_1855568639&amp;feature=iv&amp;src_vid=1lHXH0Zb2QI&amp;v=yPfe3rCcUeQ\" target=\"_blank\">videonahr\u00e1vce<\/a>, kterou zhl\u00e9dly miliony lid\u00ed.<\/p>\n<p>De Paula pat\u0159\u00ed mezi vatik\u00e1nsk\u00fdmi hodnost\u00e1\u0159i k t\u011bm konzervativn\u011bj\u0161\u00edm. V roce 2010, kdy \u0161el do \u010dela Pape\u017esk\u00e9 akademie pro \u017eivot, nap\u0159\u00edklad odsoudil ud\u011blen\u00ed Nobelovy ceny za l\u00e9ka\u0159stv\u00ed a fyziologii britsk\u00e9mu fyziologovi Robertu Edwardsovi. Ten je pr\u016fkopn\u00edkem um\u011bl\u00e9ho oplod\u0148ov\u00e1n\u00ed a inov\u00e1torem v l\u00e9\u010db\u011b neplodnosti u lid\u00ed.<\/p>\n","protected":false},"excerpt":{"rendered":"<div class=\"mh-excerpt\"><p>Vatik\u00e1nsk\u00fd biskup Ignacio Carrasco de Paula dnes odsoudil eutanazii dev\u011btadvacetilet\u00e9 Ameri\u010danky trp\u00edc\u00ed nevyl\u00e9\u010diteln\u00fdm n\u00e1dorem. P\u0159\u00edpad znovu a nejen ve Spojen\u00fdch st\u00e1tech rozpoutal rozs\u00e1hlou diskusi o <a class=\"mh-excerpt-more\" href=\"https:\/\/www.invarena.cz\/?p=18236\" title=\"Vatik\u00e1nsk\u00fd biskup odsoudil eutanazii Ameri\u010danky s n\u00e1dorem\">[&#8230;]<\/a><\/p>\n<\/div>","protected":false},"author":1,"featured_media":0,"comment_status":"open","ping_status":"closed","sticky":false,"template":"","format":"standard","meta":{"footnotes":""},"categories":[9],"tags":[],"class_list":["post-18236","post","type-post","status-publish","format-standard","hentry","category-zpravy"],"_links":{"self":[{"href":"https:\/\/www.invarena.cz\/index.php?rest_route=\/wp\/v2\/posts\/18236","targetHints":{"allow":["GET"]}}],"collection":[{"href":"https:\/\/www.invarena.cz\/index.php?rest_route=\/wp\/v2\/posts"}],"about":[{"href":"https:\/\/www.invarena.cz\/index.php?rest_route=\/wp\/v2\/types\/post"}],"author":[{"embeddable":true,"href":"https:\/\/www.invarena.cz\/index.php?rest_route=\/wp\/v2\/users\/1"}],"replies":[{"embeddable":true,"href":"https:\/\/www.invarena.cz\/index.php?rest_route=%2Fwp%2Fv2%2Fcomments&post=18236"}],"version-history":[{"count":0,"href":"https:\/\/www.invarena.cz\/index.php?rest_route=\/wp\/v2\/posts\/18236\/revisions"}],"wp:attachment":[{"href":"https:\/\/www.invarena.cz\/index.php?rest_route=%2Fwp%2Fv2%2Fmedia&parent=18236"}],"wp:term":[{"taxonomy":"category","embeddable":true,"href":"https:\/\/www.invarena.cz\/index.php?rest_route=%2Fwp%2Fv2%2Fcategories&post=18236"},{"taxonomy":"post_tag","embeddable":true,"href":"https:\/\/www.invarena.cz\/index.php?rest_route=%2Fwp%2Fv2%2Ftags&post=18236"}],"curies":[{"name":"wp","href":"https:\/\/api.w.org\/{rel}","templated":true}]}}