{"id":18248,"date":"2014-11-06T10:40:27","date_gmt":"2014-11-06T09:40:27","guid":{"rendered":"http:\/\/www.invarena.cz\/?p=18248"},"modified":"2014-11-06T10:40:40","modified_gmt":"2014-11-06T09:40:40","slug":"kluci-nas-dojali-a-jsme-na-ne-pysni","status":"publish","type":"post","link":"https:\/\/www.invarena.cz\/?p=18248","title":{"rendered":"Kluci n\u00e1s dojali a jsme na n\u011b py\u0161n\u00ed!"},"content":{"rendered":"<p><strong>V sobotu 25. \u0159\u00edjna se handicapovan\u00ed plavci z MCT CZ Doma\u017elice, z\u00fa\u010dastnili jubilejn\u00edho X. ro\u010dn\u00edku plaveck\u00fdch z\u00e1vod\u016f Jihlavsk\u00fd je\u017eek 2014 v baz\u00e9nu E. Ro\u0161ick\u00e9ho v Jihlav\u011b. T\u011bchto z\u00e1vod\u016f se z\u00fa\u010dastnili handicapovan\u00ed plavci nejen z Jihlavy a Jind\u0159ichova Hradce, ale tak\u00e9 z SK Aproba Kutn\u00e1 Hora, z Brna a \u00b4na\u0161i\u00b4 z MCTCZ!<\/strong><!--more--><\/p>\n<p>Atmosf\u00e9ra na z\u00e1vodech byla perfektn\u00ed, nejprve n\u00e1s p\u0159iv\u00edtala Kv\u011bta Franti\u0161kov\u00e1, p\u0159edsedkyn\u011b po\u0159\u00e1daj\u00edc\u00edho klubu SK Vodom\u00edlek, p\u0159edstavila n\u00e1m sv\u00e9 spolupracovn\u00edky a dobrovoln\u00edky. Z\u00e1vod prob\u011bhl v duchu p\u0159\u00e1telstv\u00ed a skv\u011bl\u00e9 pohody. V tomto duchu se nesly cel\u00e9 z\u00e1vody a pro na\u0161e plavce byly i velmi \u00fasp\u011b\u0161n\u00e9. Petr Forst z\u00edskal dv\u011b zlat\u00e9 medaile v z\u00e1vod\u011b 25 m prsa s asistenc\u00ed, \u010das 0:32,6, a 50mprsa s asistenc\u00ed, \u010das 1:26,3. Pavel Pivo\u0148ka z\u00edskal zlatou medaili v kategorii 50mznak za \u010das 0:55,4.<\/p>\n<p>V t\u00e9to souvislosti je t\u0159eba pod\u011bkovat v\u0161em sponzor\u016fm a dobrovoln\u00edk\u016fm, bez kter\u00fdch by se tyto akce nemohly konat.<\/p>\n<p>Ob\u010dansk\u00e9 sdru\u017een\u00ed MCT CZ poskytuje t\u011blesn\u011b posti\u017een\u00fdm d\u011btem a ml\u00e1de\u017ei mo\u017enost zaplavat si pravideln\u011b v baz\u00e9nu. Bezpe\u010dn\u011b pod dozorem asistenta a tren\u00e9ra. T\u011bm plavc\u016fm, kte\u0159\u00ed maj\u00ed z\u00e1jem a pot\u0159ebn\u00e9 schopnosti, umo\u017en\u00ed sportovn\u00ed tr\u00e9nink a \u00fa\u010dast na z\u00e1vodech t\u011blesn\u011b posti\u017een\u00fdch. Z\u00e1vodn\u00edci pak sout\u011b\u017e\u00ed na v\u0161ech olympijsk\u00fdch trat\u00edch rozd\u011bleni podle sv\u00e9ho zdravotn\u00edho stavu do deseti kategori\u00ed.<br \/>\nJe v\u016fbec mo\u017en\u00e9, aby handicapovan\u00e9 d\u00edt\u011b bylo v n\u011bjak\u00e9 volno\u010dasov\u00e9 aktivit\u011b lep\u0161\u00ed ne\u017e ostatn\u00ed d\u011bti? Rodi\u010de s d\u011btmi, kter\u00e9 od nej\u00fatlej\u0161\u00edho v\u011bku spolupracuj\u00ed s ob\u010dansk\u00fdm sdru\u017een\u00edm MCT CZ, ji\u017e v\u011bd\u00ed, \u017ee je to mo\u017en\u00e9! Kdy\u017e se rodi\u010de sv\u00e9mu d\u00edt\u011bti v\u011bnuj\u00ed, poznaj\u00ed i u handicapovan\u00e9ho d\u00edt\u011bte, k \u010demu m\u00e1 talentov\u00e9 vlohy. Budou\u00acli jeho aktivitu rozv\u00edjet, po \u010dase v n\u00ed bude v dan\u00e9 aktivit\u011b p\u0159irozen\u011b lep\u0161\u00ed ne\u017e ostatn\u00ed d\u011bti. D\u00edky tomu poroste i jeho sebev\u011bdom\u00ed ale tak\u00e9 sebev\u011bdom\u00ed rodi\u010d\u016f a pocit hrdosti na sv\u00e9 d\u00edt\u011b.<\/p>\n<p>Soci\u00e1ln\u00ed pracovn\u00edci MCT CZ ran\u00e9 p\u00e9\u010de, tren\u00e9\u0159i plav\u00e1n\u00ed, asistenti pohybov\u00fdch aktivit, pom\u00e1haj\u00ed rodi\u010d\u016fm od nej\u00fatlej\u0161\u00edho v\u011bku v\u00e9st d\u011bti krok za krokem. Hledat cesty k p\u0159ijet\u00ed d\u00edt\u011bte s handicapem do rodiny a do spole\u010dnosti. Dot\u00fdk\u00e1 se to i probl\u00e9m\u016f hled\u00e1n\u00ed adekv\u00e1tn\u00ed p\u00e9\u010de, komunikace s l\u00e9ka\u0159i a v neposledn\u00ed \u0159ad\u011b i t\u011b\u017ekost\u00ed, kter\u00e9 kv\u016fli handicapu vlastn\u00edho d\u00edt\u011bte nast\u00e1vaj\u00ed ve vztahu k bl\u00edzk\u00fdm i v man\u017eelstv\u00ed, p\u0159\u00edpadn\u011b v partnersk\u00e9m vztahu.<br \/>\nHandicapovan\u00e9 d\u00edt\u011b pot\u0159ebuje p\u0159edev\u0161\u00edm: M\u00edt pocit, \u017ee je milov\u00e1no, a to bez podm\u00ednky. B\u00fdt p\u0159ij\u00edm\u00e1no v jeho p\u0159irozenosti a v n\u00ed by tak\u00e9 m\u011blo b\u00fdt podporov\u00e1no. D\u00edt\u011b by m\u011blo m\u00edt pocit, \u017ee je pro n\u00e1s d\u016fle\u017eit\u00e9, a tak\u00e9 m\u00edt sv\u00e9 m\u00edsto v rodin\u011b stejn\u011b jako ostatn\u00ed.<\/p>\n<p>Nezapom\u00edn\u00e1me tak\u00e9 na podporu d\u00edt\u011bte b\u011bhem jeho rozvoje talentu. Podporujeme rodi\u010de, aby byli u toho, kdy\u017e maj\u00ed prvn\u00ed z\u00e1vod nebo ve\u0159ejn\u00e9 vystoupen\u00ed. Podporujeme a odborn\u011b vedeme d\u011bti v aktivit\u011b, kter\u00e1 je bav\u00ed. V\u00fdsledkem je obrovsk\u00e1 radost d\u011bt\u00ed, dojet\u00ed rodi\u010d\u016f, kdy\u017e jsou p\u0159\u00edtomni p\u0159i jejich prvn\u00edch v\u00fdhr\u00e1ch. D\u011bti jsou jim za jejich podporu nesm\u00edrn\u011b vd\u011b\u010dn\u00e9.<\/p>\n<p>Jarka Hlav\u00e1\u010dkov\u00e1, koordin\u00e1tor MCTCZ Doma\u017elice<\/p>\n","protected":false},"excerpt":{"rendered":"<div class=\"mh-excerpt\"><p>V sobotu 25. \u0159\u00edjna se handicapovan\u00ed plavci z MCT CZ Doma\u017elice, z\u00fa\u010dastnili jubilejn\u00edho X. ro\u010dn\u00edku plaveck\u00fdch z\u00e1vod\u016f Jihlavsk\u00fd je\u017eek 2014 v baz\u00e9nu E. Ro\u0161ick\u00e9ho v <a class=\"mh-excerpt-more\" href=\"https:\/\/www.invarena.cz\/?p=18248\" title=\"Kluci n\u00e1s dojali a jsme na n\u011b py\u0161n\u00ed!\">[&#8230;]<\/a><\/p>\n<\/div>","protected":false},"author":1,"featured_media":0,"comment_status":"open","ping_status":"closed","sticky":false,"template":"","format":"standard","meta":{"footnotes":""},"categories":[9],"tags":[],"class_list":["post-18248","post","type-post","status-publish","format-standard","hentry","category-zpravy"],"_links":{"self":[{"href":"https:\/\/www.invarena.cz\/index.php?rest_route=\/wp\/v2\/posts\/18248","targetHints":{"allow":["GET"]}}],"collection":[{"href":"https:\/\/www.invarena.cz\/index.php?rest_route=\/wp\/v2\/posts"}],"about":[{"href":"https:\/\/www.invarena.cz\/index.php?rest_route=\/wp\/v2\/types\/post"}],"author":[{"embeddable":true,"href":"https:\/\/www.invarena.cz\/index.php?rest_route=\/wp\/v2\/users\/1"}],"replies":[{"embeddable":true,"href":"https:\/\/www.invarena.cz\/index.php?rest_route=%2Fwp%2Fv2%2Fcomments&post=18248"}],"version-history":[{"count":0,"href":"https:\/\/www.invarena.cz\/index.php?rest_route=\/wp\/v2\/posts\/18248\/revisions"}],"wp:attachment":[{"href":"https:\/\/www.invarena.cz\/index.php?rest_route=%2Fwp%2Fv2%2Fmedia&parent=18248"}],"wp:term":[{"taxonomy":"category","embeddable":true,"href":"https:\/\/www.invarena.cz\/index.php?rest_route=%2Fwp%2Fv2%2Fcategories&post=18248"},{"taxonomy":"post_tag","embeddable":true,"href":"https:\/\/www.invarena.cz\/index.php?rest_route=%2Fwp%2Fv2%2Ftags&post=18248"}],"curies":[{"name":"wp","href":"https:\/\/api.w.org\/{rel}","templated":true}]}}