{"id":1825,"date":"2013-03-05T08:15:06","date_gmt":"2013-03-05T07:15:06","guid":{"rendered":"http:\/\/www.invarena.cz\/?p=1825"},"modified":"2013-03-07T11:19:11","modified_gmt":"2013-03-07T10:19:11","slug":"kohoutova-ods-nabizi-pomocnou-ruku-mpsv","status":"publish","type":"post","link":"https:\/\/www.invarena.cz\/?p=1825","title":{"rendered":"Kohoutov\u00e1 nab\u00edz\u00ed pomocnou ruku MPSV"},"content":{"rendered":"<p>Lenka Kohoutov\u00e1 (na sn\u00edmku), \u010dlenka sn\u011bmovn\u00edho v\u00fdboru pro soci\u00e1ln\u00ed politiku za ODS , chce pomoci s \u0159e\u0161en\u00edm probl\u00e9m\u016f na Ministerstvu pr\u00e1ce a soci\u00e1ln\u00edch v\u011bc\u00ed, na kter\u00e9 se val\u00ed jeden probl\u00e9m za druh\u00fdm. Bude ale po ministryni po\u017eadovat n\u011bkter\u00e1 vysv\u011btlen\u00ed.<!--more--><br \/>\n<!--more--><br \/>\nNa MPSV se val\u00ed jeden probl\u00e9m za druh\u00fdm. Ministryn\u011b Ludmila M\u00fcllerov\u00e1 ale podle opozice a dokonce i podle koali\u010dn\u00edch partner\u016f situaci nen\u00ed schopna zvl\u00e1dat.<\/p>\n<p>Mus\u00ed \u0159e\u0161it chaos, kter\u00fd na ni zbyl po b\u00fdval\u00e9m ministru Dr\u00e1bkovi. Nejprve se jednalo o projekt sKaret, kter\u00fd do dnes nen\u00ed vy\u0159e\u0161en. A aby toho nebylo m\u00e1lo, tak p\u0159ed ned\u00e1vnem Antimonopoln\u00ed \u00fa\u0159ad zru\u0161il syst\u00e9m na v\u00fdplatu d\u00e1vek a na\u0159\u00eddil MPSV a\u0165 do p\u011bti m\u011bs\u00edc\u016f p\u0159ejde na nov\u00fd.<\/p>\n<p>&#8222;U\u017e dlouhodob\u011b Ministerstvu pr\u00e1ce a soci\u00e1ln\u00edch v\u011bc\u00ed nab\u00edz\u00edm pomocnou ruku s t\u00edm, jak se vypo\u0159\u00e1dat s probl\u00e9my, kter\u00e9 na MPSV zbyly po b\u00fdval\u00e9m veden\u00ed ministra Jarom\u00edra Dr\u00e1bka a jeho prvn\u00edho n\u00e1m\u011bstka Vladim\u00edra \u0160i\u0161ky,&#8220; uvedla pro Parlamentnilisty.cz Lenka Kohoutov\u00e1.<\/p>\n<p>Bude ale po ministryni po\u017eadovat n\u011bkter\u00e1 vysv\u011btlen\u00ed:<\/p>\n<p>&#8222;Nov\u00e1 ministryn\u011b pr\u00e1ce a soci\u00e1ln\u00edch v\u011bc\u00ed Ludmila M\u00fcllerov\u00e1 se ve \u010dtvrtek z\u00fa\u010dastn\u00ed zased\u00e1n\u00ed sn\u011bmovn\u00edho v\u00fdboru pro soci\u00e1ln\u00ed politiku. Budu od n\u00ed po\u017eadovat vysv\u011btlen\u00ed k nesm\u00edrn\u011b z\u00e1va\u017en\u00e9mu obvin\u011bn\u00ed sm\u011b\u0159uj\u00edc\u00edmu do obdob\u00ed, kdy byl ministrem jej\u00ed stranick\u00fd kolega z TOP 09 Jarom\u00edr Dr\u00e1bek; z\u00e1rove\u0148 j\u00ed chceme nab\u00eddnout pomoc se zvl\u00e1dnut\u00edm t\u011bchto probl\u00e9m\u016f.&#8220;<\/p>\n<p>Podle kohoutov\u00e9 je hlavn\u00ed, aby lid\u00e9 dost\u00e1vali sv\u00e9 soci\u00e1ln\u00ed d\u00e1vky, proto\u017ee deseti tis\u00edce lid\u00ed se na st\u00e1t spol\u00e9h\u00e1. St\u00e1t podle n\u00ed v \u017e\u00e1dn\u00e9m p\u0159\u00edpad\u011b nesm\u00ed lidi sklamat.<br \/>\nMysl\u00ed si v\u0161ak, \u017ee 5 m\u011bs\u00edc\u016f, kter\u00e9 dal Antimonopoln\u00ed \u00fa\u0159ad na zm\u011bnu syst\u00e9mu na v\u00fdplatu d\u00e1vek, je p\u0159\u00edli\u0161 kr\u00e1tk\u00e1 doba na to, aby situaci pan\u00ed ministryn\u011b zvl\u00e1dla sama a tak douf\u00e1, \u017ee pomoc p\u0159ijme.<\/p>\n<p>Byla to ale pr\u00e1v\u011b Lenka Kohoutov\u00e1, kter\u00e1 p\u0159ed ned\u00e1vnem pr\u00e1ci Ludmily M\u00fcllerov\u00e9 kritizovala, proto je ot\u00e1zkou, zda bude cht\u00edt M\u00fcllerov\u00e1 spolupracovat pr\u00e1v\u011b s n\u00ed.<\/p>\n<p>invArena<\/p>\n","protected":false},"excerpt":{"rendered":"<div class=\"mh-excerpt\"><p>Lenka Kohoutov\u00e1 (na sn\u00edmku), \u010dlenka sn\u011bmovn\u00edho v\u00fdboru pro soci\u00e1ln\u00ed politiku za ODS , chce pomoci s \u0159e\u0161en\u00edm probl\u00e9m\u016f na Ministerstvu pr\u00e1ce a soci\u00e1ln\u00edch v\u011bc\u00ed, na <a class=\"mh-excerpt-more\" href=\"https:\/\/www.invarena.cz\/?p=1825\" title=\"Kohoutov\u00e1 nab\u00edz\u00ed pomocnou ruku MPSV\">[&#8230;]<\/a><\/p>\n<\/div>","protected":false},"author":1,"featured_media":1829,"comment_status":"open","ping_status":"open","sticky":false,"template":"","format":"standard","meta":{"footnotes":""},"categories":[6],"tags":[],"class_list":["post-1825","post","type-post","status-publish","format-standard","has-post-thumbnail","hentry","category-politika"],"_links":{"self":[{"href":"https:\/\/www.invarena.cz\/index.php?rest_route=\/wp\/v2\/posts\/1825","targetHints":{"allow":["GET"]}}],"collection":[{"href":"https:\/\/www.invarena.cz\/index.php?rest_route=\/wp\/v2\/posts"}],"about":[{"href":"https:\/\/www.invarena.cz\/index.php?rest_route=\/wp\/v2\/types\/post"}],"author":[{"embeddable":true,"href":"https:\/\/www.invarena.cz\/index.php?rest_route=\/wp\/v2\/users\/1"}],"replies":[{"embeddable":true,"href":"https:\/\/www.invarena.cz\/index.php?rest_route=%2Fwp%2Fv2%2Fcomments&post=1825"}],"version-history":[{"count":0,"href":"https:\/\/www.invarena.cz\/index.php?rest_route=\/wp\/v2\/posts\/1825\/revisions"}],"wp:featuredmedia":[{"embeddable":true,"href":"https:\/\/www.invarena.cz\/index.php?rest_route=\/wp\/v2\/media\/1829"}],"wp:attachment":[{"href":"https:\/\/www.invarena.cz\/index.php?rest_route=%2Fwp%2Fv2%2Fmedia&parent=1825"}],"wp:term":[{"taxonomy":"category","embeddable":true,"href":"https:\/\/www.invarena.cz\/index.php?rest_route=%2Fwp%2Fv2%2Fcategories&post=1825"},{"taxonomy":"post_tag","embeddable":true,"href":"https:\/\/www.invarena.cz\/index.php?rest_route=%2Fwp%2Fv2%2Ftags&post=1825"}],"curies":[{"name":"wp","href":"https:\/\/api.w.org\/{rel}","templated":true}]}}