{"id":18256,"date":"2014-11-05T01:33:37","date_gmt":"2014-11-05T00:33:37","guid":{"rendered":"http:\/\/www.invarena.cz\/?p=18256"},"modified":"2014-11-05T13:34:53","modified_gmt":"2014-11-05T12:34:53","slug":"konci-mi-podpurci-doba-a-pritom-mam-nastoupit-do-nemocnice-co-mam-delat","status":"publish","type":"post","link":"https:\/\/www.invarena.cz\/?p=18256","title":{"rendered":"Kon\u010d\u00ed mi podp\u016fr\u010d\u00ed doba a p\u0159itom m\u00e1m nastoupit do nemocnice. Co m\u00e1m d\u011blat?"},"content":{"rendered":"<p><strong>Kon\u010d\u00ed mi podp\u016fr\u010d\u00ed doba p\u0159i DPN. Posudkov\u00fd l\u00e9ka\u0159 mi \u0159ekl, \u017ee se m\u00e1m j\u00edt hl\u00e1sit na \u00fa\u0159ad pr\u00e1ce. M\u016fj zdravotn\u00ed stav se ale nezlep\u0161il a dokonce m\u00e1m hned druh\u00fd den po ukon\u010den\u00ed podp\u016fr\u010d\u00ed doby nastoupit do nemocnice. Co m\u00e1m d\u011blat?<\/strong><br \/>\n<em><!--more--><\/em><br \/>\n<em><strong> Cel\u00fd dotaz:<\/strong><\/em><br \/>\n<em> V lednu tohoto roku jsem m\u011bla pracovn\u00ed \u00faraz \u2013 vyvrtnut\u00ed kr\u010dn\u00ed p\u00e1te\u0159e.N\u00e1sledn\u011b po tomto \u00faraze mi vyvstaly v\u00e1\u017en\u00e9 zdravotn\u00ed probl\u00e9my, kter\u00e9 se projevuj\u00ed krutou k\u0159e\u010d\u00ed do hlavy, parest\u00e9ze PHK, mot\u00e1n\u00ed apod. Vy\u0161et\u0159en\u00edm na magnet. Rezonanci a RTG bylo zji\u0161t\u011bno, \u017ee do\u0161lo k usk\u0159\u00edpnut\u00ed ocipit\u00e1ln\u00edch nerv\u016f a m\u00edchy, ale sou\u010dasn\u011b bylo d\u00edky tomuto vy\u0161et\u0159en\u00ed i zji\u0161t\u011bno, \u017ee m\u00e1m na p\u00e1te\u0159i C degenerativn\u00ed zm\u011bny, o kter\u00fdch jsem bohu\u017eel do \u00farazu nev\u011bd\u011bla..M\u016fj zam\u011bstnavatel mne v b\u0159eznu tohoto roku propustil v nemocensk\u00e9m stavu, bez ud\u00e1n\u00ed d\u016fvodu, jen mi bylo \u00fastn\u011b sd\u011bleno, \u017ee pan\u00ed, za kterou jsem byla p\u0159ijata po dobu jej\u00ed MD se vr\u00e1tila. Ta pan\u00ed chodila do pr\u00e1ce cca 14 dn\u00ed a op\u011bt nastoupila na MD,b\u011bhem t\u00e9to doby jsem obdr\u017eela v\u00fdpov\u011b\u010f. Aby toho nebylo m\u00e1lo, tak dnes jsem byla na doporu\u010den\u00ed l\u00e9ka\u0159e a dlouhodob\u00e9 l\u00e9\u010dby, kter\u00e1 se nijak nezlep\u0161ila, na L\u00e9ka\u0159sk\u00e9 posudkov\u00e9 komisi o p\u0159izn\u00e1n\u00ed invalidn\u00edho d\u016fchodu a l\u00e9ka\u0159 p\u0159esto, \u017ee jsem v Ambulanci bolesti a na opi\u00e1tech (DHC) + pl\u00e1novan\u00e9 dal\u0161\u00ed kontroly na upraven\u00ed medikace, nebo\u0165 mi moc nepom\u00e1haj\u00ed + pl\u00e1novan\u00e9 hospitalizaci v Nov\u00e9 Vsi pod Ple\u0161\u00ed s fyzioter. programem, rozhodl o ukon\u010den\u00ed nemocensk\u00e9, kterou m\u00e1m z d\u016fvodu prac. \u00farazu a abych se p\u0159ihl\u00e1sila na \u00daP, proto\u017ee mi kon\u010d\u00ed podp\u016fr\u010d\u00ed doba a \u017ee odro\u010duj\u00ed vyj\u00e1d\u0159en\u00ed LPK a\u017e budu m\u00edt po hospitalizaci a l\u00e9ka\u0159skou zpr\u00e1vu z Ple\u0161e\u2026. Jsem \u00fapln\u011b zoufal\u00e1, proto\u017ee se domn\u00edv\u00e1m, \u017ee nen\u00ed spr\u00e1vn\u00e1 cesta ukon\u010dit nemocenskou, pokud nejsem v po\u0159\u00e1dku, m\u00e1m st\u00e1le bolesti a vlastn\u011b tento zdravotn\u00ed probl\u00e9m vyvstal na z\u00e1klad\u011b pracovn\u00edho \u00farazu\u2026 Co m\u00e1m d\u011blat, pros\u00edm, jak postupovat d\u00e1l?? Podp\u016fr\u010d\u00ed doba mi kon\u010d\u00ed 23.11.14 a k hospitalizaci na Ple\u0161i se m\u00e1m dostavit 24.11.14. Mezit\u00edm bych se ale m\u011bla nahl\u00e1sit dle posudkov\u00e9ho l\u00e9ka\u0159e na \u00daP\u2026 Pros\u00edm, pora\u010fte mi\u2026.<\/em><\/p>\n<p><strong>Odpov\u011b\u010f:<\/strong><br \/>\nPodp\u016fr\u010d\u00ed dobu neboli tak\u00e9 obdob\u00ed, po kter\u00e9 V\u00e1m bude vypl\u00e1ceno nemocensk\u00e9 m\u016f\u017ee posudkov\u00fd l\u00e9ka\u0159 ukon\u010dit nebo rozhodnout o jeho neprodlou\u017een\u00ed pr\u00e1v\u011b v p\u0159\u00edpadech, kdy zdravotn\u00ed stav posuzovan\u00e9 osoby nevykazuje \u017e\u00e1dn\u00e9 velk\u00e9 zlep\u0161en\u00ed a ani se v nejbli\u017e\u0161\u00edch m\u011bs\u00edc\u00edch neo\u010dek\u00e1v\u00e1.<\/p>\n<p>Pokud V\u00e1m byla zru\u0161ena i do\u010dasn\u00e1 pracovn\u00ed neschopnost, neznamen\u00e1 to, \u017ee se mus\u00edte j\u00edt hl\u00e1sit na \u00fa\u0159ad pr\u00e1ce. To je Va\u0161e pr\u00e1vo ne povinnost.<\/p>\n<p>Dokonce by V\u00e1s ani do evidence uchaze\u010d\u016f o zam\u011bstn\u00e1n\u00ed nezapsali, proto\u017ee dle Va\u0161eho vyj\u00e1d\u0159en\u00ed hned druh\u00fd den po ukon\u010den\u00ed DPN m\u00e1te nastoupit do zdravotnick\u00e9ho za\u0159\u00edzen\u00ed tzn. Budete znovu do\u010dasn\u011b pr\u00e1ce neschopna.<\/p>\n<p>Nejl\u00e9pe ud\u011bl\u00e1te, kdy\u017e se porad\u00edte s Va\u0161\u00edm o\u0161et\u0159uj\u00edc\u00edm l\u00e9ka\u0159em a ten V\u00e1m v\u0161e vysv\u011btl\u00ed, proto\u017ee ke24. 11. 2014 by V\u00e1m m\u011bl prodlou\u017eit DPN z d\u016fvodu Va\u0161eho n\u00e1stupu do zdravotnick\u00e9ho za\u0159\u00edzen\u00ed.<\/p>\n<p>Proti ukon\u010den\u00ed podp\u016fr\u010d\u00ed doby se v\u0161ak m\u016f\u017eete odvolat.<\/p>\n<p>Odvol\u00e1n\u00ed mus\u00edte podat do patn\u00e1cti dn\u016f od data doru\u010den\u00ed rozhodnut\u00ed o ukon\u010den\u00ed podp\u016fr\u010d\u00ed doby. Odvol\u00e1n\u00ed se pod\u00e1v\u00e1 k \u010cesk\u00e9 spr\u00e1v\u011b soci\u00e1ln\u00edho zabezpe\u010den\u00ed prost\u0159ednictv\u00edm p\u0159\u00edslu\u0161n\u00e9 okresn\u00ed spr\u00e1vy soci\u00e1ln\u00edho zabezpe\u010den\u00ed.<\/p>\n<p>V odvol\u00e1n\u00ed uve\u010fte Va\u0161e jm\u00e9no, rodn\u00e9 \u010d\u00edslo a m\u00edsto bydli\u0161t\u011b, kam V\u00e1m n\u00e1sledn\u011b \u010cSSZ za\u0161le rozhodnut\u00ed o odvol\u00e1n\u00ed. D\u00e1le uve\u010fte jak\u00fd org\u00e1n o ukon\u010den\u00ed rozhodl, ve Va\u0161em p\u0159\u00edpad\u011b je to va\u0161e OSSZ, d\u016fle\u017eit\u00e9 je uv\u00e9st \u010d\u00edslo jednac\u00ed a datum, kdy bylo rozhodnut\u00ed vyd\u00e1no. A nakonec uve\u010fte Va\u0161e argumenty proti rozhodnut\u00ed OSSZ.<\/p>\n<p><strong>Pro \u00faplnost p\u0159ikl\u00e1d\u00e1m uveden\u00e9 p\u0159\u00edpady, kdy je o\u0161et\u0159uj\u00edc\u00ed l\u00e9ka\u0159 opr\u00e1vn\u011bn prohl\u00e1sit \u010dlov\u011bka za do\u010dasn\u011b pr\u00e1ce neschopn\u00e9ho ze z\u00e1kona \u010d. 187\/2006 Sb., o nemocensk\u00e9m poji\u0161t\u011bn\u00ed.<\/strong><\/p>\n<p><em><strong>O\u0161et\u0159uj\u00edc\u00ed l\u00e9ka\u0159 rozhodne o vzniku DPN<\/strong><\/em><br \/>\n\u2022 poji\u0161t\u011bnce, jestli\u017ee vy\u0161et\u0159en\u00edm zjist\u00ed, \u017ee mu jeho zdravotn\u00ed stav pro nemoc nebo \u00faraz nedovoluje vykon\u00e1vat dosavadn\u00ed poji\u0161t\u011bnou \u010dinnost, pop\u0159\u00edpad\u011b, jde-li o vznik DPN v ochrann\u00e9 lh\u016ft\u011b, plnit povinnosti uchaze\u010de o zam\u011bstn\u00e1n\u00ed, a to i kdy\u017e poji\u0161t\u011bnec nen\u00ed uchaze\u010dem o zam\u011bstn\u00e1n\u00ed,<br \/>\n\u2022 poji\u0161t\u011bnce, kter\u00fd byl p\u0159ijat do \u00fastavn\u00ed p\u00e9\u010de v nemocnici nebo odborn\u00e9m l\u00e9\u010debn\u00e9m \u00fastavu nebo kter\u00e9mu byla na z\u00e1klad\u011b ve\u0159ejn\u00e9ho zdravotn\u00edho poji\u0161t\u011bn\u00ed poskytnuta komplexn\u00ed l\u00e1ze\u0148sk\u00e1 p\u00e9\u010de,<br \/>\n\u2022 poji\u0161t\u011bnce, kter\u00fd byl p\u0159ijat do zdravotnick\u00e9ho za\u0159\u00edzen\u00ed jako pr\u016fvodce nezletil\u00e9ho d\u00edt\u011bte p\u0159ijat\u00e9ho do l\u016f\u017ekov\u00e9 p\u00e9\u010de, s v\u00fdjimkou poji\u0161t\u011bnce, kter\u00fd m\u00e1 n\u00e1rok na v\u00fdplatu pen\u011b\u017eit\u00e9 pomoci v mate\u0159stv\u00ed,<br \/>\n\u2022 poji\u0161t\u011bnce, kter\u00fd nem\u016f\u017ee pro po\u0161kozen\u00ed nebo ztr\u00e1tu ortopedick\u00e9 nebo kompenza\u010dn\u00ed pom\u016fcky vykon\u00e1vat dosavadn\u00ed poji\u0161t\u011bnou \u010dinnost, pop\u0159\u00edpad\u011b, jde-li o vznik DPN v ochrann\u00e9 lh\u016ft\u011b, plnit povinnosti uchaze\u010de o zam\u011bstn\u00e1n\u00ed, a to i kdy\u017e poji\u0161t\u011bnec nen\u00ed uchaze\u010dem o zam\u011bstn\u00e1n\u00ed,<br \/>\n\u2022 poji\u0161t\u011bnce v dob\u011b n\u00e1roku na v\u00fdplatu pen\u011b\u017eit\u00e9 pomoci v mate\u0159stv\u00ed, jestli\u017ee mu z\u00e1va\u017en\u00e9 dlouhodob\u00e9 onemocn\u011bn\u00ed znemo\u017e\u0148uje pe\u010dovat o d\u00edt\u011b, dlouhodob\u00fdm onemocn\u011bn\u00edm se pro \u00fa\u010dely tohoto z\u00e1kona rozum\u00ed takov\u00e9 onemocn\u011bn\u00ed, kter\u00e9 podle poznatk\u016f l\u00e9ka\u0159sk\u00e9 v\u011bdy m\u00e1 trvat d\u00e9le ne\u017e jeden m\u011bs\u00edc,<br \/>\n\u2022 poji\u0161t\u011bnky, kter\u00e1 dolo\u017eila potvrzen\u00edm org\u00e1nu nemocensk\u00e9ho poji\u0161t\u011bn\u00ed, \u017ee nem\u00e1 n\u00e1rok na pen\u011b\u017eitou pomoc v mate\u0159stv\u00ed z \u017e\u00e1dn\u00e9 poji\u0161t\u011bn\u00e9 \u010dinnosti, a to od po\u010d\u00e1tku \u0161est\u00e9ho t\u00fddne p\u0159ed o\u010dek\u00e1van\u00fdm dnem porodu.<\/p>\n<p>Ji\u0159\u00ed Marek<br \/>\ninvArena<\/p>\n<p>ilustra\u010dn\u00ed foto: Flickr.com<\/p>\n","protected":false},"excerpt":{"rendered":"<div class=\"mh-excerpt\"><p>Kon\u010d\u00ed mi podp\u016fr\u010d\u00ed doba p\u0159i DPN. Posudkov\u00fd l\u00e9ka\u0159 mi \u0159ekl, \u017ee se m\u00e1m j\u00edt hl\u00e1sit na \u00fa\u0159ad pr\u00e1ce. M\u016fj zdravotn\u00ed stav se ale nezlep\u0161il a <a class=\"mh-excerpt-more\" href=\"https:\/\/www.invarena.cz\/?p=18256\" title=\"Kon\u010d\u00ed mi podp\u016fr\u010d\u00ed doba a p\u0159itom m\u00e1m nastoupit do nemocnice. Co m\u00e1m d\u011blat?\">[&#8230;]<\/a><\/p>\n<\/div>","protected":false},"author":3,"featured_media":15420,"comment_status":"open","ping_status":"closed","sticky":false,"template":"","format":"standard","meta":{"footnotes":""},"categories":[18],"tags":[],"class_list":["post-18256","post","type-post","status-publish","format-standard","has-post-thumbnail","hentry","category-poradna"],"_links":{"self":[{"href":"https:\/\/www.invarena.cz\/index.php?rest_route=\/wp\/v2\/posts\/18256","targetHints":{"allow":["GET"]}}],"collection":[{"href":"https:\/\/www.invarena.cz\/index.php?rest_route=\/wp\/v2\/posts"}],"about":[{"href":"https:\/\/www.invarena.cz\/index.php?rest_route=\/wp\/v2\/types\/post"}],"author":[{"embeddable":true,"href":"https:\/\/www.invarena.cz\/index.php?rest_route=\/wp\/v2\/users\/3"}],"replies":[{"embeddable":true,"href":"https:\/\/www.invarena.cz\/index.php?rest_route=%2Fwp%2Fv2%2Fcomments&post=18256"}],"version-history":[{"count":0,"href":"https:\/\/www.invarena.cz\/index.php?rest_route=\/wp\/v2\/posts\/18256\/revisions"}],"wp:featuredmedia":[{"embeddable":true,"href":"https:\/\/www.invarena.cz\/index.php?rest_route=\/wp\/v2\/media\/15420"}],"wp:attachment":[{"href":"https:\/\/www.invarena.cz\/index.php?rest_route=%2Fwp%2Fv2%2Fmedia&parent=18256"}],"wp:term":[{"taxonomy":"category","embeddable":true,"href":"https:\/\/www.invarena.cz\/index.php?rest_route=%2Fwp%2Fv2%2Fcategories&post=18256"},{"taxonomy":"post_tag","embeddable":true,"href":"https:\/\/www.invarena.cz\/index.php?rest_route=%2Fwp%2Fv2%2Ftags&post=18256"}],"curies":[{"name":"wp","href":"https:\/\/api.w.org\/{rel}","templated":true}]}}