{"id":18263,"date":"2014-11-06T08:48:14","date_gmt":"2014-11-06T07:48:14","guid":{"rendered":"http:\/\/www.invarena.cz\/?p=18263"},"modified":"2014-11-06T08:48:14","modified_gmt":"2014-11-06T07:48:14","slug":"vzp-da-prispevek-dva-tisice-na-ockovani-proti-meningokoku","status":"publish","type":"post","link":"https:\/\/www.invarena.cz\/?p=18263","title":{"rendered":"VZP d\u00e1 p\u0159\u00edsp\u011bvek dva tis\u00edce na o\u010dkov\u00e1n\u00ed proti meningokoku"},"content":{"rendered":"<p><b>Rodi\u010de d\u011bt\u00ed star\u0161\u00edch 11 let, kte\u0159\u00ed cht\u011bj\u00ed od VZP z\u00edskat pro n\u011b p\u0159\u00edsp\u011bvek 2 tis\u00edce korun na o\u010dkov\u00e1n\u00ed proti smrt\u00edc\u00ed meningokokov\u00e9 infekci, by si m\u011bli posp\u00ed\u0161it. Vzhledem k\u00a0tomu, \u017ee akce trv\u00e1 jen do konce roku, maj\u00ed z\u00e1jemci o p\u0159\u00edsp\u011bvek na o\u010dkov\u00e1n\u00ed \u010das u\u017e jen \u010dty\u0159i t\u00fddny.<\/b><!--more--><\/p>\n<p><em>ilustra\u010dn\u00ed foto: Brian Hoskins sxc.hu<\/em><\/p>\n<p><b>O\u010dkov\u00e1n\u00ed je toti\u017e dvoud\u00e1vkov\u00e9 a p\u0159\u00edsp\u011bvek poji\u0161\u0165ovna vypl\u00e1c\u00ed a\u017e po druh\u00e9 d\u00e1vce vakc\u00edny Bexsero.\u00a0 Mezi prvn\u00ed a druhou d\u00e1vkou mus\u00ed b\u00fdt u d\u011bt\u00ed ve v\u011bku 11 a\u017e 18 let m\u011bs\u00ed\u010dn\u00ed rozestup. Vzhledem k\u00a0tomu, \u017ee akce trv\u00e1 jen do konce roku, maj\u00ed tedy z\u00e1jemci o p\u0159\u00edsp\u011bvek na o\u010dkov\u00e1n\u00ed \u010das u\u017e jen \u010dty\u0159i t\u00fddny.<\/b><\/p>\n<p align=\"justify\"><span style=\"font-family: Calibri,sans-serif;\"><span style=\"font-size: small;\"><span style=\"font-family: Times New Roman,serif;\"><span style=\"font-size: medium;\">Pr\u00e1v\u011b ml\u00e1de\u017e v\u00a0pubert\u011b pat\u0159\u00ed mezi skupiny, kter\u00e9 jsou meningokokem B ohro\u017eeny nejv\u00edce. Bakterie se \u0161\u00ed\u0159\u00ed kap\u00e9nkovou infekc\u00ed a po\u010d\u00e1te\u010dn\u00ed p\u0159\u00edznaky jsou jen t\u011b\u017ece odli\u0161iteln\u00e9 nap\u0159. od ch\u0159ipky. Pr\u016fb\u011bh je velmi rychl\u00fd, meningokokov\u00e1 sepse je nejrychlej\u0161\u00ed smrt\u00edc\u00ed infek\u010dn\u00ed onemocn\u011bn\u00ed v\u016fbec.<\/span><\/span><\/span><\/span><\/p>\n<p align=\"justify\"><span style=\"font-family: Calibri,sans-serif;\"><span style=\"font-size: small;\"><span style=\"font-family: Times New Roman,serif;\"><span style=\"font-size: medium;\">Bez okam\u017eit\u00e9 l\u00e9\u010dby hroz\u00ed v\u00e1\u017en\u00e9 n\u00e1sledky jako nap\u0159\u00edklad amputace kon\u010detin, ztr\u00e1ta sluchu, ment\u00e1ln\u00ed porucha \u010di selh\u00e1n\u00ed ledvin. Za posledn\u00ed t\u0159i roky zaznamenali l\u00e9ka\u0159i v\u00a0\u010cesku 188\u00a0p\u0159\u00edpad\u016f invazivn\u00edho meningokokov\u00e9ho onemocn\u011bn\u00ed, z\u00a0nich\u017e 15 skon\u010dilo smrt\u00ed. Ta m\u016f\u017ee v\u00a0krajn\u00edch p\u0159\u00edpadech nastat do 24 hodin.<\/span><\/span><\/span><\/span><\/p>\n<p align=\"justify\"><span style=\"font-family: Calibri,sans-serif;\"><span style=\"font-size: small;\"><span style=\"font-family: Times New Roman,serif;\"><span style=\"font-size: medium;\">VZP se sna\u017e\u00ed pomoci chr\u00e1nit ty, kdo jsou nejv\u00edce ohro\u017eenou skupinou. Od poloviny z\u00e1\u0159\u00ed proto letos nab\u00eddla \u010dlen\u016fm sv\u00e9ho <\/span><\/span><span style=\"color: #0000ff;\"><span style=\"text-decoration: underline;\"><a href=\"http:\/\/www.klubpevnehozdravi.cz\/\"><span style=\"font-family: Times New Roman,serif;\"><span style=\"font-size: medium;\">Klubu pevn\u00e9ho zdrav\u00ed<\/span><\/span><\/a><\/span><\/span><span style=\"font-family: Times New Roman,serif;\"><span style=\"font-size: medium;\"> ve v\u011bku od 6 m\u011bs\u00edc\u016f do 18 let na nepovinn\u00e9 <\/span><\/span><span style=\"color: #0000ff;\"><span style=\"text-decoration: underline;\"><a href=\"http:\/\/klubpevnehozdravi.cz\/ockovani-proti-meningokoku\/\"><span style=\"font-family: Times New Roman,serif;\"><span style=\"font-size: medium;\">o\u010dkov\u00e1n\u00ed proti meningokoku B<\/span><\/span><\/a><\/span><\/span><span style=\"font-family: Times New Roman,serif;\"><span style=\"font-size: medium;\"> mimo\u0159\u00e1dn\u00fd p\u0159\u00edsp\u011bvek. Jde o naprostou novinku \u2013 vakc\u00edna je v\u00a0\u010cR teprve od leto\u0161n\u00edho dubna. Dodnes je k\u00a0dispozici pouze v\u00a018 zem\u00edch sv\u011bta.<\/span><\/span><\/span><\/span><\/p>\n<p align=\"justify\"><span style=\"font-family: Calibri,sans-serif;\"><span style=\"font-size: small;\"><span style=\"font-family: Times New Roman,serif;\"><span style=\"font-size: medium;\">Pro z\u00e1kladn\u00ed o\u010dkov\u00e1n\u00ed jsou nutn\u00e9 dv\u011b d\u00e1vky. P\u0159\u00edsp\u011bvek 2 000 korun bude proto VZP vypl\u00e1cet v\u00fdhradn\u011b pot\u00e9, co budou m\u00edt d\u011bti ob\u011b d\u00e1vky vakc\u00edny Bexsero aplikovan\u00e9 od praktick\u00e9ho l\u00e9ka\u0159e pro d\u011bti a dorost. Pouze v ordinaci t\u011bchto l\u00e9ka\u0159\u016f je garantov\u00e1na speci\u00e1ln\u00ed cena o\u010dkovac\u00ed l\u00e1tky pro poji\u0161t\u011bnce VZP.<\/span><\/span><\/span><\/span><\/p>\n<p align=\"justify\"><span style=\"font-family: Calibri,sans-serif;\"><span style=\"font-size: small;\"><span style=\"font-family: Times New Roman,serif;\"><span style=\"font-size: medium;\">Nab\u00eddka je ur\u010dena pro prvn\u00edch p\u011bt tis\u00edc z\u00e1jemc\u016f. \u017dadatel o p\u0159\u00edsp\u011bvek mus\u00ed p\u0159i \u017e\u00e1dosti o jeho vyplacen\u00ed dolo\u017eit poji\u0161\u0165ovn\u011b origin\u00e1l dokladu o n\u00e1kupu vakc\u00edny a doklad o aplikaci. \u017d\u00e1dost m\u016f\u017ee podat na kter\u00e9koliv pobo\u010dce VZP.<\/span><\/span><\/span><\/span><\/p>\n<p align=\"justify\"><span style=\"font-family: Times New Roman,serif;\"><span style=\"font-size: medium;\">Cena jedn\u00e9 d\u00e1vky vakc\u00edny Bexsero se pohybuje kolem 2 800 korun. Rodi\u010d tedy mus\u00ed nejprve zaplatit 5 600 za dv\u011b d\u00e1vky p\u0159\u00edpravku, nechat je d\u00edt\u011bti aplikovat a pot\u00e9 m\u016f\u017ee po\u017e\u00e1dat VZP <\/span><\/span><\/p>\n<p align=\"justify\"><span style=\"font-family: Calibri,sans-serif;\"><span style=\"font-size: small;\"><span style=\"font-family: Times New Roman,serif;\"><span style=\"font-size: medium;\">o p\u0159\u00edsp\u011bvek 2 000 korun. Celkem ho tak ochrana d\u00edt\u011bte p\u0159ed meningokokem B, kter\u00fd m\u016f\u017ee b\u00fdt p\u0159\u00ed\u010dinou smrteln\u00e9 infekce, vyjde p\u0159ibli\u017en\u011b na 3 600 korun.<\/span><\/span><\/span><\/span><\/p>\n<p align=\"justify\"><span style=\"font-family: Calibri,sans-serif;\"><span style=\"font-size: small;\"><span style=\"font-family: Times New Roman,serif;\"><span style=\"font-size: medium;\">Krom\u011b ml\u00e1de\u017ee v\u00a0pubert\u00e1ln\u00edm v\u011bku pat\u0159\u00ed k\u00a0ohro\u017een\u00fdm skupin\u00e1m rovn\u011b\u017e mlad\u0161\u00ed d\u011bti. I pro n\u011b plat\u00ed nab\u00eddka VZP. U d\u011bt\u00ed do 11 let ov\u0161em mus\u00ed b\u00fdt rozestup mezi prvn\u00ed a druhou d\u00e1vkou dva m\u011bs\u00edce, tak\u017ee prvn\u00ed d\u00e1vku musely dostat do konce \u0159\u00edjna. V\u00a0opa\u010dn\u00e9m p\u0159\u00edpad\u011b se toti\u017e nestihnou nao\u010dkovat druhou d\u00e1vkou do konce roku, kdy vypl\u00e1cen\u00ed p\u0159\u00edsp\u011bvku kon\u010d\u00ed.<\/span><\/span><\/span><\/span><\/p>\n<p align=\"justify\"><span style=\"font-family: Arial,sans-serif;\"><span style=\"font-size: small;\"><b>Mgr. Old\u0159ich Tich\u00fd<\/b><\/span><\/span><\/p>\n<p lang=\"cs-CZ\" align=\"justify\"><span style=\"font-family: Arial,sans-serif;\"><span style=\"font-size: small;\">vedouc\u00ed tiskov\u00e9ho odd\u011blen\u00ed a tiskov\u00fd mluv\u010d\u00ed<\/span><\/span><\/p>\n","protected":false},"excerpt":{"rendered":"<div class=\"mh-excerpt\"><p>Rodi\u010de d\u011bt\u00ed star\u0161\u00edch 11 let, kte\u0159\u00ed cht\u011bj\u00ed od VZP z\u00edskat pro n\u011b p\u0159\u00edsp\u011bvek 2 tis\u00edce korun na o\u010dkov\u00e1n\u00ed proti smrt\u00edc\u00ed meningokokov\u00e9 infekci, by si m\u011bli <a class=\"mh-excerpt-more\" href=\"https:\/\/www.invarena.cz\/?p=18263\" title=\"VZP d\u00e1 p\u0159\u00edsp\u011bvek dva tis\u00edce na o\u010dkov\u00e1n\u00ed proti meningokoku\">[&#8230;]<\/a><\/p>\n<\/div>","protected":false},"author":1,"featured_media":14172,"comment_status":"open","ping_status":"closed","sticky":false,"template":"","format":"standard","meta":{"footnotes":""},"categories":[11],"tags":[],"class_list":["post-18263","post","type-post","status-publish","format-standard","has-post-thumbnail","hentry","category-zdravi"],"_links":{"self":[{"href":"https:\/\/www.invarena.cz\/index.php?rest_route=\/wp\/v2\/posts\/18263","targetHints":{"allow":["GET"]}}],"collection":[{"href":"https:\/\/www.invarena.cz\/index.php?rest_route=\/wp\/v2\/posts"}],"about":[{"href":"https:\/\/www.invarena.cz\/index.php?rest_route=\/wp\/v2\/types\/post"}],"author":[{"embeddable":true,"href":"https:\/\/www.invarena.cz\/index.php?rest_route=\/wp\/v2\/users\/1"}],"replies":[{"embeddable":true,"href":"https:\/\/www.invarena.cz\/index.php?rest_route=%2Fwp%2Fv2%2Fcomments&post=18263"}],"version-history":[{"count":0,"href":"https:\/\/www.invarena.cz\/index.php?rest_route=\/wp\/v2\/posts\/18263\/revisions"}],"wp:featuredmedia":[{"embeddable":true,"href":"https:\/\/www.invarena.cz\/index.php?rest_route=\/wp\/v2\/media\/14172"}],"wp:attachment":[{"href":"https:\/\/www.invarena.cz\/index.php?rest_route=%2Fwp%2Fv2%2Fmedia&parent=18263"}],"wp:term":[{"taxonomy":"category","embeddable":true,"href":"https:\/\/www.invarena.cz\/index.php?rest_route=%2Fwp%2Fv2%2Fcategories&post=18263"},{"taxonomy":"post_tag","embeddable":true,"href":"https:\/\/www.invarena.cz\/index.php?rest_route=%2Fwp%2Fv2%2Ftags&post=18263"}],"curies":[{"name":"wp","href":"https:\/\/api.w.org\/{rel}","templated":true}]}}