{"id":18271,"date":"2014-11-06T13:56:40","date_gmt":"2014-11-06T12:56:40","guid":{"rendered":"http:\/\/www.invarena.cz\/?p=18271"},"modified":"2014-11-06T13:56:40","modified_gmt":"2014-11-06T12:56:40","slug":"sumava-se-vice-otevre-postizenym","status":"publish","type":"post","link":"https:\/\/www.invarena.cz\/?p=18271","title":{"rendered":"\u0160umava se v\u00edce otev\u0159e posti\u017een\u00fdm"},"content":{"rendered":"<p><strong>Posti\u017een\u00ed lid\u00e9 maj\u00ed st\u00e1le v\u00edce mo\u017enost\u00ed pozn\u00e1vat kr\u00e1sy \u0160umavy. Dal\u0161\u00ed dobrou zpr\u00e1vo pro n\u011b je, \u017ee Spr\u00e1va N\u00e1rodn\u00edho parku a chr\u00e1n\u011bn\u00e9 krajinn\u00e9 oblasti \u0160umava nav\u00e1zala \u00fazkou spolupr\u00e1ci s nest\u00e1tn\u00ed neziskovou organizac\u00ed &#8222;Pro rozvoj \u0160umavy&#8220;, kter\u00e1 se zab\u00fdv\u00e1 podporou hendikepovan\u00fdch spoluob\u010dan\u016f v oblasti volno\u010dasov\u00fdch aktivit a sportu.<\/strong><!--more--><\/p>\n<p>Pokra\u010duje tak v zapo\u010dat\u00e9m trendu zp\u0159\u00edstupn\u011bn\u00ed \u0160umavy pro osoby se zdravotn\u00edm posti\u017een\u00edm.<\/p>\n<p>Organizace &#8222;Pro rozvoj \u0160umavy&#8220; se Spr\u00e1vou NP a CHKO \u0160umava uzav\u0159ela memorandum k vytvo\u0159en\u00ed partnerstv\u00ed, vz\u00e1jemn\u00e9 podpo\u0159e a spolupr\u00e1ci. Jeho c\u00edlem je, krom\u011b jin\u00e9ho, vytv\u00e1\u0159en\u00ed ucelen\u00e9ho syst\u00e9mu pro hendikepovan\u00e9 z hlediska pozn\u00e1v\u00e1n\u00ed a ochrany p\u0159\u00edrody, pohybu a sportu v p\u0159\u00edrod\u011b na \u00fazem\u00ed n\u00e1rodn\u00edho parku.<\/p>\n<p>&#8222;Pozn\u00e1vat kr\u00e1sy \u0161umavsk\u00e9 p\u0159\u00edrody mus\u00ed b\u00fdt umo\u017en\u011bno i lidem, kte\u0159\u00ed maj\u00ed r\u016fzn\u00e1 zdravotn\u00ed posti\u017een\u00ed. V r\u00e1mci na\u0161ich mo\u017enost\u00ed jim v tom chceme pomoci a to jak r\u016fzn\u00fdmi drobnostmi a vylep\u0161en\u00edmi sou\u010dasn\u00e9 infrastruktury, tak i v\u011bt\u0161\u00edmi projekty, kter\u00e9 jim p\u0159\u00edrodu p\u0159ibl\u00ed\u017e\u00ed,&#8220; \u0159\u00edk\u00e1 \u0159editel Spr\u00e1vy NP a CHKO \u0160umava Pavel Huben\u00fd.<\/p>\n<p>Nap\u0159\u00edklad v lo\u0148sk\u00e9m a leto\u0161n\u00edm roce Spr\u00e1va NP a CHKO \u0160umava za\u010dala na opravovan\u00e9 povalov\u00e9 chodn\u00edky montovat okrajov\u00e9 vod\u00edc\u00ed li\u0161ty, kter\u00e9 maj\u00ed pomoci pr\u00e1v\u011b voz\u00ed\u010dk\u00e1\u0159\u016fm. Letos tak\u00e9 vydala unik\u00e1tn\u00ed knihu o \u0160umav\u011b pro nevidom\u00e9 a v p\u0159\u00ed\u0161t\u00edm roce budou, krom\u011b jin\u00fdch aktivit, namontov\u00e1ny popisky v Braillov\u011b p\u00edsmu na vybran\u00fdch turistick\u00fdch c\u00edlech.<\/p>\n<p>&#8222;Jsme nesm\u00edrn\u011b r\u00e1di, \u017ee doch\u00e1z\u00ed k podpisu memoranda o spolupr\u00e1ci s NP a CHKO \u0160umava, proto\u017ee zp\u0159\u00edstupn\u011bn\u00ed p\u0159\u00edrody hendikepovan\u00fdm osob\u00e1m je jednou z priorit na\u0161\u00ed neziskov\u00e9 organizace,&#8220; vysv\u011btluje m\u00edstop\u0159edseda organizace Pro rozvoj \u0160umavy Ivan Nest\u00e1val.<\/p>\n","protected":false},"excerpt":{"rendered":"<div class=\"mh-excerpt\"><p>Posti\u017een\u00ed lid\u00e9 maj\u00ed st\u00e1le v\u00edce mo\u017enost\u00ed pozn\u00e1vat kr\u00e1sy \u0160umavy. Dal\u0161\u00ed dobrou zpr\u00e1vo pro n\u011b je, \u017ee Spr\u00e1va N\u00e1rodn\u00edho parku a chr\u00e1n\u011bn\u00e9 krajinn\u00e9 oblasti \u0160umava nav\u00e1zala <a class=\"mh-excerpt-more\" href=\"https:\/\/www.invarena.cz\/?p=18271\" title=\"\u0160umava se v\u00edce otev\u0159e posti\u017een\u00fdm\">[&#8230;]<\/a><\/p>\n<\/div>","protected":false},"author":1,"featured_media":0,"comment_status":"open","ping_status":"closed","sticky":false,"template":"","format":"standard","meta":{"footnotes":""},"categories":[9],"tags":[],"class_list":["post-18271","post","type-post","status-publish","format-standard","hentry","category-zpravy"],"_links":{"self":[{"href":"https:\/\/www.invarena.cz\/index.php?rest_route=\/wp\/v2\/posts\/18271","targetHints":{"allow":["GET"]}}],"collection":[{"href":"https:\/\/www.invarena.cz\/index.php?rest_route=\/wp\/v2\/posts"}],"about":[{"href":"https:\/\/www.invarena.cz\/index.php?rest_route=\/wp\/v2\/types\/post"}],"author":[{"embeddable":true,"href":"https:\/\/www.invarena.cz\/index.php?rest_route=\/wp\/v2\/users\/1"}],"replies":[{"embeddable":true,"href":"https:\/\/www.invarena.cz\/index.php?rest_route=%2Fwp%2Fv2%2Fcomments&post=18271"}],"version-history":[{"count":0,"href":"https:\/\/www.invarena.cz\/index.php?rest_route=\/wp\/v2\/posts\/18271\/revisions"}],"wp:attachment":[{"href":"https:\/\/www.invarena.cz\/index.php?rest_route=%2Fwp%2Fv2%2Fmedia&parent=18271"}],"wp:term":[{"taxonomy":"category","embeddable":true,"href":"https:\/\/www.invarena.cz\/index.php?rest_route=%2Fwp%2Fv2%2Fcategories&post=18271"},{"taxonomy":"post_tag","embeddable":true,"href":"https:\/\/www.invarena.cz\/index.php?rest_route=%2Fwp%2Fv2%2Ftags&post=18271"}],"curies":[{"name":"wp","href":"https:\/\/api.w.org\/{rel}","templated":true}]}}