{"id":18272,"date":"2014-11-11T08:46:38","date_gmt":"2014-11-11T07:46:38","guid":{"rendered":"http:\/\/www.invarena.cz\/?p=18272"},"modified":"2014-11-11T08:46:38","modified_gmt":"2014-11-11T07:46:38","slug":"postizenym-detem-vydelali-na-ipad","status":"publish","type":"post","link":"https:\/\/www.invarena.cz\/?p=18272","title":{"rendered":"Posti\u017een\u00fdm d\u011btem vyd\u011blali na iPad"},"content":{"rendered":"<p><strong>Finan\u010dn\u00ed dar 15 tis\u00edc korun v\u011bnovali \u017e\u00e1ci z prvn\u00ed z\u00e1kladn\u00ed \u0161koly soci\u00e1ln\u00ed slu\u017eb\u011b Ran\u00e1 p\u00e9\u010de obecn\u011b prosp\u011b\u0161n\u00e9 spole\u010dnosti Portimo. Za tyto pen\u00edze byl zakoupen iPad se speci\u00e1ln\u00edmi aplikacemi pro d\u011bti s posti\u017een\u00edm.<\/strong><!--more--><br \/>\n&#8222;Dar shrom\u00e1\u017edili sb\u011brem druhotn\u00fdch surovin \u017e\u00e1ci, rodi\u010de, prarodi\u010de, pedagogov\u00e9 i spr\u00e1vn\u00ed zam\u011bstnanci a dal\u0161\u00ed p\u0159\u00edznivci \u0161koly a rozhodli se ho v\u011bnovat k podpo\u0159e projektu Tablet jako tabletka,&#8220; uvedla \u0159editelka spole\u010dnosti Portimo Ruth \u0160ormov\u00e1. \u0160kola je zam\u011b\u0159ena na roz\u0161\u00ed\u0159enou v\u00fduku v\u00fdpo\u010detn\u00ed techniky a m\u00e1 z\u00e1jem s Ranou p\u00e9\u010d\u00ed spolupracovat i nad\u00e1le, nap\u0159\u00edklad v\u00fdvojem speci\u00e1ln\u00edch aplikac\u00ed na m\u00edru v r\u00e1mci v\u00fduky.<\/p>\n<p>&#8222;R\u016fzn\u00fdm druh\u016fm charitativn\u00ed \u010dinnosti se jako \u0161kola v\u011bnujeme dlouhodob\u011b,nyn\u00ed jsme se na z\u00e1klad\u011b rozhodnut\u00ed d\u011bt\u00ed v\u00fdt\u011b\u017eek ze sb\u011bru rozhodli v\u011bnovat na n\u00e1kup iPadu pro Ranou p\u00e9\u010di,&#8220; informoval \u0159editel 1. z\u00e1kladn\u00ed \u0161koly Otto Ondr\u00e1\u010dek s t\u00edm, \u017ee se sna\u017e\u00ed pom\u00e1hat nejenom ve m\u011bst\u011b, ale tak\u00e9 nap\u0159\u00edklad na d\u00e1lku adoptovali indick\u00e9ho \u0161kol\u00e1ka a dal\u0161\u00edho sv\u011b\u0159ence podporovali v Africe. &#8222;D\u011bti se k charitativn\u00ed \u010dinnosti stav\u00ed velice vst\u0159\u00edcn\u011b, za co\u017e jsme r\u00e1di,&#8220; dodal \u0159editel.<\/p>\n<p>Z\u00e1jmu o handicapovan\u00e9 d\u011bti si lid\u00e9, kte\u0159\u00ed jim pom\u00e1haj\u00ed, v\u00e1\u017e\u00ed. &#8222;Po\u010din d\u011bt\u00ed i dosp\u011bl\u00fdch pova\u017eujeme za velkorys\u00fd a kr\u00e1sn\u00fd,&#8220; dodala \u0160ormov\u00e1.<\/p>\n<p>Sou\u010d\u00e1st\u00ed p\u0159ed\u00e1n\u00ed daru byl rovn\u011b\u017e z\u00e1\u017eitkov\u00fd program pro d\u011bti, p\u0159i kter\u00e9m se mohly sezn\u00e1mit se slu\u017ebou Ran\u00e1 p\u00e9\u010de a tak\u00e9 s konkr\u00e9tn\u00edmi mo\u017enostmi vyu\u017eit\u00ed iPadu a jeho speci\u00e1ln\u00edch aplikac\u00ed pro d\u011bti s posti\u017een\u00edm. M\u011bly mo\u017enost si na chv\u00edli vyzkou\u0161et, jak handicap limituje \u010dinnosti, kter\u00e9 jsou pro zdrav\u00e9ho \u010dlov\u011bka b\u011b\u017en\u011b zvl\u00e1dnuteln\u00e9.<\/p>\n<p><a href=\"http:\/\/www.denik.cz\">t\u00fdden\u00edk Vyso\u010dina<\/a><\/p>\n","protected":false},"excerpt":{"rendered":"<div class=\"mh-excerpt\"><p>Finan\u010dn\u00ed dar 15 tis\u00edc korun v\u011bnovali \u017e\u00e1ci z prvn\u00ed z\u00e1kladn\u00ed \u0161koly soci\u00e1ln\u00ed slu\u017eb\u011b Ran\u00e1 p\u00e9\u010de obecn\u011b prosp\u011b\u0161n\u00e9 spole\u010dnosti Portimo. Za tyto pen\u00edze byl zakoupen iPad <a class=\"mh-excerpt-more\" href=\"https:\/\/www.invarena.cz\/?p=18272\" title=\"Posti\u017een\u00fdm d\u011btem vyd\u011blali na iPad\">[&#8230;]<\/a><\/p>\n<\/div>","protected":false},"author":1,"featured_media":0,"comment_status":"open","ping_status":"closed","sticky":false,"template":"","format":"standard","meta":{"footnotes":""},"categories":[9],"tags":[],"class_list":["post-18272","post","type-post","status-publish","format-standard","hentry","category-zpravy"],"_links":{"self":[{"href":"https:\/\/www.invarena.cz\/index.php?rest_route=\/wp\/v2\/posts\/18272","targetHints":{"allow":["GET"]}}],"collection":[{"href":"https:\/\/www.invarena.cz\/index.php?rest_route=\/wp\/v2\/posts"}],"about":[{"href":"https:\/\/www.invarena.cz\/index.php?rest_route=\/wp\/v2\/types\/post"}],"author":[{"embeddable":true,"href":"https:\/\/www.invarena.cz\/index.php?rest_route=\/wp\/v2\/users\/1"}],"replies":[{"embeddable":true,"href":"https:\/\/www.invarena.cz\/index.php?rest_route=%2Fwp%2Fv2%2Fcomments&post=18272"}],"version-history":[{"count":0,"href":"https:\/\/www.invarena.cz\/index.php?rest_route=\/wp\/v2\/posts\/18272\/revisions"}],"wp:attachment":[{"href":"https:\/\/www.invarena.cz\/index.php?rest_route=%2Fwp%2Fv2%2Fmedia&parent=18272"}],"wp:term":[{"taxonomy":"category","embeddable":true,"href":"https:\/\/www.invarena.cz\/index.php?rest_route=%2Fwp%2Fv2%2Fcategories&post=18272"},{"taxonomy":"post_tag","embeddable":true,"href":"https:\/\/www.invarena.cz\/index.php?rest_route=%2Fwp%2Fv2%2Ftags&post=18272"}],"curies":[{"name":"wp","href":"https:\/\/api.w.org\/{rel}","templated":true}]}}