{"id":18280,"date":"2014-11-10T07:05:04","date_gmt":"2014-11-10T06:05:04","guid":{"rendered":"http:\/\/www.invarena.cz\/?p=18280"},"modified":"2014-11-10T07:05:04","modified_gmt":"2014-11-10T06:05:04","slug":"projekt-na-pomoc-seniorum","status":"publish","type":"post","link":"https:\/\/www.invarena.cz\/?p=18280","title":{"rendered":"Projekt na pomoc senior\u016fm"},"content":{"rendered":"<p><strong>Ne v\u0161ichni senio\u0159i pot\u0159ebuj\u00ed neust\u00e1lou p\u00e9\u010di. Proto p\u0159ib\u00fdv\u00e1 slu\u017eeb, kter\u00e9 jim umo\u017e\u0148uj\u00ed z\u016fstat doma. Vyznat se v soci\u00e1ln\u00edm syst\u00e9mu jim i jejich rodin\u00e1m pom\u00e1h\u00e1 projekt Domov je doma. Zat\u00edm funguje v pra\u017esk\u00e9 \u00dast\u0159edn\u00ed vojensk\u00e9 <span class=\"highlight\">nemocnici<\/span>.<\/strong><!--more--><\/p>\n<p><em>ilustra\u010dn\u00ed foto: PhotoXpress<\/em><\/p>\n<p><em><strong>\u010cesk\u00e1 televize<\/strong><\/em><\/p>\n<p>Cel\u00fd \u017eivot malovala kv\u011btiny, krajiny a taky lidi. Te\u010f je akademick\u00e9 mal\u00ed\u0159ce Helen\u011b osmdes\u00e1t dev\u011bt let. Po v\u00e1\u017en\u00e9 zlomenin\u011b ky\u010dle byla t\u0159i m\u011bs\u00edce v <span class=\"highlight\">nemocnici<\/span>. Pak se vr\u00e1tila dom\u016f.<\/p>\n<p>Helena VAN\u010cUROV\u00c1, akademick\u00e1 mal\u00ed\u0159ka:\u00a0 Za \u017e\u00e1dnou cenu jsem necht\u011bla do n\u011bjak\u00fdho \u00fastavu nebo do n\u011bjak\u00e9ho domova d\u016fchodc\u016f. J\u00e1 jsem rad\u0161i doma. J\u00e1 prost\u011b bych tady cht\u011bla z\u016fstat.<br \/>\nP\u0159izn\u00e1v\u00e1, \u017ee pomoc pot\u0159ebuje, dvakr\u00e1t t\u00fddn\u011b za n\u00ed chod\u00ed pe\u010dovatelka.<\/p>\n<p>Helena VAN\u010cUROV\u00c1:\u00a0 Nakupuje, pak mi vyt\u00edr\u00e1, pak mi pom\u00e1h\u00e1 s koupel\u00ed, ano, a je\u0161t\u011b luxuje.<\/p>\n<p>Aby ani dal\u0161\u00ed senio\u0159i s bystrou mysl\u00ed zbyte\u010dn\u011b ne\u017eili v \u00fastavech, pom\u00e1h\u00e1 projekt <strong>Domov je doma.<\/strong><\/p>\n<p>Lenka GUTOV\u00c1, n\u00e1m\u011bstkyn\u011b \u0159editele \u00dast\u0159edn\u00ed vojensk\u00e9 <span class=\"highlight\">nemocnice<\/span>:\u00a0 U\u017e na za\u010d\u00e1tku hospitalizace pl\u00e1nujeme propu\u0161t\u011bn\u00ed. Na\u0161\u00ed snahou je samoz\u0159ejm\u011b pacienty p\u0159edev\u0161\u00edm propustit do vlastn\u00edho soci\u00e1ln\u00edho prost\u0159ed\u00ed, to znamen\u00e1 dom\u016f.<\/p>\n<p>S t\u00edm m\u016f\u017ee pomoci i neziskov\u00e1 organizace. P\u0159\u00edbuzn\u00ed toti\u017e sami \u010dasto nev\u011bd\u00ed, jak se starat a jestli to zvl\u00e1dnou.<\/p>\n<p>Simona BAGAROV\u00c1, \u0159editelka spole\u010dnosti Kr\u00e1sa pomoci:\u00a0 Pom\u00e1h\u00e1me jim p\u0159edstavit ve\u0161ker\u00fd slu\u017eby, kter\u00fd jsou tady dostupn\u00fd a za pomoci na\u0161\u00ed soci\u00e1ln\u00ed pracovnice jim nejenom d\u00e1v\u00e1me kontakty, ale pom\u00e1h\u00e1me jim to i zprost\u0159edkovat a za\u0159\u00eddit.<\/p>\n<p>A taky se zorientovat v syst\u00e9mu p\u0159\u00edsp\u011bvk\u016f, na kter\u00fd m\u00e1 o\u0161et\u0159uj\u00edc\u00ed \u010dlen rodiny n\u00e1rok. U\u017e za t\u0159i roky, pokud je politici schv\u00e1l\u00ed, pom\u016f\u017ee taky kr\u00e1tkodob\u00e1 pe\u010dovatelsk\u00e1 dovolen\u00e1, kter\u00e1 funguje v sousedn\u00edm Rakousku.<\/p>\n<p>David POSP\u00cd\u0160IL, \u0159editel odboru soci\u00e1ln\u00edch slu\u017eeb MPSV:\u00a0 Bychom cht\u011bli uleh\u010dit pe\u010duj\u00edc\u00edm osob\u00e1m tak, aby mohly z pr\u00e1ce p\u0159ej\u00edt do t\u00e9 pe\u010dovatelsk\u00e9 dovolen\u00e9, obdobn\u011b, jako je to v r\u00e1mci mate\u0159sk\u00e9 a rodi\u010dovsk\u00e9 dovolen\u00e9.<\/p>\n<p>Aby do\u010dasn\u011b pokryla ztr\u00e1tu p\u0159\u00edjm\u016f u lid\u00ed, kte\u0159\u00ed se o p\u0159\u00edbuzn\u00e9ho seniora nebo handicapovan\u00e9ho cel\u00fd den staraj\u00ed.<\/p>\n","protected":false},"excerpt":{"rendered":"<div class=\"mh-excerpt\"><p>Ne v\u0161ichni senio\u0159i pot\u0159ebuj\u00ed neust\u00e1lou p\u00e9\u010di. Proto p\u0159ib\u00fdv\u00e1 slu\u017eeb, kter\u00e9 jim umo\u017e\u0148uj\u00ed z\u016fstat doma. Vyznat se v soci\u00e1ln\u00edm syst\u00e9mu jim i jejich rodin\u00e1m pom\u00e1h\u00e1 projekt <a class=\"mh-excerpt-more\" href=\"https:\/\/www.invarena.cz\/?p=18280\" title=\"Projekt na pomoc senior\u016fm\">[&#8230;]<\/a><\/p>\n<\/div>","protected":false},"author":1,"featured_media":14726,"comment_status":"open","ping_status":"closed","sticky":false,"template":"","format":"standard","meta":{"footnotes":""},"categories":[7],"tags":[],"class_list":["post-18280","post","type-post","status-publish","format-standard","has-post-thumbnail","hentry","category-spolecnost"],"_links":{"self":[{"href":"https:\/\/www.invarena.cz\/index.php?rest_route=\/wp\/v2\/posts\/18280","targetHints":{"allow":["GET"]}}],"collection":[{"href":"https:\/\/www.invarena.cz\/index.php?rest_route=\/wp\/v2\/posts"}],"about":[{"href":"https:\/\/www.invarena.cz\/index.php?rest_route=\/wp\/v2\/types\/post"}],"author":[{"embeddable":true,"href":"https:\/\/www.invarena.cz\/index.php?rest_route=\/wp\/v2\/users\/1"}],"replies":[{"embeddable":true,"href":"https:\/\/www.invarena.cz\/index.php?rest_route=%2Fwp%2Fv2%2Fcomments&post=18280"}],"version-history":[{"count":0,"href":"https:\/\/www.invarena.cz\/index.php?rest_route=\/wp\/v2\/posts\/18280\/revisions"}],"wp:featuredmedia":[{"embeddable":true,"href":"https:\/\/www.invarena.cz\/index.php?rest_route=\/wp\/v2\/media\/14726"}],"wp:attachment":[{"href":"https:\/\/www.invarena.cz\/index.php?rest_route=%2Fwp%2Fv2%2Fmedia&parent=18280"}],"wp:term":[{"taxonomy":"category","embeddable":true,"href":"https:\/\/www.invarena.cz\/index.php?rest_route=%2Fwp%2Fv2%2Fcategories&post=18280"},{"taxonomy":"post_tag","embeddable":true,"href":"https:\/\/www.invarena.cz\/index.php?rest_route=%2Fwp%2Fv2%2Ftags&post=18280"}],"curies":[{"name":"wp","href":"https:\/\/api.w.org\/{rel}","templated":true}]}}