{"id":18315,"date":"2014-11-13T06:59:53","date_gmt":"2014-11-13T05:59:53","guid":{"rendered":"http:\/\/www.invarena.cz\/?p=18315"},"modified":"2014-11-13T06:59:53","modified_gmt":"2014-11-13T05:59:53","slug":"kun-pujci-hendikepovanym-detem-i-dospelym-zdrave-nohy","status":"publish","type":"post","link":"https:\/\/www.invarena.cz\/?p=18315","title":{"rendered":"K\u016f\u0148 &#8222;p\u016fj\u010d\u00ed&#8220; hendikepovan\u00fdm d\u011btem i dosp\u011bl\u00fdm zdrav\u00e9 nohy"},"content":{"rendered":"<p><strong>Patn\u00e1ct rodin a t\u0159i rehabilita\u010dn\u00ed kon\u011b, to jsou host\u00e9, kte\u0159\u00ed na p\u011bt dn\u00ed obsadili farmu na Pt\u00fdrov\u011b nedaleko Mnichova Hradi\u0161t\u011b. P\u0159ijeli d\u00edky ob\u010dansk\u00e9mu sdru\u017een\u00ed Caballinus, aby se v\u011bnovali p\u0159edev\u0161\u00edm j\u00edzd\u011b na koni, kter\u00e1 hendikepovan\u00fdm d\u011btem pom\u00e1h\u00e1 zlep\u0161it \u010di udr\u017eet jejich zdravotn\u00ed stav.<\/strong> <!--more--><\/p>\n<p>A to nen\u00ed zdaleka jedin\u00e1 aktivita, kterou si tady u\u017eij\u00ed.<\/p>\n<p>Jak prozradila p\u0159edsedkyn\u011b sdru\u017een\u00ed a hlavn\u00ed fyzioterapeutka Tereza Honc\u016f, na Pt\u00fdrov jezd\u00ed pravideln\u011b. &#8222;Poprv\u00e9 jsme tu byli v zim\u011b 2010, nejpodstatn\u011bj\u0161\u00ed je pro n\u00e1s to, abychom m\u011bli k dispozici jezdeckou halu, kam se s kon\u00edky m\u016f\u017eeme uch\u00fdlit, kdy\u017e je venku o\u0161klivo. Proto jsme na Pt\u00fdrov tehdy p\u0159ijeli, a od t\u00e9 doby tady dr\u017e\u00edme tradici jarn\u00edch a podzimn\u00edch pobyt\u016f.&#8220;<\/p>\n<p>Klienty sdru\u017een\u00ed Caballinus jsou p\u0159edev\u0161\u00edm d\u011bti, p\u0159eva\u017euj\u00ed ty, kter\u00e9 maj\u00ed diagnostikovanou d\u011btskou mozkovou obrnu. &#8222;Hipoterapie je vhodn\u00e1 ale pro cel\u00e9 spektrum onemocn\u011bn\u00ed, \u0159ada na\u0161ich d\u011bt\u00ed nav\u00edc p\u0159esn\u011b stanovenou diagn\u00f3zu nem\u00e1, pot\u00fdkaj\u00ed se s pohybov\u00fdm a \u010dasto i ment\u00e1ln\u00edm probl\u00e9mem,&#8220; vysv\u011btluje Tereza Honc\u016f.<\/p>\n<p>Jak vypad\u00e1 typick\u00fd den na pt\u00fdrovsk\u00e9m pobytu? Po sn\u00eddani se z\u00e1jemci vydaj\u00ed do st\u00e1j\u00ed, aby se postarali o kon\u011b a p\u0159ipravili je na je\u017ed\u011bn\u00ed. &#8222;Je to dobr\u00e9 jednak z hlediska za\u010dlen\u011bn\u00ed do skupiny, pom\u00e1h\u00e1 to rozvoji jemn\u00e9 motoriky a d\u016fle\u017eit\u00e9 je to i jako integrace zdrav\u00fdch sourozenc\u016f,&#8220; vysv\u011btluje fyzioterapeutka.<\/p>\n<p>Cel\u00e9 prost\u0159ed\u00ed st\u00e1j\u00ed p\u016fsob\u00ed na d\u011bti i motiva\u010dn\u011b, proto je dobr\u00e9, kdy\u017e se p\u0159\u00edprav \u00fa\u010dastn\u00ed, pokud jim to zdravotn\u00ed stav umo\u017en\u00ed.<\/p>\n<p>D\u016fle\u017eit\u00e9 je vybrat pro ka\u017ed\u00e9 d\u00edt\u011b individu\u00e1ln\u011b toho spr\u00e1vn\u00e9ho kon\u011b a dob\u0159e na n\u011bj d\u00edt\u011b napolohovat. &#8222;K tomu n\u00e1m slou\u017e\u00ed rampa, kterou tady maj\u00ed, a pak u\u017e se d\u011bti vyd\u00e1vaj\u00ed jezdit. Ide\u00e1ln\u00ed je skloubit hipoterapii s canisterapi\u00ed. To znamen\u00e1, \u017ee d\u011btem, kter\u00e9 na svou j\u00edzdu na koni \u010dekaj\u00ed, se mezit\u00edm v\u011bnuj\u00ed pejsci,&#8220; up\u0159esnila Tereza Honc\u016f. Na kon\u00edch jezd\u00ed d\u011bti dvakr\u00e1t denn\u011b, &#8222;l\u00e9\u010dba kon\u011bm&#8220; je ale dopln\u011bna i tvo\u0159iv\u00fdmi \u010dinnostmi a muzikoterapi\u00ed.<\/p>\n<p>Mezi d\u011btsk\u00fdmi klienty je ale p\u0159ece jen jedna v\u00fdjimka, kterou zaznamen\u00e1te na prvn\u00ed pohled. Na hipoterapeutick\u00e9 pobyty toti\u017e se sdru\u017een\u00edm Caballinus jezd\u00ed i Martin Zach.<\/p>\n<p>Jeho jm\u00e9no se v\u011bt\u0161in\u011b lid\u00ed vybav\u00ed v souvislosti se sout\u011b\u017e\u00ed Mu\u017e roku. Tu Martin v roce 2009 vyhr\u00e1l, ale z titulu nejkr\u00e1sn\u011bj\u0161\u00ed ho mu\u017ee \u010ceska se radoval velmi kr\u00e1tce. U\u017e den pot\u00e9 po nevyda\u0159en\u00e9m exhibi\u010dn\u00edm skoku na ly\u017e\u00edch do rybn\u00edka utrp\u011bl v\u00e1\u017en\u00fd \u00faraz, kter\u00fd ho upoutal na invalidn\u00ed voz\u00edk.<\/p>\n<p>Od t\u00e9 doby ale navzdory nep\u0159\u00edzniv\u00fdm progn\u00f3z\u00e1m l\u00e9ka\u0159\u016f ud\u011blal velk\u00fd posun, a k postupn\u00e9mu \u2013 by\u0165 na prvn\u00ed pohled t\u0159eba pomal\u00e9mu \u2013 vylep\u0161en\u00ed mu pom\u00e1h\u00e1 pr\u00e1v\u011b i hipoterapie. &#8222;Dostal jsem se k tomu p\u0159ed \u010dty\u0159mi lety p\u0159es jednu kamar\u00e1dku, oslovil jsem tehdy Terezu s t\u00edm, jestli to se mnou necht\u011bj\u00ed zkusit. Zpo\u010d\u00e1tku to byl po\u0159\u00e1dn\u00fd adrenalin, proto\u017ee jsem se na koni prakticky neudr\u017eel. Ale c\u00edtil jsem, \u017ee mi to pom\u00e1h\u00e1, po ka\u017ed\u00e9 j\u00edzd\u011b m\u011b po\u0159\u00e1dn\u011b bol\u00ed z\u00e1da, b\u0159icho i ruce. Dnes u\u017e jsem schopen jezdit prakticky s\u00e1m, jen s drobnou dopomoc\u00ed,&#8220; rekapituluje Martin Zach.<\/p>\n<p>Pochvaluje si dobrou partu rodi\u010d\u016f, kte\u0159\u00ed na intenzivn\u00ed pobyty se sdru\u017een\u00edm jezd\u00ed, a poka\u017ed\u00e9 se na to pr\u00fd moc t\u011b\u0161\u00ed. Krom\u011b vlastn\u00ed terapie je ale Martin spojen s organizac\u00ed i jinak, funguje toti\u017e jako tv\u00e1\u0159 sdru\u017een\u00ed Caballinus.<\/p>\n<p>&#8222;Pom\u00e1h\u00e1m p\u0159edev\u0161\u00edm s oslovov\u00e1n\u00edm sponzor\u016f a sh\u00e1n\u011bn\u00edm pen\u011bz, a ob\u010das i s organizov\u00e1n\u00edm n\u011bkter\u00fdch akc\u00ed,&#8220; uzav\u00edr\u00e1.<\/p>\n<p>Stejn\u011b jako jemu, i ostatn\u00edm \u00fa\u010dastn\u00edk\u016fm pobytu hipoterapie pom\u00e1h\u00e1 zlep\u0161it fyzick\u00fd stav, a jak vysv\u011btlila Tereza Honc\u016f,k\u016f\u0148 je \u00fa\u017easn\u00fd v tom, \u017ee hendikepovan\u00fdm nab\u00edz\u00ed \u0161irok\u00fd h\u0159bet a \u010dty\u0159i zdrav\u00e9 nohy.<\/p>\n<p>\u0160\u00c1RKA CHAROUSKOV\u00c1<br \/>\nBoleslavsk\u00fd den\u00edk<\/p>\n","protected":false},"excerpt":{"rendered":"<div class=\"mh-excerpt\"><p>Patn\u00e1ct rodin a t\u0159i rehabilita\u010dn\u00ed kon\u011b, to jsou host\u00e9, kte\u0159\u00ed na p\u011bt dn\u00ed obsadili farmu na Pt\u00fdrov\u011b nedaleko Mnichova Hradi\u0161t\u011b. P\u0159ijeli d\u00edky ob\u010dansk\u00e9mu sdru\u017een\u00ed Caballinus, <a class=\"mh-excerpt-more\" href=\"https:\/\/www.invarena.cz\/?p=18315\" title=\"K\u016f\u0148 &#8222;p\u016fj\u010d\u00ed&#8220; hendikepovan\u00fdm d\u011btem i dosp\u011bl\u00fdm zdrav\u00e9 nohy\">[&#8230;]<\/a><\/p>\n<\/div>","protected":false},"author":1,"featured_media":11790,"comment_status":"open","ping_status":"closed","sticky":false,"template":"","format":"standard","meta":{"footnotes":""},"categories":[7],"tags":[],"class_list":["post-18315","post","type-post","status-publish","format-standard","has-post-thumbnail","hentry","category-spolecnost"],"_links":{"self":[{"href":"https:\/\/www.invarena.cz\/index.php?rest_route=\/wp\/v2\/posts\/18315","targetHints":{"allow":["GET"]}}],"collection":[{"href":"https:\/\/www.invarena.cz\/index.php?rest_route=\/wp\/v2\/posts"}],"about":[{"href":"https:\/\/www.invarena.cz\/index.php?rest_route=\/wp\/v2\/types\/post"}],"author":[{"embeddable":true,"href":"https:\/\/www.invarena.cz\/index.php?rest_route=\/wp\/v2\/users\/1"}],"replies":[{"embeddable":true,"href":"https:\/\/www.invarena.cz\/index.php?rest_route=%2Fwp%2Fv2%2Fcomments&post=18315"}],"version-history":[{"count":0,"href":"https:\/\/www.invarena.cz\/index.php?rest_route=\/wp\/v2\/posts\/18315\/revisions"}],"wp:featuredmedia":[{"embeddable":true,"href":"https:\/\/www.invarena.cz\/index.php?rest_route=\/wp\/v2\/media\/11790"}],"wp:attachment":[{"href":"https:\/\/www.invarena.cz\/index.php?rest_route=%2Fwp%2Fv2%2Fmedia&parent=18315"}],"wp:term":[{"taxonomy":"category","embeddable":true,"href":"https:\/\/www.invarena.cz\/index.php?rest_route=%2Fwp%2Fv2%2Fcategories&post=18315"},{"taxonomy":"post_tag","embeddable":true,"href":"https:\/\/www.invarena.cz\/index.php?rest_route=%2Fwp%2Fv2%2Ftags&post=18315"}],"curies":[{"name":"wp","href":"https:\/\/api.w.org\/{rel}","templated":true}]}}