{"id":18324,"date":"2014-11-10T12:56:44","date_gmt":"2014-11-10T11:56:44","guid":{"rendered":"http:\/\/www.invarena.cz\/?p=18324"},"modified":"2014-11-10T12:56:44","modified_gmt":"2014-11-10T11:56:44","slug":"handicapovani-si-oddychli-vozickari-meli-znovu-dokazovat-ze-nechodi","status":"publish","type":"post","link":"https:\/\/www.invarena.cz\/?p=18324","title":{"rendered":"Handicapovan\u00ed si oddychli. Voz\u00ed\u010dk\u00e1\u0159i m\u011bli znovu dokazovat, \u017ee nechod\u00ed"},"content":{"rendered":"<p><strong>Na posledn\u00ed chv\u00edli se poslanc\u016fm poda\u0159ilo odvr\u00e1tit obt\u00ed\u017enou situaci, do kter\u00e9 by se dostalo sto tis\u00edc handicapovan\u00fdch lid\u00ed. Hrozilo, \u017ee budou muset sv\u00e9 <span class=\"highlight\">posti\u017een\u00ed<\/span> znovu prokazovat.<\/strong> <!--more--><em>ilustra\u010dn\u00ed foto: USFWS Pacific \/ Flickr.com<\/em><\/p>\n<p>Je\u0161t\u011b v p\u00e1tek odpoledne to vypadalo, \u017ee v\u0161ichni <span class=\"highlight\">zdravotn\u011b<\/span> <span class=\"highlight\">posti\u017een\u00ed<\/span> budou muset v p\u0159\u00ed\u0161t\u00edm roce nav\u0161t\u00edvit posudkov\u00e9ho l\u00e9ka\u0159e. A znovu si \u0159\u00edci o raz\u00edtko, \u017ee se neuzdravili, co\u017e je t\u0159eba u lid\u00ed s amputovanou kon\u010detinou \u010di vrozen\u00fdmi vadami absurdn\u00ed a zbyte\u010dn\u00e9.<\/p>\n<p>V p\u00e1tek odhlasovan\u00e1 novela, kter\u00e9 museli poslanci v\u011bnovat mimo\u0159\u00e1dnou sch\u016fzi, tuto povinnou n\u00e1v\u0161t\u011bvu posudkov\u00e9ho l\u00e9ka\u0159e ru\u0161\u00ed. &#8222;Abychom <span class=\"highlight\">zdravotn\u011b<\/span> <span class=\"highlight\">posti\u017een\u00e9<\/span> nemuseli zcela zbyte\u010dn\u011b zat\u011b\u017eovat, je pot\u0159eba, aby z\u00e1kon co nejd\u0159\u00edve schv\u00e1lil Sen\u00e1t a podepsal prezident. Byli jsme opravdu v \u010dasov\u00e9 t\u00edsni,&#8220; \u0159ekla ministryn\u011b pr\u00e1ce a soci\u00e1ln\u00edch v\u011bc\u00ed Michaela Marksov\u00e1 (\u010cSSD).<\/p>\n<p>Jej\u00ed ministerstvo si spo\u010d\u00edtalo, \u017ee zru\u0161en\u00edm t\u011bchto posudk\u016f u\u0161et\u0159\u00ed kolem 75 milion\u016f korun. A l\u00e9ka\u0159i se nemus\u00ed ob\u00e1vat, \u017ee jim n\u00e1por pacient\u016f zahlt\u00ed ordinace.<\/p>\n<p>Nep\u0159ehlednou situaci kolem pr\u016fkazu <span class=\"highlight\">zdravotn\u011b<\/span> <span class=\"highlight\">posti\u017een\u00fdch<\/span> zp\u016fsobily p\u0159edchoz\u00ed reformy Ne\u010dasovy vl\u00e1dy. <span class=\"highlight\">Posti\u017een\u00ed<\/span> tehdy dost\u00e1vali doklady o zdravotn\u00edm <span class=\"highlight\">posti\u017een\u00ed<\/span> podle r\u016fzn\u00fdch pravidel, s platnost\u00ed jen do konce roku 2015.<\/p>\n<p>&#8222;M\u011bly je nahradit sKarty. Jen\u017ee ty skon\u010dily, tak\u017ee je nyn\u00ed pot\u0159eba \u0159e\u0161it omezenou platnost st\u00e1vaj\u00edc\u00edch pr\u016fkaz\u016f,&#8220; vysv\u011btlil Jan Huta\u0159, \u0159editel legislativn\u00edho odboru N\u00e1rodn\u00ed rady osob se zdravotn\u00edm posti\u017een\u00edm.<\/p>\n<p>A proto\u017ee podle dne\u0161n\u00edch z\u00e1kon\u016f v\u00fdm\u011bnu pr\u016fkazu prov\u00e1z\u00ed povinn\u00e1 n\u00e1v\u0161t\u011bva l\u00e9ka\u0159e a zm\u00edn\u011bn\u00e9 povinn\u00e9 posudky, zavalili by ordinace l\u00e9ka\u0159\u016f lid\u00e9 pr\u00e1v\u011b kv\u016fli t\u00e9to v\u00fdm\u011bn\u011b.<\/p>\n<p>Novelu z\u00e1kona, kter\u00e1 zbyte\u010dn\u00e9 posudky ru\u0161\u00ed, u\u017e m\u011bla Sn\u011bmovna na programu v z\u00e1\u0159\u00ed. Poslaneck\u00e9 kluby ODS a TOP 09 v\u0161ak tehdy vetovaly jej\u00ed projedn\u00e1v\u00e1n\u00ed. A tot\u00e9\u017e ud\u011blala TOP 09 i minul\u00fd t\u00fdden, z\u00e1kon se \u0159e\u0161il a\u017e na mimo\u0159\u00e1dn\u00e9 sch\u016fzi.<\/p>\n<p>S obsahem novely p\u0159itom zat\u00edm nikdo z poslanc\u016f nem\u011bl probl\u00e9m. Opozici vadilo jen to, \u017ee ministerstvo p\u0159edkl\u00e1d\u00e1 z\u00e1kon na posledn\u00ed chv\u00edli. &#8222;Jen\u017ee ono se v\u016fbec nev\u011bd\u011blo, \u017ee takov\u00fd probl\u00e9m je v z\u00e1kon\u011b schov\u00e1n, proto se s touto novelou p\u016fvodn\u011b ani nepo\u010d\u00edtalo,&#8220; tvrd\u00ed ministryn\u011b. \u0160\u00e9f<\/p>\n<p>N\u00e1rodn\u00ed rady osob se zdravotn\u00edm posti\u017een\u00edm V\u00e1clav Kr\u00e1sa upozor\u0148uje, \u017ee novelu sl\u00edbilo ministerstvo u\u017e letos v b\u0159eznu. &#8222;D\u0159\u00edve n\u00e1m nikdo nenaslouchal. Nen\u00ed mi jasn\u00e9, pro\u010d p\u0159\u00edprava jednoduch\u00e9ho z\u00e1kona trvala tak dlouho,&#8220; \u0159\u00edk\u00e1 Kr\u00e1sa.<\/p>\n<p>I kdy\u017e te\u010f p\u016fjde v\u0161e hladce, novela projde Sen\u00e1tem a podep\u00ed\u0161e ji prezident, zbude jen m\u00e1lo \u010dasu na jej\u00ed uveden\u00ed do praxe. &#8222;Tedy na to, aby se v\u00fdm\u011bna pr\u016fkaz\u016f administrativn\u011b p\u0159ipravila,&#8220; upozor\u0148uje Kr\u00e1sa.<\/p>\n<p>P\u0159ed reformou soci\u00e1ln\u00ed p\u00e9\u010de Jarom\u00edra Dr\u00e1bka (TOP 09) se <span class=\"highlight\">posti\u017een\u00ed<\/span> hodnotila podle diagn\u00f3z, nikoliv podle m\u00edry z\u00e1vislosti jako nyn\u00ed. &#8222;Pokud n\u011bkdo nap\u0159\u00edklad p\u0159i\u0161el o nohu nebo m\u011bl jin\u00e9 trval\u00e9 <span class=\"highlight\">posti\u017een\u00ed<\/span> a bylo mu p\u0159es pades\u00e1t let, dostal pr\u016fkaz zdravotn\u00edho <span class=\"highlight\">posti\u017een\u00ed<\/span> s neomezenou platnost\u00ed. U lid\u00ed pod pades\u00e1t byla d\u0159\u00edve platnost pr\u016fkazu deset let, proto\u017ee v t\u00e9 dob\u011b se \u010dlov\u011bk m\u011bn\u00ed i vzhledov\u011b,&#8220; up\u0159esnil Jan Huta\u0159.<\/p>\n<p>Zuzana Tau\u0161ov\u00e1, redaktorka <a href=\"http:\/\/www.idnes.cz\">MF DNES\u00a0\u00a0\u00a0\u00a0\u00a0\u00a0\u00a0\u00a0\u00a0\u00a0\u00a0\u00a0\u00a0\u00a0\u00a0\u00a0\u00a0\u00a0\u00a0\u00a0\u00a0\u00a0\u00a0\u00a0\u00a0\u00a0\u00a0\u00a0\u00a0\u00a0\u00a0 http:\/\/www.idnes.cz<\/a><\/p>\n","protected":false},"excerpt":{"rendered":"<div class=\"mh-excerpt\"><p>Na posledn\u00ed chv\u00edli se poslanc\u016fm poda\u0159ilo odvr\u00e1tit obt\u00ed\u017enou situaci, do kter\u00e9 by se dostalo sto tis\u00edc handicapovan\u00fdch lid\u00ed. Hrozilo, \u017ee budou muset sv\u00e9 posti\u017een\u00ed znovu <a class=\"mh-excerpt-more\" href=\"https:\/\/www.invarena.cz\/?p=18324\" title=\"Handicapovan\u00ed si oddychli. Voz\u00ed\u010dk\u00e1\u0159i m\u011bli znovu dokazovat, \u017ee nechod\u00ed\">[&#8230;]<\/a><\/p>\n<\/div>","protected":false},"author":1,"featured_media":17225,"comment_status":"open","ping_status":"closed","sticky":false,"template":"","format":"standard","meta":{"footnotes":""},"categories":[6],"tags":[],"class_list":["post-18324","post","type-post","status-publish","format-standard","has-post-thumbnail","hentry","category-politika"],"_links":{"self":[{"href":"https:\/\/www.invarena.cz\/index.php?rest_route=\/wp\/v2\/posts\/18324","targetHints":{"allow":["GET"]}}],"collection":[{"href":"https:\/\/www.invarena.cz\/index.php?rest_route=\/wp\/v2\/posts"}],"about":[{"href":"https:\/\/www.invarena.cz\/index.php?rest_route=\/wp\/v2\/types\/post"}],"author":[{"embeddable":true,"href":"https:\/\/www.invarena.cz\/index.php?rest_route=\/wp\/v2\/users\/1"}],"replies":[{"embeddable":true,"href":"https:\/\/www.invarena.cz\/index.php?rest_route=%2Fwp%2Fv2%2Fcomments&post=18324"}],"version-history":[{"count":0,"href":"https:\/\/www.invarena.cz\/index.php?rest_route=\/wp\/v2\/posts\/18324\/revisions"}],"wp:featuredmedia":[{"embeddable":true,"href":"https:\/\/www.invarena.cz\/index.php?rest_route=\/wp\/v2\/media\/17225"}],"wp:attachment":[{"href":"https:\/\/www.invarena.cz\/index.php?rest_route=%2Fwp%2Fv2%2Fmedia&parent=18324"}],"wp:term":[{"taxonomy":"category","embeddable":true,"href":"https:\/\/www.invarena.cz\/index.php?rest_route=%2Fwp%2Fv2%2Fcategories&post=18324"},{"taxonomy":"post_tag","embeddable":true,"href":"https:\/\/www.invarena.cz\/index.php?rest_route=%2Fwp%2Fv2%2Ftags&post=18324"}],"curies":[{"name":"wp","href":"https:\/\/api.w.org\/{rel}","templated":true}]}}