{"id":18326,"date":"2014-11-10T13:00:00","date_gmt":"2014-11-10T12:00:00","guid":{"rendered":"http:\/\/www.invarena.cz\/?p=18326"},"modified":"2014-11-10T13:00:00","modified_gmt":"2014-11-10T12:00:00","slug":"prukazky-ztp-zjednodusene","status":"publish","type":"post","link":"https:\/\/www.invarena.cz\/?p=18326","title":{"rendered":"Pr\u016fkazky ZTP zjednodu\u0161en\u011b"},"content":{"rendered":"<p><strong>Posti\u017een\u00ed s pr\u016fkazkami pro handicapovan\u00e9 vydan\u00e9 do leto\u0161n\u00edho roku budou z\u0159ejm\u011b dost\u00e1vat nov\u00e9 pr\u016fkazy automaticky bez posuzov\u00e1n\u00ed zdravotn\u00edho stavu a bez spr\u00e1vn\u00edho \u0159\u00edzen\u00ed. Schv\u00e1lili to v\u010dera poslanci novelou z\u00e1kona o poskytov\u00e1n\u00ed d\u00e1vek <span class=\"highlight\">posti\u017een\u00fdm<\/span>.<\/strong> <!--more--><\/p>\n<p>Bez \u00fapravy by byla v\u00fdm\u011bna pr\u016fkazek podle <span class=\"highlight\">MPSV<\/span> n\u00e1ro\u010dn\u00e1 pro <span class=\"highlight\">posti\u017een\u00e9<\/span> i pro st\u00e1t. Jen posudkov\u00ed l\u00e9ka\u0159i vy\u010d\u00edslili n\u00e1klady na 57 mil. K\u010d. Vyd\u00e1v\u00e1n\u00ed pr\u016fkazek zm\u011bnila reforma exministra Jarom\u00edra Dr\u00e1bka (TOP 09). Pr\u016fkazy, dokl\u00e1daj\u00edc\u00ed n\u00e1rok na ur\u010dit\u00e9 v\u00fdhody, m\u011bly platit jen do konce roku 2015.<\/p>\n<p>Novela stanov\u00ed postup, jak se budou nyn\u011bj\u0161\u00ed typy pr\u016fkaz\u016f m\u011bnit. M\u00edsto d\u0159\u00edv\u011bj\u0161\u00edch pr\u016fkazek TP, <span class=\"highlight\">ZTP<\/span> a <span class=\"highlight\">ZTP<\/span>\/P \u00fa\u0159ady od roku 2012 vyd\u00e1valy pr\u016fkaz osoby se zdravotn\u00edm posti\u017een\u00edm. Jako pr\u016fkazka m\u011bla slou\u017eit tak\u00e9 soci\u00e1ln\u00ed karta, kter\u00e1 je v\u0161ak u\u017e zru\u0161en\u00e1.<\/p>\n<p>Od leto\u0161ka \u00fa\u0159ady lidem pr\u016fkaz m\u011bn\u00ed a\u017e pot\u00e9, co jejich stav zhodnot\u00ed posudkov\u00ed l\u00e9ka\u0159i spr\u00e1vy soci\u00e1ln\u00edho zabezpe\u010den\u00ed. Od p\u0159\u00ed\u0161t\u00edho roku by proto podle n\u00e1vrhu \u00fa\u0159edn\u00edci m\u011bli dr\u017eitel\u016fm novou pr\u016fkazku d\u00e1t automaticky. Lid\u00e9 by m\u011bli m\u00edt n\u00e1rok na stejn\u00fd typ pr\u016fkazu, jak\u00fd m\u011bli v minulosti, tedy TP, <span class=\"highlight\">ZTP<\/span> \u010di <span class=\"highlight\">ZTP<\/span>\/P.<\/p>\n<p>Hal\u00f3 noviny<\/p>\n","protected":false},"excerpt":{"rendered":"<div class=\"mh-excerpt\"><p>Posti\u017een\u00ed s pr\u016fkazkami pro handicapovan\u00e9 vydan\u00e9 do leto\u0161n\u00edho roku budou z\u0159ejm\u011b dost\u00e1vat nov\u00e9 pr\u016fkazy automaticky bez posuzov\u00e1n\u00ed zdravotn\u00edho stavu a bez spr\u00e1vn\u00edho \u0159\u00edzen\u00ed. Schv\u00e1lili to <a class=\"mh-excerpt-more\" href=\"https:\/\/www.invarena.cz\/?p=18326\" title=\"Pr\u016fkazky ZTP zjednodu\u0161en\u011b\">[&#8230;]<\/a><\/p>\n<\/div>","protected":false},"author":1,"featured_media":13767,"comment_status":"open","ping_status":"closed","sticky":false,"template":"","format":"standard","meta":{"footnotes":""},"categories":[6],"tags":[],"class_list":["post-18326","post","type-post","status-publish","format-standard","has-post-thumbnail","hentry","category-politika"],"_links":{"self":[{"href":"https:\/\/www.invarena.cz\/index.php?rest_route=\/wp\/v2\/posts\/18326","targetHints":{"allow":["GET"]}}],"collection":[{"href":"https:\/\/www.invarena.cz\/index.php?rest_route=\/wp\/v2\/posts"}],"about":[{"href":"https:\/\/www.invarena.cz\/index.php?rest_route=\/wp\/v2\/types\/post"}],"author":[{"embeddable":true,"href":"https:\/\/www.invarena.cz\/index.php?rest_route=\/wp\/v2\/users\/1"}],"replies":[{"embeddable":true,"href":"https:\/\/www.invarena.cz\/index.php?rest_route=%2Fwp%2Fv2%2Fcomments&post=18326"}],"version-history":[{"count":0,"href":"https:\/\/www.invarena.cz\/index.php?rest_route=\/wp\/v2\/posts\/18326\/revisions"}],"wp:featuredmedia":[{"embeddable":true,"href":"https:\/\/www.invarena.cz\/index.php?rest_route=\/wp\/v2\/media\/13767"}],"wp:attachment":[{"href":"https:\/\/www.invarena.cz\/index.php?rest_route=%2Fwp%2Fv2%2Fmedia&parent=18326"}],"wp:term":[{"taxonomy":"category","embeddable":true,"href":"https:\/\/www.invarena.cz\/index.php?rest_route=%2Fwp%2Fv2%2Fcategories&post=18326"},{"taxonomy":"post_tag","embeddable":true,"href":"https:\/\/www.invarena.cz\/index.php?rest_route=%2Fwp%2Fv2%2Ftags&post=18326"}],"curies":[{"name":"wp","href":"https:\/\/api.w.org\/{rel}","templated":true}]}}