{"id":18374,"date":"2014-11-13T06:43:46","date_gmt":"2014-11-13T05:43:46","guid":{"rendered":"http:\/\/www.invarena.cz\/?p=18374"},"modified":"2014-11-13T06:43:55","modified_gmt":"2014-11-13T05:43:55","slug":"nemocne-deti-z-bohumina-mesto-opet-posle-na-ozdravne-pobyty","status":"publish","type":"post","link":"https:\/\/www.invarena.cz\/?p=18374","title":{"rendered":"Nemocn\u00e9 d\u011bti z Bohum\u00edna m\u011bsto op\u011bt po\u0161le na ozdravn\u00e9 pobyty"},"content":{"rendered":"<p><strong>Nemocn\u00e9 d\u011bti z Bohum\u00edna na Karvinsku budou moci zdarma v p\u0159\u00ed\u0161t\u00edm roce v dob\u011b topn\u00e9 sezony op\u011bt vyrazit na pobyty do ozdravoven v Jesen\u00edc\u00edch a Beskydech. Dopravu do ozdravoven zaplat\u00ed m\u011bsto, samotn\u00fd m\u011bs\u00ed\u010dn\u00ed pobyt v podh\u016f\u0159\u00ed hor jim hrad\u00ed v pln\u00e9 v\u00fd\u0161i zdravotn\u00ed poji\u0161\u0165ovny, \u0159ekla mluv\u010d\u00ed radnice Lucie Balcarov\u00e1. <\/strong><!--more--><\/p>\n<p>M\u011bsto pro d\u011bti s astmatem, alergiemi, \u010dast\u00fdm onemocn\u011bn\u00edm d\u00fdchac\u00edch cest, ale i obezitou \u010di skoli\u00f3zou u\u017e p\u00e1t\u00fdm rokem rezervovalo pobyty v Metylovic\u00edch a Zlat\u00fdch Hor\u00e1ch, kter\u00e9 za\u010dnou na p\u0159elomu ledna a \u00fanora.<\/p>\n<p>Rodi\u010de u\u017e mohou hl\u00e1sit sv\u00e9 d\u011bti k ozdravn\u00e9mu pobytu u d\u011btsk\u00fdch l\u00e9ka\u0159ek. K p\u0159ijet\u00ed do sanatoria je toti\u017e zapot\u0159eb\u00ed jejich doporu\u010den\u00ed. N\u00e1vrh na za\u0159azen\u00ed d\u00edt\u011bte do l\u00e9\u010debny pak schvaluje revizn\u00ed l\u00e9ka\u0159 p\u0159\u00edslu\u0161n\u00e9 zdravotn\u00ed poji\u0161\u0165ovny.<\/p>\n<p>&#8222;Term\u00edny pobyt\u016f jsme zvolili z\u00e1m\u011brn\u011b. Jednak je ukon\u010deno prvn\u00ed pololet\u00ed a u\u010ditel\u00e9 maj\u00ed v tu dobu uzav\u0159enu klasifikaci pro pololetn\u00ed vysv\u011bd\u010den\u00ed, a jednak pr\u00e1v\u011b vrchol\u00ed topn\u00e1 sez\u00f3na a kvalita ovzdu\u0161\u00ed tak b\u00fdv\u00e1 nejhor\u0161\u00ed,&#8220; uvedla vedouc\u00ed odboru \u0161kolstv\u00ed, kultury a sportu Pavla Skokanov\u00e1. Pr\u00e1v\u011b Bohum\u00edn pat\u0159\u00ed k m\u011bst\u016fm, kde b\u011bhem zimy b\u00fdv\u00e1 v\u00fdrazn\u011b zhor\u0161en\u00e1 kvalita ovzdu\u0161\u00ed.<\/p>\n<p>Mluv\u010d\u00ed p\u0159ipomn\u011bla, \u017ee l\u00e9\u010debn\u00e9 pobyty m\u011bsto po\u0159\u00e1d\u00e1 a dotuje od roku 2011. Ro\u010dn\u011b se jich \u00fa\u010dastn\u00ed asi 60 d\u011bt\u00ed. &#8222;Celkov\u011b jich d\u00edky projektu vyjelo za \u010derstv\u00fdm vzduchem p\u0159es 260. Rozpo\u010det m\u011bsta to p\u0159i\u0161lo na v\u00edce ne\u017e 440.000 korun. A\u017e do roku 2013 toti\u017e m\u011bsto p\u0159isp\u00edvalo rodi\u010d\u016fm na regula\u010dn\u00ed poplatky za pobyt d\u00edt\u011bte v sanatoriu, a to \u010d\u00e1stkou 2000 korun na d\u00edt\u011b. Te\u010f radnice financuje hromadnou p\u0159epravu d\u011bt\u00ed tam i zp\u011bt a zaji\u0161\u0165uje koordinaci,&#8220; vysv\u011btlila Balcarov\u00e1.<\/p>\n<p>Radnice pravideln\u011b p\u0159isp\u00edv\u00e1 p\u0159ed\u0161koln\u00edm i \u0161koln\u00edm d\u011btem tak\u00e9 na t\u00fddenn\u00ed pobyty v p\u0159\u00edrod\u011b, v soln\u00e9 jeskyni, na bruslen\u00ed, plav\u00e1n\u00ed nebo saunov\u00e1n\u00ed. Ro\u010dn\u011b d\u00e1 na tyto aktivity z rozpo\u010dtu m\u011bsta p\u0159es milion korun.<\/p>\n","protected":false},"excerpt":{"rendered":"<div class=\"mh-excerpt\"><p>Nemocn\u00e9 d\u011bti z Bohum\u00edna na Karvinsku budou moci zdarma v p\u0159\u00ed\u0161t\u00edm roce v dob\u011b topn\u00e9 sezony op\u011bt vyrazit na pobyty do ozdravoven v Jesen\u00edc\u00edch a <a class=\"mh-excerpt-more\" href=\"https:\/\/www.invarena.cz\/?p=18374\" title=\"Nemocn\u00e9 d\u011bti z Bohum\u00edna m\u011bsto op\u011bt po\u0161le na ozdravn\u00e9 pobyty\">[&#8230;]<\/a><\/p>\n<\/div>","protected":false},"author":1,"featured_media":0,"comment_status":"open","ping_status":"closed","sticky":false,"template":"","format":"standard","meta":{"footnotes":""},"categories":[9],"tags":[],"class_list":["post-18374","post","type-post","status-publish","format-standard","hentry","category-zpravy"],"_links":{"self":[{"href":"https:\/\/www.invarena.cz\/index.php?rest_route=\/wp\/v2\/posts\/18374","targetHints":{"allow":["GET"]}}],"collection":[{"href":"https:\/\/www.invarena.cz\/index.php?rest_route=\/wp\/v2\/posts"}],"about":[{"href":"https:\/\/www.invarena.cz\/index.php?rest_route=\/wp\/v2\/types\/post"}],"author":[{"embeddable":true,"href":"https:\/\/www.invarena.cz\/index.php?rest_route=\/wp\/v2\/users\/1"}],"replies":[{"embeddable":true,"href":"https:\/\/www.invarena.cz\/index.php?rest_route=%2Fwp%2Fv2%2Fcomments&post=18374"}],"version-history":[{"count":0,"href":"https:\/\/www.invarena.cz\/index.php?rest_route=\/wp\/v2\/posts\/18374\/revisions"}],"wp:attachment":[{"href":"https:\/\/www.invarena.cz\/index.php?rest_route=%2Fwp%2Fv2%2Fmedia&parent=18374"}],"wp:term":[{"taxonomy":"category","embeddable":true,"href":"https:\/\/www.invarena.cz\/index.php?rest_route=%2Fwp%2Fv2%2Fcategories&post=18374"},{"taxonomy":"post_tag","embeddable":true,"href":"https:\/\/www.invarena.cz\/index.php?rest_route=%2Fwp%2Fv2%2Ftags&post=18374"}],"curies":[{"name":"wp","href":"https:\/\/api.w.org\/{rel}","templated":true}]}}