{"id":18377,"date":"2014-11-13T09:37:03","date_gmt":"2014-11-13T08:37:03","guid":{"rendered":"http:\/\/www.invarena.cz\/?p=18377"},"modified":"2014-11-13T09:48:40","modified_gmt":"2014-11-13T08:48:40","slug":"dosel-mi-dopis-na-cerpani-podpurci-doby-v-delce-380-dni-jak-mam-pokracovat","status":"publish","type":"post","link":"https:\/\/www.invarena.cz\/?p=18377","title":{"rendered":"Do\u0161el mi dopis o \u010derp\u00e1n\u00ed podp\u016fr\u010d\u00ed doby. Jak m\u00e1m postupovat?"},"content":{"rendered":"<p><strong>Dotaz:<\/strong>\u00a0 <strong>Jsem na neschopence od 18.11.2013, v lednu 2014 operace, v \u0159\u00edjnu reoperace. A dnes mn\u011b do\u0161el dopis od \u010cSSZ dopis na \u010derp\u00e1n\u00ed podp\u016fr\u010d\u00ed doby v d\u00e9lce 380 dn\u00ed. Jak m\u00e1m pokra\u010dovat?<\/strong><br \/>\n<!--more--><br \/>\n<strong>Odpov\u011b\u010f:<\/strong><\/p>\n<p>Z\u0159ejm\u011b m\u00e1te na mysli, \u017ee V\u00e1m p\u0159i\u0161el dopis od \u010cSSZ s vyj\u00e1d\u0159en\u00edm, \u017ee jste vy\u010derpala z\u00e1konem stanoven\u00fdch 380 dn\u00ed po kter\u00e9 m\u00e1te n\u00e1rok b\u00fdt v podp\u016fr\u010d\u00ed dob\u011b:<\/p>\n<p>&#8222;Podp\u016fr\u010d\u00ed doba u nemocensk\u00e9ho za\u010d\u00edn\u00e1 15. kalend\u00e1\u0159n\u00edm dnem trv\u00e1n\u00ed do\u010dasn\u00e9 pracovn\u00ed neschopnosti nebo 15. kalend\u00e1\u0159n\u00edm dnem na\u0159\u00edzen\u00e9 karant\u00e9ny a kon\u010d\u00ed dnem, j\u00edm\u017e kon\u010d\u00ed do\u010dasn\u00e1 pracovn\u00ed neschopnost nebo na\u0159\u00edzen\u00e1 karant\u00e9na, pokud n\u00e1rok na nemocensk\u00e9 trv\u00e1 a\u017e do tohoto dne; podp\u016fr\u010d\u00ed doba v\u0161ak trv\u00e1 nejd\u00e9le 380 kalend\u00e1\u0159n\u00edch dn\u016f ode dne vzniku do\u010dasn\u00e9 pracovn\u00ed neschopnosti nebo na\u0159\u00edzen\u00ed karant\u00e9ny, pokud se d\u00e1le nestanov\u00ed jinak.&#8220;<\/p>\n<p>V sou\u010dasn\u00e9 dob\u011b m\u00e1te mo\u017enost po\u017e\u00e1dat si o prodlou\u017een\u00ed v\u00fdplaty nemocensk\u00e9. To V\u00e1m ale bude schv\u00e1leno pouze v p\u0159\u00edpad\u011b, \u017ee je p\u0159edpoklad zlep\u0161en\u00ed Va\u0161eho zdravotn\u00edho stavu.<\/p>\n<p>&#8222;Po uplynut\u00ed podp\u016fr\u010d\u00ed doby stanoven\u00e9 podle \u00a7 26 se nemocensk\u00e9 vypl\u00e1c\u00ed na z\u00e1klad\u011b \u017e\u00e1dosti poji\u0161t\u011bnce po dobu stanovenou v rozhodnut\u00ed org\u00e1nu nemocensk\u00e9ho poji\u0161t\u011bn\u00ed podle vyj\u00e1d\u0159en\u00ed l\u00e9ka\u0159e org\u00e1nu nemocensk\u00e9ho poji\u0161t\u011bn\u00ed, kter\u00fd vypl\u00e1c\u00ed nemocensk\u00e9, pokud lze o\u010dek\u00e1vat, \u017ee poji\u0161t\u011bnec v kr\u00e1tk\u00e9 dob\u011b, nejd\u00e9le v\u0161ak v dob\u011b 350 kalend\u00e1\u0159n\u00edch dn\u016f od uplynut\u00ed podp\u016fr\u010d\u00ed doby stanoven\u00e9 podle \u00a7 26, nabude pracovn\u00ed schopnost, a to i k jin\u00e9 ne\u017e dosavadn\u00ed poji\u0161t\u011bn\u00e9 \u010dinnosti; takto lze postupovat i opakovan\u011b, p\u0159i\u010dem\u017e p\u0159i jednotliv\u00e9m prodlou\u017een\u00ed v\u00fdplaty nemocensk\u00e9ho nesm\u00ed b\u00fdt doba tohoto prodlou\u017een\u00ed del\u0161\u00ed ne\u017e 3 m\u011bs\u00edce. Nemocensk\u00e9 lze podle v\u011bty prvn\u00ed vypl\u00e1cet celkem nejd\u00e9le po dobu 350 kalend\u00e1\u0159n\u00edch dn\u016f od uplynut\u00ed podp\u016fr\u010d\u00ed doby stanoven\u00e9 podle \u00a7 26.&#8220;<\/p>\n<p>V p\u0159\u00edpad\u011b, \u017ee Va\u0161\u00ed \u017e\u00e1dosti nebude vyhov\u011bno, je zde mo\u017enost za\u017e\u00e1dat si o invalidn\u00ed d\u016fchod. Prvn\u00ed stupe\u0148 id m\u016f\u017eete z\u00edskat v p\u0159\u00edpad\u011b, \u017ee l\u00e9ka\u0159sk\u00e1 posudkov\u00e1 slu\u017eba usoud\u00ed, \u017ee V\u00e1m zdravotn\u00ed stav sni\u017euje pracovn\u00ed schopnost minim\u00e1ln\u011b o 35%.<\/p>\n<p>D\u00e1le bude nutn\u00e9, abyste svou situaci vy\u0159e\u0161ila se zam\u011bstnavatelem. Ten vzhledem k Va\u0161emu zdravotn\u00edmu posudku m\u016f\u017ee usoudit, \u017ee by pro V\u00e1s nalezl pracovn\u00ed m\u00edsto, na kter\u00e9 V\u00e1s m\u016f\u017ee p\u0159esunout. M\u00e1 ale tak\u00e9 pr\u00e1vo V\u00e1m d\u00e1t v\u00fdpov\u011b\u010f, vzhledem k tomu, \u017ee nezvl\u00e1d\u00e1te vykon\u00e1vat pracovn\u00ed \u010dinnost ze zdravotn\u00edch d\u016fvod\u016f.<\/p>\n<p>N\u00e1sledn\u011b se m\u016f\u017eete j\u00edt p\u0159ihl\u00e1sit na \u00fa\u0159ad pr\u00e1ce, av\u0161ak je ve Va\u0161em vlastn\u00edm z\u00e1jmu, kdy\u017e si budete aktivn\u011b hledat nov\u00e9 zam\u011bstn\u00e1n\u00ed, kter\u00e9 budete se sv\u00fdm handicapem zvl\u00e1dat.<\/p>\n<p>Ji\u0159\u00ed Marek<br \/>\ninvArena<\/p>\n","protected":false},"excerpt":{"rendered":"<div class=\"mh-excerpt\"><p>Dotaz:\u00a0 Jsem na neschopence od 18.11.2013, v lednu 2014 operace, v \u0159\u00edjnu reoperace. A dnes mn\u011b do\u0161el dopis od \u010cSSZ dopis na \u010derp\u00e1n\u00ed podp\u016fr\u010d\u00ed doby <a class=\"mh-excerpt-more\" href=\"https:\/\/www.invarena.cz\/?p=18377\" title=\"Do\u0161el mi dopis o \u010derp\u00e1n\u00ed podp\u016fr\u010d\u00ed doby. Jak m\u00e1m postupovat?\">[&#8230;]<\/a><\/p>\n<\/div>","protected":false},"author":3,"featured_media":5390,"comment_status":"open","ping_status":"closed","sticky":false,"template":"","format":"standard","meta":{"footnotes":""},"categories":[18,9],"tags":[],"class_list":["post-18377","post","type-post","status-publish","format-standard","has-post-thumbnail","hentry","category-poradna","category-zpravy"],"_links":{"self":[{"href":"https:\/\/www.invarena.cz\/index.php?rest_route=\/wp\/v2\/posts\/18377","targetHints":{"allow":["GET"]}}],"collection":[{"href":"https:\/\/www.invarena.cz\/index.php?rest_route=\/wp\/v2\/posts"}],"about":[{"href":"https:\/\/www.invarena.cz\/index.php?rest_route=\/wp\/v2\/types\/post"}],"author":[{"embeddable":true,"href":"https:\/\/www.invarena.cz\/index.php?rest_route=\/wp\/v2\/users\/3"}],"replies":[{"embeddable":true,"href":"https:\/\/www.invarena.cz\/index.php?rest_route=%2Fwp%2Fv2%2Fcomments&post=18377"}],"version-history":[{"count":0,"href":"https:\/\/www.invarena.cz\/index.php?rest_route=\/wp\/v2\/posts\/18377\/revisions"}],"wp:featuredmedia":[{"embeddable":true,"href":"https:\/\/www.invarena.cz\/index.php?rest_route=\/wp\/v2\/media\/5390"}],"wp:attachment":[{"href":"https:\/\/www.invarena.cz\/index.php?rest_route=%2Fwp%2Fv2%2Fmedia&parent=18377"}],"wp:term":[{"taxonomy":"category","embeddable":true,"href":"https:\/\/www.invarena.cz\/index.php?rest_route=%2Fwp%2Fv2%2Fcategories&post=18377"},{"taxonomy":"post_tag","embeddable":true,"href":"https:\/\/www.invarena.cz\/index.php?rest_route=%2Fwp%2Fv2%2Ftags&post=18377"}],"curies":[{"name":"wp","href":"https:\/\/api.w.org\/{rel}","templated":true}]}}