{"id":18391,"date":"2014-11-13T09:34:29","date_gmt":"2014-11-13T08:34:29","guid":{"rendered":"http:\/\/www.invarena.cz\/?p=18391"},"modified":"2014-11-13T09:34:36","modified_gmt":"2014-11-13T08:34:36","slug":"bazar-pro-handicapovane-tv-barrandov","status":"publish","type":"post","link":"https:\/\/www.invarena.cz\/?p=18391","title":{"rendered":"Bazar pro handicapovan\u00e9"},"content":{"rendered":"<p><strong>Dobr\u00e1 zpr\u00e1va pro lidi upoutan\u00e9 na voz\u00edk. V Praze vznikl prvn\u00ed bazar, orientovan\u00fd na speci\u00e1ln\u011b upraven\u00e1 auta pro handicapovan\u00e9. V z\u00e1padn\u00ed Evrop\u011b nejde o nic mimo\u0159\u00e1dn\u00e9ho. Ve st\u0159edn\u00ed a v\u00fdchodn\u00ed Evrop\u011b si t\u00edm ale \u010ce\u0161i p\u0159ipsali prvenstv\u00ed.<\/strong><!--more--><\/p>\n<p><strong><em>TV Barrandov &#8211; z\u00e1znam report\u00e1\u017ee<br \/>\n<\/em><\/strong><br \/>\nNeziskov\u00e1 organizace nav\u00edc t\u011blesn\u011b posti\u017een\u00fdm nab\u00edz\u00ed i dal\u0161\u00ed slu\u017eby spojen\u00e9 s vozidlem, nebo p\u0159emis\u0165ov\u00e1n\u00edm.<br \/>\nNa voz\u00edk je dvaadvacetilet\u00fd Denis kv\u016fli vrozen\u00e9 l\u00e1mavosti kost\u00ed upoutan\u00fd u\u017e od narozen\u00ed. Zlomeninu mu m\u016f\u017ee zp\u016fsobit ta nejb\u011b\u017en\u011bj\u0161\u00ed \u010dinnost.<\/p>\n<p>Denis GOLL, voz\u00ed\u010dk\u00e1\u0159: T\u0159eba se p\u0159ikryju dekou a bohu\u017eel jsem si zlomil u toho ruku. V sou\u010dasnosti se to dost zlep\u0161uje.<br \/>\nA taky b\u011b\u017en\u00e1 cesta na n\u00e1kup, za z\u00e1bavou, nebo do \u0161koly je pro studenta \u017eurnalistiky problematick\u00e1.<\/p>\n<p>Denis GOLL, :Ve\u0161ker\u00e1 doprava nen\u00ed v sou\u010dasnosti bezbari\u00e9rov\u00e1 a mus\u00edme pe\u010dliv\u011bji pl\u00e1novat cestu, kam pojdeme.<br \/>\nBezbari\u00e9rov\u00fdch p\u0159\u00edstup\u016f sice p\u0159ib\u00fdv\u00e1, situace st\u00e1le je\u0161t\u011b nen\u00ed optim\u00e1ln\u00ed. T\u011blesn\u011b posti\u017een\u00ed proto k p\u0159eprav\u011b vol\u00ed i automobily. Zakoupit si speci\u00e1ln\u011b upraven\u00fd pou\u017eit\u00fd v\u016fz, bylo pro voz\u00ed\u010dk\u00e1\u0159e a\u017e doned\u00e1vna t\u00e9m\u011b\u0159 nemo\u017en\u00e9.<\/p>\n<p>Jakub POBO\u0158IL, \u0159editel Centra Mobility:\u00a0 V \u010cesk\u00e9 republice se na internetu pr\u016fm\u011brn\u011b pohybuj\u00ed jedno a\u017e dv\u011b vozidla m\u011bs\u00ed\u010dn\u011b, proto jsme vlastn\u011b otev\u0159eli i bazar a p\u016fj\u010dovnu pro voz\u00ed\u010dk\u00e1\u0159e.<br \/>\nNejbli\u017e\u0161\u00ed takov\u00fd, ur\u010den\u00fd v\u00fdhradn\u011b pro voz\u00ed\u010dk\u00e1\u0159e, byl dosud a\u017e v N\u011bmecku. Te\u010f jim sta\u010d\u00ed dojet do Prahy. V n\u011bkter\u00fdch p\u0159\u00edpadech jim s financov\u00e1n\u00edm pom\u016f\u017ee i st\u00e1t.<\/p>\n<p>Kate\u0159ina BER\u00c1NKOV\u00c1, mluv\u010d\u00ed \u00da\u0159adu pr\u00e1ce:\u00a0\u00a0 O d\u00e1vku m\u016f\u017ee po\u017e\u00e1dat \u010dlov\u011bk, kter\u00fd m\u00e1 dlouhodob\u011b zdravotn\u00ed posti\u017een\u00ed. Maxim\u00e1ln\u00ed \u010d\u00e1stka na po\u0159\u00edzen\u00ed motorov\u00e9ho vozidla m\u016f\u017ee dos\u00e1hnout dvou set tis\u00edc korun.<br \/>\nCentrum nav\u00edc voz\u00ed\u010dk\u00e1\u0159\u016fm nab\u00edz\u00ed i pron\u00e1jem upraven\u00fdch voz\u016f, p\u0159\u00edpadn\u011b je samo i odveze. Voz\u00ed\u010dk\u00e1\u0159 za p\u0159epravu speci\u00e1ln\u011b upraven\u00fdm vozem zaplat\u00ed p\u0159ibli\u017en\u011b stejn\u011b, jako za j\u00edzdu v b\u011b\u017en\u00e9m taxi, tedy zhruba p\u011btadvacet korun za kilometr.<\/p>\n<p>Denis GOLL, :A do t\u00e9 doby, ne\u017e tato slu\u017eba vznikla, nebylo mo\u017en\u00e9 vlastn\u011b pro n\u00e1s voz\u00ed\u010dk\u00e1\u0159e no\u010dn\u00ed cestov\u00e1n\u00ed, co\u017e je probl\u00e9m, proto\u017ee i my se chceme t\u0159eba ve\u010der bavit.<\/p>\n<p>Projekt by stejn\u011b jako Denise mohl zaujmout a pomoci i tis\u00edc\u016fm dal\u0161\u00edch \u010desk\u00fdch voz\u00ed\u010dk\u00e1\u0159\u016f.<\/p>\n<p><em>ilustra\u010dn\u00ed foto: creativist collective \/ Flickr.com<\/em><\/p>\n","protected":false},"excerpt":{"rendered":"<div class=\"mh-excerpt\"><p>Dobr\u00e1 zpr\u00e1va pro lidi upoutan\u00e9 na voz\u00edk. V Praze vznikl prvn\u00ed bazar, orientovan\u00fd na speci\u00e1ln\u011b upraven\u00e1 auta pro handicapovan\u00e9. V z\u00e1padn\u00ed Evrop\u011b nejde o nic <a class=\"mh-excerpt-more\" href=\"https:\/\/www.invarena.cz\/?p=18391\" title=\"Bazar pro handicapovan\u00e9\">[&#8230;]<\/a><\/p>\n<\/div>","protected":false},"author":1,"featured_media":17402,"comment_status":"open","ping_status":"closed","sticky":false,"template":"","format":"standard","meta":{"footnotes":""},"categories":[7,9],"tags":[],"class_list":["post-18391","post","type-post","status-publish","format-standard","has-post-thumbnail","hentry","category-spolecnost","category-zpravy"],"_links":{"self":[{"href":"https:\/\/www.invarena.cz\/index.php?rest_route=\/wp\/v2\/posts\/18391","targetHints":{"allow":["GET"]}}],"collection":[{"href":"https:\/\/www.invarena.cz\/index.php?rest_route=\/wp\/v2\/posts"}],"about":[{"href":"https:\/\/www.invarena.cz\/index.php?rest_route=\/wp\/v2\/types\/post"}],"author":[{"embeddable":true,"href":"https:\/\/www.invarena.cz\/index.php?rest_route=\/wp\/v2\/users\/1"}],"replies":[{"embeddable":true,"href":"https:\/\/www.invarena.cz\/index.php?rest_route=%2Fwp%2Fv2%2Fcomments&post=18391"}],"version-history":[{"count":0,"href":"https:\/\/www.invarena.cz\/index.php?rest_route=\/wp\/v2\/posts\/18391\/revisions"}],"wp:featuredmedia":[{"embeddable":true,"href":"https:\/\/www.invarena.cz\/index.php?rest_route=\/wp\/v2\/media\/17402"}],"wp:attachment":[{"href":"https:\/\/www.invarena.cz\/index.php?rest_route=%2Fwp%2Fv2%2Fmedia&parent=18391"}],"wp:term":[{"taxonomy":"category","embeddable":true,"href":"https:\/\/www.invarena.cz\/index.php?rest_route=%2Fwp%2Fv2%2Fcategories&post=18391"},{"taxonomy":"post_tag","embeddable":true,"href":"https:\/\/www.invarena.cz\/index.php?rest_route=%2Fwp%2Fv2%2Ftags&post=18391"}],"curies":[{"name":"wp","href":"https:\/\/api.w.org\/{rel}","templated":true}]}}