{"id":18395,"date":"2014-11-14T07:10:36","date_gmt":"2014-11-14T06:10:36","guid":{"rendered":"http:\/\/www.invarena.cz\/?p=18395"},"modified":"2014-11-14T08:06:48","modified_gmt":"2014-11-14T07:06:48","slug":"potraviny-pro-celiaky-budou-pristi-rok-zrejme-levnejsi","status":"publish","type":"post","link":"https:\/\/www.invarena.cz\/?p=18395","title":{"rendered":"Potraviny pro celiaky budou p\u0159\u00ed\u0161t\u00ed rok z\u0159ejm\u011b levn\u011bj\u0161\u00ed"},"content":{"rendered":"<p><strong>Bezlepkov\u00e9 potraviny mohou od po\u010d\u00e1tku roku 2015 v\u00fdrazn\u011b zlevnit. Sn\u011bmovna toti\u017e schv\u00e1lila pozm\u011b\u0148ovac\u00ed n\u00e1vrh z\u00e1kona, d\u00edky kter\u00e9mu maj\u00ed suroviny ur\u010den\u00e9 k\u00a0v\u00fdrob\u011b potravin pro celiaky nov\u011b pat\u0159it do ni\u017e\u0161\u00ed desetiprocentn\u00ed sazby DPH.<\/strong> <!--more--><\/p>\n<p><b>V\u0161e nyn\u00ed z\u00e1vis\u00ed na schv\u00e1len\u00ed Sen\u00e1tu Parlamentu \u010cR. Laborato\u0159e AeskuLab odhaduj\u00ed, \u017ee zm\u011bna se pozitivn\u011b dotkne v\u00edce jak 40 tis\u00edc \u010cech\u016f, kte\u0159\u00ed maj\u00ed celiakii diagnostikovanou. Mnoho \u010cech\u016f v\u0161ak st\u00e1le nev\u00ed, \u017ee jejich t\u011blo lepek netoleruje, po\u010det celiak\u016f v\u00a0\u010cesku tak m\u016f\u017ee p\u0159edstavovat a\u017e sto tis\u00edc lid\u00ed.<\/b><\/p>\n<p class=\"western\" align=\"justify\">\u201e<span style=\"font-size: medium;\"><span lang=\"cs-CZ\"><i>L\u00e9ky na celiakii neexistuj\u00ed. Jedin\u00fdm \u0159e\u0161en\u00edm, jak se nep\u0159\u00edjemn\u00fdch p\u0159\u00edznak\u016f zbavit, je p\u0159\u00edsn\u00e1 bezlepkov\u00e1 dieta. Cena bezlepkov\u00fdch potravin &#8211; jako je speci\u00e1ln\u00ed mouka nebo t\u011bstoviny &#8211; je st\u00e1le velk\u00fd probl\u00e9m. Pokud se bezlepkov\u00e9 suroviny dostanou do ni\u017e\u0161\u00ed sazby DPH a sn\u00ed\u017e\u00ed se jejich cena, bude to pro mnoh\u00e9 celiaky znamenat zlep\u0161en\u00ed jejich \u017eivota,\u201c<\/i><\/span><\/span><span style=\"font-size: medium;\"><span lang=\"cs-CZ\"> uv\u00e1d\u00ed MUDr. Eva Matou\u0161kov\u00e1, praktick\u00fd l\u00e9ka\u0159 pro d\u011bti a dorost z\u00a0Tel\u010de. <\/span><\/span><\/p>\n<p class=\"western\" align=\"justify\"><span style=\"font-size: medium;\"><span lang=\"cs-CZ\">Lid\u00e9 s\u00a0celiaki\u00ed maj\u00ed po\u0161kozenou sliznici tenk\u00e9ho st\u0159eva, kter\u00e1 se st\u00e1v\u00e1 v\u00edce propustnou pro r\u016fzn\u00e9 molekuly a spou\u0161t\u011b\u010de autoimunitn\u00edho procesu. Projekt Bezlepkov\u00ed upozor\u0148uje na p\u0159\u00edznaky a pot\u00ed\u017ee, kter\u00e9 jsou s\u00a0celiaki\u00ed spjaty. <\/span><\/span><\/p>\n<p class=\"western\" align=\"justify\"><span style=\"font-size: medium;\"><span lang=\"cs-CZ\"><i>\u201e<\/i><\/span><\/span><span style=\"font-size: medium;\"><i>Od za\u010d\u00e1tku leto\u0161n\u00edho roku jsme v\u00a0Mosti\u0161ti diagnostikovali dal\u0161\u00edch 10<\/i><\/span><i> <\/i><span style=\"font-size: medium;\"><i>celiak\u016f, kte\u0159\u00ed mus\u00ed dodr\u017eovat bezlepkovou dietu.\u201c<\/i><\/span><span style=\"font-size: medium;\"><span lang=\"cs-CZ\"><i> Nerozpoznan\u00e1\u00a0 a\u00a0 nel\u00e9\u010den\u00e1\u00a0 celiakie m\u016f\u017ee\u00a0 v\u00e9st i k z\u00e1v\u00e1\u017en\u011bj\u0161\u00edm nemocem onkologick\u00e9ho\u00a0 charakteru,\u201c<\/i><\/span><\/span><span style=\"font-size: medium;\"><span lang=\"cs-CZ\"> upozor\u0148uje MUDr. Zden\u011bk Fiala, patolog z\u00a0laborato\u0159e CEDELAB v Mosti\u0161ti.<\/span><\/span><\/p>\n<p class=\"western\" align=\"justify\">tiskov\u00e1 zpr\u00e1va Aeskulab<\/p>\n<p class=\"western\" align=\"justify\">invArena<\/p>\n","protected":false},"excerpt":{"rendered":"<div class=\"mh-excerpt\"><p>Bezlepkov\u00e9 potraviny mohou od po\u010d\u00e1tku roku 2015 v\u00fdrazn\u011b zlevnit. Sn\u011bmovna toti\u017e schv\u00e1lila pozm\u011b\u0148ovac\u00ed n\u00e1vrh z\u00e1kona, d\u00edky kter\u00e9mu maj\u00ed suroviny ur\u010den\u00e9 k\u00a0v\u00fdrob\u011b potravin pro celiaky nov\u011b <a class=\"mh-excerpt-more\" href=\"https:\/\/www.invarena.cz\/?p=18395\" title=\"Potraviny pro celiaky budou p\u0159\u00ed\u0161t\u00ed rok z\u0159ejm\u011b levn\u011bj\u0161\u00ed\">[&#8230;]<\/a><\/p>\n<\/div>","protected":false},"author":1,"featured_media":18396,"comment_status":"open","ping_status":"closed","sticky":false,"template":"","format":"standard","meta":{"footnotes":""},"categories":[11],"tags":[],"class_list":["post-18395","post","type-post","status-publish","format-standard","has-post-thumbnail","hentry","category-zdravi"],"_links":{"self":[{"href":"https:\/\/www.invarena.cz\/index.php?rest_route=\/wp\/v2\/posts\/18395","targetHints":{"allow":["GET"]}}],"collection":[{"href":"https:\/\/www.invarena.cz\/index.php?rest_route=\/wp\/v2\/posts"}],"about":[{"href":"https:\/\/www.invarena.cz\/index.php?rest_route=\/wp\/v2\/types\/post"}],"author":[{"embeddable":true,"href":"https:\/\/www.invarena.cz\/index.php?rest_route=\/wp\/v2\/users\/1"}],"replies":[{"embeddable":true,"href":"https:\/\/www.invarena.cz\/index.php?rest_route=%2Fwp%2Fv2%2Fcomments&post=18395"}],"version-history":[{"count":0,"href":"https:\/\/www.invarena.cz\/index.php?rest_route=\/wp\/v2\/posts\/18395\/revisions"}],"wp:featuredmedia":[{"embeddable":true,"href":"https:\/\/www.invarena.cz\/index.php?rest_route=\/wp\/v2\/media\/18396"}],"wp:attachment":[{"href":"https:\/\/www.invarena.cz\/index.php?rest_route=%2Fwp%2Fv2%2Fmedia&parent=18395"}],"wp:term":[{"taxonomy":"category","embeddable":true,"href":"https:\/\/www.invarena.cz\/index.php?rest_route=%2Fwp%2Fv2%2Fcategories&post=18395"},{"taxonomy":"post_tag","embeddable":true,"href":"https:\/\/www.invarena.cz\/index.php?rest_route=%2Fwp%2Fv2%2Ftags&post=18395"}],"curies":[{"name":"wp","href":"https:\/\/api.w.org\/{rel}","templated":true}]}}