{"id":18417,"date":"2014-11-15T01:45:18","date_gmt":"2014-11-15T00:45:18","guid":{"rendered":"http:\/\/www.invarena.cz\/?p=18417"},"modified":"2014-11-15T18:46:06","modified_gmt":"2014-11-15T17:46:06","slug":"herec-jiri-bartoska-trpi-zhoubnym-onemocnenim-miznich-uzlin","status":"publish","type":"post","link":"https:\/\/www.invarena.cz\/?p=18417","title":{"rendered":"Herec Ji\u0159\u00ed Barto\u0161ka trp\u00ed zhoubn\u00fdm onemocn\u011bn\u00edm m\u00edzn\u00edch uzlin"},"content":{"rendered":"<p>&lt;strong&gt;Popul\u00e1rn\u00ed divadeln\u00ed a filmov\u00fd herec a prezident karlovarsk\u00e9ho filmov\u00e9ho festivalu Ji\u0159\u00ed Barto\u0161ka trp\u00ed zhoubn\u00fdm onemocn\u011bn\u00edm, kter\u00e9 postihlo m\u00edzn\u00ed uzliny v mezihrud\u00ed. Bude l\u00e9\u010den pomoc\u00ed syst\u00e9mov\u00e9 chemoterapie, informovala dnes po dohod\u011b s pacientem mluv\u010d\u00ed Fakultn\u00ed nemocnice v Motole Pavl\u00edna Dankov\u00e1.&lt;\/strong&gt;<!--more--><\/p>\n<p>Dal\u0161\u00ed informace o zdravotn\u00edm stavu nebude na jeho p\u0159\u00e1n\u00ed poskytovat.<br \/>\n&#8222;Na p\u0159\u00edprav\u00e1ch 50. ro\u010dn\u00edku mezin\u00e1rodn\u00edho filmov\u00e9ho festivalu v Karlov\u00fdch Varech, jeho\u017e je pan Barto\u0161ka prezidentem, dlouhodob\u011b pracuje festivalov\u00fd t\u00fdm,&#8220; uvedla k tomu mluv\u010d\u00ed t\u00e9to presti\u017en\u00ed p\u0159ehl\u00eddky Uljana Don\u00e1tov\u00e1. Podle n\u00ed kon\u00e1n\u00ed jubilejn\u00edho ro\u010dn\u00edku pl\u00e1novan\u00e9ho na 3. a\u017e 11. \u010dervence 2015 nen\u00ed v t\u00e9to chv\u00edli ohro\u017eeno.<\/p>\n<p>Sedma\u0161edes\u00e1tilet\u00fd herec podle d\u0159\u00edv\u011bj\u0161\u00edch informac\u00ed m\u00e9di\u00ed podstoupil v \u0159\u00edjnu z\u00e1krok v nemocnici v Motole a za\u010dal ru\u0161it p\u0159edstaven\u00ed v divadle. Herec, jeho\u017e charakterizuje zast\u0159en\u00fd hlas, br\u00fdle &#8222;na p\u016fl \u017eerdi&#8220; a nezbytn\u00e1 cigareta, z\u00edskal \u010cesk\u00e9ho lva za roli houslisty ve filmu V\u0161ichni moji bl\u00edzc\u00ed.<\/p>\n<p>Zahr\u00e1l si tak\u00e9 ve filmech Je t\u0159eba zab\u00edt Sekala, P\u0159\u00edb\u011bhy oby\u010dejn\u00e9ho \u0161\u00edlenstv\u00ed \u010di seri\u00e1lu Sanitka, v\u011bnuje se i komentov\u00e1n\u00ed cestopisn\u00fdch film\u016f \u010di produkci.<\/p>\n<p>V roce 1989 st\u00e1l Barto\u0161ka po boku V\u00e1clava Havla na &#8222;balkonu sametov\u00e9 revoluce&#8220;, je zn\u00e1m i bl\u00edzk\u00fdm vztahem s V\u00e1clavem Klausem. Do aktivn\u00ed politiky se v\u0161ak nikdy zl\u00e1kat nenechal.<\/p>\n<p>foto: www.cs.wikipedia.org<\/p>\n","protected":false},"excerpt":{"rendered":"<div class=\"mh-excerpt\"><p>&lt;strong&gt;Popul\u00e1rn\u00ed divadeln\u00ed a filmov\u00fd herec a prezident karlovarsk\u00e9ho filmov\u00e9ho festivalu Ji\u0159\u00ed Barto\u0161ka trp\u00ed zhoubn\u00fdm onemocn\u011bn\u00edm, kter\u00e9 postihlo m\u00edzn\u00ed uzliny v mezihrud\u00ed. Bude l\u00e9\u010den pomoc\u00ed syst\u00e9mov\u00e9 <a class=\"mh-excerpt-more\" href=\"https:\/\/www.invarena.cz\/?p=18417\" title=\"Herec Ji\u0159\u00ed Barto\u0161ka trp\u00ed zhoubn\u00fdm onemocn\u011bn\u00edm m\u00edzn\u00edch uzlin\">[&#8230;]<\/a><\/p>\n<\/div>","protected":false},"author":1,"featured_media":18416,"comment_status":"open","ping_status":"closed","sticky":false,"template":"","format":"standard","meta":{"footnotes":""},"categories":[7],"tags":[],"class_list":["post-18417","post","type-post","status-publish","format-standard","has-post-thumbnail","hentry","category-spolecnost"],"_links":{"self":[{"href":"https:\/\/www.invarena.cz\/index.php?rest_route=\/wp\/v2\/posts\/18417","targetHints":{"allow":["GET"]}}],"collection":[{"href":"https:\/\/www.invarena.cz\/index.php?rest_route=\/wp\/v2\/posts"}],"about":[{"href":"https:\/\/www.invarena.cz\/index.php?rest_route=\/wp\/v2\/types\/post"}],"author":[{"embeddable":true,"href":"https:\/\/www.invarena.cz\/index.php?rest_route=\/wp\/v2\/users\/1"}],"replies":[{"embeddable":true,"href":"https:\/\/www.invarena.cz\/index.php?rest_route=%2Fwp%2Fv2%2Fcomments&post=18417"}],"version-history":[{"count":0,"href":"https:\/\/www.invarena.cz\/index.php?rest_route=\/wp\/v2\/posts\/18417\/revisions"}],"wp:featuredmedia":[{"embeddable":true,"href":"https:\/\/www.invarena.cz\/index.php?rest_route=\/wp\/v2\/media\/18416"}],"wp:attachment":[{"href":"https:\/\/www.invarena.cz\/index.php?rest_route=%2Fwp%2Fv2%2Fmedia&parent=18417"}],"wp:term":[{"taxonomy":"category","embeddable":true,"href":"https:\/\/www.invarena.cz\/index.php?rest_route=%2Fwp%2Fv2%2Fcategories&post=18417"},{"taxonomy":"post_tag","embeddable":true,"href":"https:\/\/www.invarena.cz\/index.php?rest_route=%2Fwp%2Fv2%2Ftags&post=18417"}],"curies":[{"name":"wp","href":"https:\/\/api.w.org\/{rel}","templated":true}]}}