{"id":18425,"date":"2014-11-17T22:43:47","date_gmt":"2014-11-17T21:43:47","guid":{"rendered":"http:\/\/www.invarena.cz\/?p=18425"},"modified":"2014-11-17T22:43:47","modified_gmt":"2014-11-17T21:43:47","slug":"zivotni-minima-se-nezvysi-cilem-je-motivovat-lidi-k-praci","status":"publish","type":"post","link":"https:\/\/www.invarena.cz\/?p=18425","title":{"rendered":"\u017divotn\u00ed minima se nezv\u00fd\u0161\u00ed. C\u00edlem je motivovat lidi k pr\u00e1ci"},"content":{"rendered":"<p><strong>Vl\u00e1da p\u0159\u00ed\u0161t\u00ed rok zmraz\u00ed existen\u010dn\u00ed i \u017eivotn\u00ed minimum. Ministryn\u011b Michaele Marksov\u00e1 nakonec jejich zv\u00fd\u0161en\u00ed nenavrhne. Chce, aby potom, co od ledna stoupne nejni\u017e\u0161\u00ed mo\u017en\u00e1 mzda, vzrostl i rozd\u00edl v \u017eivotn\u00ed \u00farovni pracuj\u00edc\u00edch a t\u011bch, kdo pob\u00edraj\u00ed d\u00e1vky.<\/strong><!--more--><\/p>\n<p><em><strong>\u010cesk\u00e1 televize<\/strong><\/em><\/p>\n<p>Alena Pe\u0159ichov\u00e1 z Ostravy pob\u00edr\u00e1 od srpna na sebe na sv\u00e9 2 syna \u017eivotn\u00ed minimum 7 tis\u00edc. Po zaplacen\u00ed bydlen\u00ed a slu\u017eeb v ostravsk\u00e9m centru Arm\u00e1dy sp\u00e1sy j\u00ed zbude pro ni a pro jej\u00ed 2 d\u011bti zhruba tis\u00edcovka.<\/p>\n<p>Alena PE\u0158ICHOV\u00c1 :\u00a0\u00a0\u00a0 S t\u00edm \u017eivotn\u00edm minimem j\u00e1 v\u016fbec nevych\u00e1z\u00edm. Tam m\u00e1te do toho <span class=\"highlight\">l\u00e9ky<\/span>, ob\u011b dv\u011b d\u011bti chod\u00ed do \u0161koly. Sn\u00eddan\u011b, ob\u011bd, ve\u010de\u0159e.<\/p>\n<p>Aby si nemusela ka\u017ed\u00fd m\u011bs\u00edc p\u016fj\u010dovat, pom\u00e1haj\u00ed j\u00ed rodi\u010de. Vl\u00e1da ale pan\u00ed Pe\u0159ichov\u00e9 p\u0159\u00ed\u0161t\u00ed rok v\u00edce nepom\u016f\u017ee. D\u00e1vky pro nejchud\u0161\u00ed toti\u017e nech\u00e1 zmrazen\u00e9, na rozd\u00edl t\u0159eba od d\u016fchod\u016f nebo od plat\u016f st\u00e1tn\u00edch zam\u011bstnanc\u016f a politik\u016f.<\/p>\n<p>Alena PE\u0158ICHOV\u00c1 :\u00a0\u00a0 n\u00e1m to z\u016fstane zmra\u017een\u00e9, tak je to \u00fapln\u011b to&#8230; To p\u0159ece nejde. A\u0165 se jdou pod\u00edvat k takov\u00fdm lidem, jak \u017eijou.<\/p>\n<p>Michaela MARKSOV\u00c1, ministryn\u011b pr\u00e1ce a soci\u00e1ln\u00edch v\u011bc\u00ed \/\u010cSSD\/:\u00a0\u00a0 V tuto chv\u00edli nebudeme zvy\u0161ovat \u017eivotn\u00ed a existen\u010dn\u00ed minimum, proto\u017ee chceme motivovat lidi zejm\u00e9na k tomu, aby pracovali, a aby se opravdu vyplatilo pracovat a ne b\u00fdt na soci\u00e1ln\u00edch d\u00e1vk\u00e1ch.<\/p>\n<p>Je\u0161t\u011b v l\u00e9t\u011b p\u0159itom ministryn\u011b cht\u011bla navrhnout vl\u00e1d\u011b zv\u00fd\u0161en\u00ed \u017eivotn\u00edho minima na jednoho \u010dlov\u011bka o 180 korun m\u011bs\u00ed\u010dn\u011b a existen\u010dn\u00edho minima o 120 korun m\u011bs\u00ed\u010dn\u011b.\u00a0 MARKSOV\u00c1 \/nato\u010deno 16. 6. 2014\/: Bav\u00edme se o skupin\u00e1ch s t\u011bmi nejni\u017e\u0161\u00edmi p\u0159\u00edjmy a tam je ka\u017ed\u00e1 stokoruna dobr\u00e1.<\/p>\n<p>Nakonec ale ministryn\u011b zm\u011bnila n\u00e1zor. Rozpo\u010det p\u0159itom se 300 miliony na zv\u00fd\u0161en\u00ed \u017eivotn\u00edho i existen\u010dn\u00edho minima a na n\u011b nav\u00e1zan\u00fdch d\u00e1vek po\u010d\u00edt\u00e1. A pro p\u0159\u00ed\u0161t\u00ed rok hodl\u00e1 nechat zmrazen\u00e9 i dal\u0161\u00ed d\u00e1vky &#8211; p\u0159\u00eddavky na d\u011bti, mate\u0159skou a rodi\u010dovskou dovolenou, nebo p\u0159\u00edsp\u011bvky na p\u00e9\u010di o zdravotn\u011b posti\u017een\u00e9. A m\u00e1 pro to podporu od cel\u00e9 koalice.<\/p>\n<p>Pavel B\u011aLOBR\u00c1DEK, vicepremi\u00e9r a p\u0159edseda strany KDU-\u010cSL:\u00a0\u00a0 Je l\u00e9pe, aby se nezvy\u0161ovalo existen\u010dn\u00ed minimum pr\u00e1v\u011b proto, \u017ee je to nav\u00e1z\u00e1no na dal\u0161\u00ed v\u00fdpo\u010dty.<\/p>\n<p>Jan VOLN\u00dd, m\u00edstop\u0159edseda rozpo\u010dtov\u00e9ho v\u00fdboru; poslanec\u00a0 ANO:\u00a0\u00a0 Budeme podporovat lidi k tomu, aby pracovali, aby ne\u010dekali na ty d\u00e1vky.<\/p>\n<p>A s t\u00edm, \u017ee by m\u011bly z\u016fstat soci\u00e1ln\u00ed d\u00e1vky pro p\u0159\u00ed\u0161t\u00ed rok zmrazen\u00e9, souhlas\u00ed i pravicov\u00e1 opozice.<\/p>\n<p>Miroslav KALOUSEK, 1. m\u00edstop\u0159edseda strany; exministr financ\u00ed \/TOP 09\/:\u00a0\u00a0 Vzhledem k m\u00ed\u0159e inflace nen\u00ed \u017e\u00e1dn\u00fd d\u016fvod ke zvy\u0161ov\u00e1n\u00ed d\u00e1vek \u017eivotn\u00edho a existen\u010dn\u00edho minima.<\/p>\n<p>Naopak levicov\u00e1 opozice vl\u00e1du za \u00faspory v soci\u00e1ln\u00edch d\u00e1vk\u00e1ch kritizuje.<\/p>\n<p>Ji\u0159\u00ed DOLEJ\u0160, m\u00edstop\u0159edseda strany \/KS\u010cM\/:\u00a0\u00a0 Vl\u00e1da trochu zklame voli\u010de, proto\u017ee u\u017e je p\u0159ipravila na to, \u017ee soci\u00e1ln\u00ed syst\u00e9m bude \u0161t\u011bd\u0159ej\u0161\u00ed.<\/p>\n<p>\u010cesk\u00e1 vl\u00e1da naposledy zvy\u0161ovala d\u00e1vky pro nejchud\u0161\u00ed lidi v lednu 2012. Existen\u010dn\u00ed minimum tehdy vzrostlo o 180 korun m\u011bs\u00ed\u010dn\u011b, \u017eivotn\u00ed minimum pak o 3 stovky.<\/p>\n","protected":false},"excerpt":{"rendered":"<div class=\"mh-excerpt\"><p>Vl\u00e1da p\u0159\u00ed\u0161t\u00ed rok zmraz\u00ed existen\u010dn\u00ed i \u017eivotn\u00ed minimum. Ministryn\u011b Michaele Marksov\u00e1 nakonec jejich zv\u00fd\u0161en\u00ed nenavrhne. Chce, aby potom, co od ledna stoupne nejni\u017e\u0161\u00ed mo\u017en\u00e1 mzda, <a class=\"mh-excerpt-more\" href=\"https:\/\/www.invarena.cz\/?p=18425\" title=\"\u017divotn\u00ed minima se nezv\u00fd\u0161\u00ed. C\u00edlem je motivovat lidi k pr\u00e1ci\">[&#8230;]<\/a><\/p>\n<\/div>","protected":false},"author":1,"featured_media":16409,"comment_status":"open","ping_status":"closed","sticky":false,"template":"","format":"standard","meta":{"footnotes":""},"categories":[1,6],"tags":[],"class_list":["post-18425","post","type-post","status-publish","format-standard","has-post-thumbnail","hentry","category-nezarazene","category-politika"],"_links":{"self":[{"href":"https:\/\/www.invarena.cz\/index.php?rest_route=\/wp\/v2\/posts\/18425","targetHints":{"allow":["GET"]}}],"collection":[{"href":"https:\/\/www.invarena.cz\/index.php?rest_route=\/wp\/v2\/posts"}],"about":[{"href":"https:\/\/www.invarena.cz\/index.php?rest_route=\/wp\/v2\/types\/post"}],"author":[{"embeddable":true,"href":"https:\/\/www.invarena.cz\/index.php?rest_route=\/wp\/v2\/users\/1"}],"replies":[{"embeddable":true,"href":"https:\/\/www.invarena.cz\/index.php?rest_route=%2Fwp%2Fv2%2Fcomments&post=18425"}],"version-history":[{"count":0,"href":"https:\/\/www.invarena.cz\/index.php?rest_route=\/wp\/v2\/posts\/18425\/revisions"}],"wp:featuredmedia":[{"embeddable":true,"href":"https:\/\/www.invarena.cz\/index.php?rest_route=\/wp\/v2\/media\/16409"}],"wp:attachment":[{"href":"https:\/\/www.invarena.cz\/index.php?rest_route=%2Fwp%2Fv2%2Fmedia&parent=18425"}],"wp:term":[{"taxonomy":"category","embeddable":true,"href":"https:\/\/www.invarena.cz\/index.php?rest_route=%2Fwp%2Fv2%2Fcategories&post=18425"},{"taxonomy":"post_tag","embeddable":true,"href":"https:\/\/www.invarena.cz\/index.php?rest_route=%2Fwp%2Fv2%2Ftags&post=18425"}],"curies":[{"name":"wp","href":"https:\/\/api.w.org\/{rel}","templated":true}]}}