{"id":18429,"date":"2014-11-18T09:49:20","date_gmt":"2014-11-18T08:49:20","guid":{"rendered":"http:\/\/www.invarena.cz\/?p=18429"},"modified":"2014-11-18T09:49:31","modified_gmt":"2014-11-18T08:49:31","slug":"priplatky-k-duchodu-nejen-za-krivdy-zpusobene-komunistickym-rezimem-vyplaci-cssz-jiz-deset-let","status":"publish","type":"post","link":"https:\/\/www.invarena.cz\/?p=18429","title":{"rendered":"P\u0159\u00edplatky k d\u016fchodu nejen za k\u0159ivdy zp\u016fsoben\u00e9 komunistick\u00fdm re\u017eimem vypl\u00e1c\u00ed \u010cSSZ ji\u017e deset let"},"content":{"rendered":"<p><strong>Krom\u011b pojistn\u00e9ho na soci\u00e1ln\u00ed zabezpe\u010den\u00ed, d\u016fchod\u016f a nemocensk\u00e9ho poji\u0161t\u011bn\u00ed pat\u0159\u00ed do p\u016fsobnosti \u010cesk\u00e9 spr\u00e1vy soci\u00e1ln\u00edho zabezpe\u010den\u00ed (\u010cSSZ) tak\u00e9 agenda od\u0161kodn\u011bn\u00ed. Jde o od\u0161kodn\u011bn\u00ed \u00fa\u010dastn\u00edk\u016f n\u00e1rodn\u00edho boje za osvobozen\u00ed \u010ceskoslovenska v letech 1939\u20131945, politick\u00fdch v\u011bz\u0148\u016f z obdob\u00ed komunistick\u00e9ho re\u017eimu v letech 1948\u20131989 a n\u011bkter\u00fdch poz\u016fstal\u00fdch osob po nich.<\/strong><br \/>\n<!--more--><br \/>\nN\u00e1roky na od\u0161kodn\u011bn\u00ed podle zvl\u00e1\u0161tn\u00edch pr\u00e1vn\u00edch p\u0159edpis\u016f jsou vypl\u00e1ceny jako p\u0159\u00edplatek k d\u016fchodu, zvl\u00e1\u0161tn\u00ed p\u0159\u00edsp\u011bvek k d\u016fchodu nebo jednor\u00e1zov\u00e1 pen\u011b\u017eit\u00e1 \u010d\u00e1stka osob\u00e1m, kter\u00e9 splnily z\u00e1konn\u00e9 podm\u00ednky. \u010cSSZ od roku 2004 dosud (do 30. 9. 2014) na t\u011bchto d\u00e1vk\u00e1ch vyplatila 7,96 miliard K\u010d.<\/p>\n<p>Agenda od\u0161kodn\u011bn\u00ed za odbojovou \u010dinnost za v\u00e1lky a za n\u011bkter\u00e9 k\u0159ivdy zp\u016fsoben\u00e9 komunistick\u00fdm re\u017eimem zahrnuje:<\/p>\n<p>p\u0159\u00edplatek k d\u016fchodu pro \u00fa\u010dastn\u00edky odboje za I. a II. sv\u011btov\u00e9 v\u00e1lky a n\u011bkter\u00e9 poz\u016fstal\u00e9 po nich. Krom\u011b toho \u00fa\u010dastn\u00edk\u016fm odboje za sv\u011btov\u00fdch v\u00e1lek, n\u011bkter\u00fdm osob\u00e1m pron\u00e1sledovan\u00fdm komunistick\u00fdm re\u017eimem a n\u011bkter\u00fdm poz\u016fstal\u00fdm po t\u011bchto zm\u00edn\u011bn\u00fdch osob\u00e1ch n\u00e1le\u017e\u00ed rovn\u011b\u017e zvl\u00e1\u0161tn\u00ed p\u0159\u00edsp\u011bvek k d\u016fchodu. N\u00e1rok na ob\u011b d\u00e1vky zakotvuje z\u00e1kon \u010d. 357\/2005 Sb.;<\/p>\n<p>p\u0159\u00edplatek k d\u016fchodu ke zm\u00edrn\u011bn\u00ed k\u0159ivd zp\u016fsoben\u00fdch komunistick\u00fdm re\u017eimem podle na\u0159\u00edzen\u00ed vl\u00e1dy \u010d. 622\/2004 Sb., ve zn\u011bn\u00ed pozd\u011bj\u0161\u00edch p\u0159edpis\u016f. Ten n\u00e1le\u017e\u00ed politick\u00fdm v\u011bz\u0148\u016fm z doby komunistick\u00e9ho re\u017eimu a n\u011bkter\u00fdm poz\u016fstal\u00fdm po nich. Politick\u00fdm v\u011bzn\u011bm je osoba, kter\u00e1 byla odsouzena a vykonala trest odn\u011bt\u00ed svobody nebo vazbu pro trestn\u00fd \u010din, za kter\u00fd byla rehabilitov\u00e1na. P\u0159\u00edplatek n\u00e1le\u017e\u00ed tak\u00e9 n\u011bkter\u00fdm poz\u016fstal\u00fdm po osob\u00e1ch, kter\u00e9 zem\u0159ely n\u00e1silnou smrt\u00ed p\u0159i pokusu o p\u0159ekro\u010den\u00ed \u010deskoslovensk\u00fdch st\u00e1tn\u00edch hranic;<\/p>\n<p>n\u00e1rok na poskytnut\u00ed jednor\u00e1zov\u00e9 pen\u011b\u017en\u00ed \u010d\u00e1stky pro osoby, kter\u00e9 nespl\u0148uj\u00ed podm\u00ednky pro poskytov\u00e1n\u00ed p\u0159\u00edplatku nebo zvl\u00e1\u0161tn\u00edho p\u0159\u00edsp\u011bvku k d\u016fchodu jen proto, \u017ee nepob\u00edraj\u00ed d\u016fchod z \u010desk\u00e9ho d\u016fchodov\u00e9ho poji\u0161t\u011bn\u00ed. Tento n\u00e1rok upravuje z\u00e1kon \u010d. 108\/2009 Sb.;<\/p>\n<p>podle z\u00e1kona \u010d. 262\/2011 Sb. o \u00fa\u010dastn\u00edc\u00edch odboje a odporu proti komunismu \u00fa\u010dinn\u00e9ho od 17. 11. 2011 mohou osoby, kter\u00fdm bylo Ministerstvem obrany vyd\u00e1no osv\u011bd\u010den\u00ed, po\u017e\u00e1dat o zv\u00fd\u0161en\u00ed procentn\u00ed v\u00fdm\u011bry d\u016fchodu, pokud jejich d\u016fchod nedosahuje minim\u00e1ln\u00ed v\u00fd\u0161e uveden\u00e9 v tomto z\u00e1kon\u011b.<\/p>\n<p>Vypl\u00e1cen\u00e9 p\u0159\u00edplatky k d\u016fchodu podle na\u0159\u00edzen\u00ed vl\u00e1dy \u010d. 622\/2004 Sb. a p\u0159\u00edplatky k d\u016fchodu podle z\u00e1kona \u010d. 357\/2005 Sb. budou stejn\u011b jako v\u0161echny druhy d\u016fchod\u016f od lednov\u00e9 spl\u00e1tky 2015 valorizov\u00e1ny. Zv\u00fd\u0161\u00ed se o 1,6 % celkov\u00e9 \u010d\u00e1stky p\u0159\u00edplatku.<\/p>\n<p>K 30. z\u00e1\u0159\u00ed 2014 byl p\u0159\u00edplatek k d\u016fchodu podle na\u0159\u00edzen\u00ed vl\u00e1dy 622\/2004 Sb. vypl\u00e1cen 5 434 osob\u00e1m, p\u0159\u00edplatek k d\u016fchodu podle z\u00e1kona \u010d. 357\/2005 Sb. 8 850 osob\u00e1m a zvl\u00e1\u0161tn\u00ed p\u0159\u00edsp\u011bvek k d\u016fchodu 17 174 osob\u00e1m. Jednor\u00e1zov\u00e1 pen\u011b\u017en\u00ed \u010d\u00e1stka byla za dobu \u00fa\u010dinnosti z\u00e1kona \u010d. 108\/2009 Sb. vyplacena 239 osob\u00e1m. Do oblasti od\u0161kod\u0148ov\u00e1n\u00ed, kter\u00e9 prov\u00e1d\u011bla \u010cSSZ v minul\u00fdch letech, pat\u0159ilo tak\u00e9 poskytov\u00e1n\u00ed jednor\u00e1zov\u00e9 pen\u011b\u017en\u00ed \u010d\u00e1stky n\u011bkter\u00fdm ob\u011btem nacistick\u00e9 perzekuce, p\u0159\u00edslu\u0161n\u00edk\u016fm \u010deskoslovensk\u00fdch zahrani\u010dn\u00edch arm\u00e1d a spojeneck\u00fdch arm\u00e1d v letech 1939 a\u017e 1945, dal\u0161\u00edm \u00fa\u010dastn\u00edk\u016fm n\u00e1rodn\u00edho boje za osvobozen\u00ed, politick\u00fdm v\u011bz\u0148\u016fm a osob\u00e1m z rasov\u00fdch \u010di n\u00e1bo\u017eensk\u00fdch d\u016fvod\u016f soust\u0159ed\u011bn\u00fdm do vojensk\u00fdch pracovn\u00edch t\u00e1bor\u016f, lidem, kte\u0159\u00ed se z t\u011bchto d\u016fvod\u016f ukr\u00fdvali, a osob\u00e1m odvle\u010den\u00fdm do SSSR nebo do t\u00e1bor\u016f (gulag\u016f), kter\u00e9 SSSR z\u0159\u00eddil v jin\u00fdch st\u00e1tech.<\/p>\n<p>V\u00edce informac\u00ed k agend\u011b od\u0161kodn\u011bn\u00ed je k dispozici na www.cssz.cz\/cz\/odskodneni\/.<\/p>\n<p>Tiskov\u00e1 spr\u00e1va \u010cSSZ<\/p>\n","protected":false},"excerpt":{"rendered":"<div class=\"mh-excerpt\"><p>Krom\u011b pojistn\u00e9ho na soci\u00e1ln\u00ed zabezpe\u010den\u00ed, d\u016fchod\u016f a nemocensk\u00e9ho poji\u0161t\u011bn\u00ed pat\u0159\u00ed do p\u016fsobnosti \u010cesk\u00e9 spr\u00e1vy soci\u00e1ln\u00edho zabezpe\u010den\u00ed (\u010cSSZ) tak\u00e9 agenda od\u0161kodn\u011bn\u00ed. Jde o od\u0161kodn\u011bn\u00ed \u00fa\u010dastn\u00edk\u016f n\u00e1rodn\u00edho <a class=\"mh-excerpt-more\" href=\"https:\/\/www.invarena.cz\/?p=18429\" title=\"P\u0159\u00edplatky k d\u016fchodu nejen za k\u0159ivdy zp\u016fsoben\u00e9 komunistick\u00fdm re\u017eimem vypl\u00e1c\u00ed \u010cSSZ ji\u017e deset let\">[&#8230;]<\/a><\/p>\n<\/div>","protected":false},"author":1,"featured_media":0,"comment_status":"open","ping_status":"closed","sticky":false,"template":"","format":"standard","meta":{"footnotes":""},"categories":[1],"tags":[],"class_list":["post-18429","post","type-post","status-publish","format-standard","hentry","category-nezarazene"],"_links":{"self":[{"href":"https:\/\/www.invarena.cz\/index.php?rest_route=\/wp\/v2\/posts\/18429","targetHints":{"allow":["GET"]}}],"collection":[{"href":"https:\/\/www.invarena.cz\/index.php?rest_route=\/wp\/v2\/posts"}],"about":[{"href":"https:\/\/www.invarena.cz\/index.php?rest_route=\/wp\/v2\/types\/post"}],"author":[{"embeddable":true,"href":"https:\/\/www.invarena.cz\/index.php?rest_route=\/wp\/v2\/users\/1"}],"replies":[{"embeddable":true,"href":"https:\/\/www.invarena.cz\/index.php?rest_route=%2Fwp%2Fv2%2Fcomments&post=18429"}],"version-history":[{"count":0,"href":"https:\/\/www.invarena.cz\/index.php?rest_route=\/wp\/v2\/posts\/18429\/revisions"}],"wp:attachment":[{"href":"https:\/\/www.invarena.cz\/index.php?rest_route=%2Fwp%2Fv2%2Fmedia&parent=18429"}],"wp:term":[{"taxonomy":"category","embeddable":true,"href":"https:\/\/www.invarena.cz\/index.php?rest_route=%2Fwp%2Fv2%2Fcategories&post=18429"},{"taxonomy":"post_tag","embeddable":true,"href":"https:\/\/www.invarena.cz\/index.php?rest_route=%2Fwp%2Fv2%2Ftags&post=18429"}],"curies":[{"name":"wp","href":"https:\/\/api.w.org\/{rel}","templated":true}]}}