{"id":18437,"date":"2014-11-18T09:46:21","date_gmt":"2014-11-18T08:46:21","guid":{"rendered":"http:\/\/www.invarena.cz\/?p=18437"},"modified":"2014-11-18T09:46:21","modified_gmt":"2014-11-18T08:46:21","slug":"musi-chodit-na-dialyzu-presto-cestuje-po-celem-svete","status":"publish","type":"post","link":"https:\/\/www.invarena.cz\/?p=18437","title":{"rendered":"Mus\u00ed chodit na dial\u00fdzu. P\u0159esto cestuje po cel\u00e9m sv\u011bt\u011b"},"content":{"rendered":"<p><strong>\u0158adu let se pere se z\u00e1va\u017enou nemoc\u00ed, kter\u00e1 mu prakticky vy\u0159adila z norm\u00e1ln\u00ed \u010dinnosti ledviny. Dev\u011btat\u0159icetilet\u00fd Petr Pavel\u010d\u00edk tak chod\u00ed t\u0159ikr\u00e1t t\u00fddne na dial\u00fdzu do nemocnice v Uhersk\u00e9m Hradi\u0161ti. P\u0159esto cestuje po cel\u00e9m sv\u011bt\u011b.<\/strong><!--more--><\/p>\n<p><em>TV Barrandov<\/em><\/p>\n<p>Kdo by myslelo, \u017ee propad\u00e1 skepsi a uzav\u00edr\u00e1 se do sv\u00fdch probl\u00e9m\u016f, byl by na velik\u00e9m omylu. Naopak &#8211; Petr se v\u00edce ne\u017e p\u0159ed p\u0159\u00edchodem nemoci dal nap\u0159\u00edklad na cestov\u00e1n\u00ed.<\/p>\n<p>Zat\u00edm posledn\u00ed velk\u00e1 cesta &#8211; Japonsko, Tokio i \u0161irok\u00e9 okol\u00ed. Ale pozor, dial\u00fdza, tedy o\u010dist\u011b krve je nutn\u00e1 pravideln\u011b i tam. Jednotliv\u00e9 zast\u00e1vky na dial\u00fdze v Tokiu je t\u0159eba dop\u0159edu ve stejn\u00fdch \u010dasov\u00fdch intervalech pe\u010dliv\u011b napl\u00e1novat.<\/p>\n<p>Petr PAVEL\u010c\u00cdK, pacient, cestovatel:<br \/>\nZavol\u00e1 se na n\u011bkterou tedy z agentur, v \u010cesk\u00e9 republice jsou dv\u011b, tak\u017ee na jednu z nich, \u0159ekne se, kam se chce jet, kdy se tam chce jet a \u010dek\u00e1 se. Ta metoda vlastn\u011b je tam stejn\u00e1, prost\u0159ed\u00ed je tam \u0159ekl bych jin\u00e9, proto\u017ee obecn\u011b v Japonsku je m\u00e1lo prostoru. V\u011bt\u0161ina sester tam t\u0159eba nejsou \u017eeny, ale mu\u017ei.<\/p>\n<p>Lubom\u00edr STRNADEL, prim\u00e1\u0159 odd\u011blen\u00ed nefrologie a dial\u00fdzy: Tady toto onemocn\u011bn\u00ed m\u00e1 pom\u011brn\u011b takovou v\u00e1\u017enou slo\u017eku psychickou a t\u00edm vlastn\u011b, \u017ee cestuje, tak si pln\u00ed jak\u00e9si sv\u00e1 p\u0159\u00e1n\u00ed.<\/p>\n<p>Petr p\u0159i\u0161el o funk\u010dn\u00ed ledviny kv\u016fli zvl\u00e1\u0161tn\u00edmu, velmi vz\u00e1cn\u00e9mu n\u00e1doru, kter\u00fd mu je doslova ochromil. Na dial\u00fdze je u\u017e \u0161est let, ale nikdy se nevzd\u00e1v\u00e1. Oporou je mu man\u017eelka.<\/p>\n<p>Lenka PAVEL\u010c\u00cdKOV\u00c1, man\u017eelka Petra Pavel\u010d\u00edka: V podstat\u011b ta cesta do toho Japonska vyplynula na z\u00e1klad\u011b toho, \u017ee jsem po\u0159\u00e1d p\u0159em\u00fd\u0161leli, \u017ee by bylo zaj\u00edmav\u00e9 to vid\u011bt na vlastn\u00ed o\u010di a nejenom si o tom \u010d\u00edst, a\u017e nakonec Petr \u0159ekl, tak jedem? A jeli jsme.<\/p>\n<p>PAVEL\u010c\u00cdK: Po dial\u00fdze jsem unaven\u00fd, je\u0161t\u011b druh\u00fd den jsme unaven\u00fd. Zdrav\u00fd \u010dlov\u011bk tam vyleze t\u0159eba za hodinu, j\u00e1 tam p\u016fjdu t\u0159i hodiny. Nicm\u00e9n\u011b c\u00edle dos\u00e1hnu.<\/p>\n<p>Petr je mimo jin\u00e9 ochr\u00e1nce p\u0159\u00edrody. A\u010d v invalidn\u00edm d\u016fchodu, po\u0159\u00e1d je r\u016fznorod\u011b aktivn\u00ed a nemoc bere jinak ne\u017e jin\u00ed.<\/p>\n<p>PAVEL\u010c\u00cdK:<br \/>\nKa\u017ed\u00e9 onemocn\u011bn\u00ed je v\u00fdzva, je to vlastn\u011b, sp\u00ed\u0161 bych to bral jako p\u0159\u00edle\u017eitost k n\u011bjak\u00e9mu rozvoji.<\/p>\n<p>Pavel\u010d\u00edkovi vyraz\u00ed hned po Nov\u00e9m roce do Vysok\u00fdch Tater. V Poprad\u011b u\u017e mohou chystat dialyza\u010dn\u00ed jednotku. Tatry budou ur\u010dit\u011b i prov\u011brkou fyzick\u00e9 kondice a potom za rok znovu do Japonska. <\/p>\n","protected":false},"excerpt":{"rendered":"<div class=\"mh-excerpt\"><p>\u0158adu let se pere se z\u00e1va\u017enou nemoc\u00ed, kter\u00e1 mu prakticky vy\u0159adila z norm\u00e1ln\u00ed \u010dinnosti ledviny. Dev\u011btat\u0159icetilet\u00fd Petr Pavel\u010d\u00edk tak chod\u00ed t\u0159ikr\u00e1t t\u00fddne na dial\u00fdzu do <a class=\"mh-excerpt-more\" href=\"https:\/\/www.invarena.cz\/?p=18437\" title=\"Mus\u00ed chodit na dial\u00fdzu. P\u0159esto cestuje po cel\u00e9m sv\u011bt\u011b\">[&#8230;]<\/a><\/p>\n<\/div>","protected":false},"author":1,"featured_media":3373,"comment_status":"open","ping_status":"closed","sticky":false,"template":"","format":"standard","meta":{"footnotes":""},"categories":[7],"tags":[],"class_list":["post-18437","post","type-post","status-publish","format-standard","has-post-thumbnail","hentry","category-spolecnost"],"_links":{"self":[{"href":"https:\/\/www.invarena.cz\/index.php?rest_route=\/wp\/v2\/posts\/18437","targetHints":{"allow":["GET"]}}],"collection":[{"href":"https:\/\/www.invarena.cz\/index.php?rest_route=\/wp\/v2\/posts"}],"about":[{"href":"https:\/\/www.invarena.cz\/index.php?rest_route=\/wp\/v2\/types\/post"}],"author":[{"embeddable":true,"href":"https:\/\/www.invarena.cz\/index.php?rest_route=\/wp\/v2\/users\/1"}],"replies":[{"embeddable":true,"href":"https:\/\/www.invarena.cz\/index.php?rest_route=%2Fwp%2Fv2%2Fcomments&post=18437"}],"version-history":[{"count":0,"href":"https:\/\/www.invarena.cz\/index.php?rest_route=\/wp\/v2\/posts\/18437\/revisions"}],"wp:featuredmedia":[{"embeddable":true,"href":"https:\/\/www.invarena.cz\/index.php?rest_route=\/wp\/v2\/media\/3373"}],"wp:attachment":[{"href":"https:\/\/www.invarena.cz\/index.php?rest_route=%2Fwp%2Fv2%2Fmedia&parent=18437"}],"wp:term":[{"taxonomy":"category","embeddable":true,"href":"https:\/\/www.invarena.cz\/index.php?rest_route=%2Fwp%2Fv2%2Fcategories&post=18437"},{"taxonomy":"post_tag","embeddable":true,"href":"https:\/\/www.invarena.cz\/index.php?rest_route=%2Fwp%2Fv2%2Ftags&post=18437"}],"curies":[{"name":"wp","href":"https:\/\/api.w.org\/{rel}","templated":true}]}}