{"id":18448,"date":"2014-11-19T18:45:00","date_gmt":"2014-11-19T17:45:00","guid":{"rendered":"http:\/\/www.invarena.cz\/?p=18448"},"modified":"2014-11-19T18:45:15","modified_gmt":"2014-11-19T17:45:15","slug":"fokus-predstavuje-v-c-b-moznosti-uplatneni-dusevne-nemocnych","status":"publish","type":"post","link":"https:\/\/www.invarena.cz\/?p=18448","title":{"rendered":"Fokus p\u0159edstavuje v \u010c.B. mo\u017enosti uplatn\u011bn\u00ed du\u0161evn\u011b nemocn\u00fdch"},"content":{"rendered":"<p><strong>Zm\u011bny v p\u0159\u00edstupu k lidem s du\u0161evn\u00edm onemocn\u011bn\u00edm v souvislosti s jejich pracovn\u00edm a spole\u010densk\u00fdm uplatn\u011bn\u00edm p\u0159edstav\u00ed jiho\u010desk\u00e9 sdru\u017een\u00ed Fokus. Organizace s\u00eddl\u00edc\u00ed v \u010cesk\u00fdch Bud\u011bjovic\u00edch, T\u00e1bo\u0159e a P\u00edsku startuje projekt podpory zam\u011bstn\u00e1v\u00e1n\u00ed takto posti\u017een\u00fdch.<\/strong><!--more--><\/p>\n<p>Podle \u0159editelky Fokusu \u010c. Bud\u011bjovice Zde\u0148ky Kuvikov\u00e9 jsou workshopy i individu\u00e1ln\u00ed sch\u016fzky ur\u010deny hlavn\u011b odborn\u00e9 ve\u0159ejnosti ze soci\u00e1ln\u00ed oblasti a\u00a0 zam\u011bstnavatel\u016fm. Ti se v jejich r\u00e1mci do\u010dkaj\u00ed nap\u0159. vytvo\u0159en\u00ed virtu\u00e1ln\u00ed s\u00edt\u011b pro v\u0161echny z\u00fa\u010dastn\u011bn\u00e9 subjekty.<\/p>\n<p>&#8222;V r\u00e1mci jednotliv\u00fdch aktivit poskytneme informace o problematice \u017eivota osob s du\u0161evn\u00edm onemocn\u011bn\u00edm v kontextu zam\u011bstn\u00e1v\u00e1n\u00ed, soci\u00e1ln\u00edho fungov\u00e1n\u00ed, ochrany pr\u00e1v, rozhodov\u00e1n\u00ed, vyjedn\u00e1v\u00e1n\u00ed a podobn\u011b,&#8220; uvedla Zde\u0148ka Kuvikov\u00e1 s t\u00edm, \u017ee projekt zam\u00ed\u0159\u00ed do v\u0161ech b\u00fdval\u00fdch jiho\u010desk\u00fdch okres\u016f.<\/p>\n<p>V\u00edce informac\u00ed na www.fokus\u00accb.cz<\/p>\n","protected":false},"excerpt":{"rendered":"<div class=\"mh-excerpt\"><p>Zm\u011bny v p\u0159\u00edstupu k lidem s du\u0161evn\u00edm onemocn\u011bn\u00edm v souvislosti s jejich pracovn\u00edm a spole\u010densk\u00fdm uplatn\u011bn\u00edm p\u0159edstav\u00ed jiho\u010desk\u00e9 sdru\u017een\u00ed Fokus. Organizace s\u00eddl\u00edc\u00ed v \u010cesk\u00fdch Bud\u011bjovic\u00edch, <a class=\"mh-excerpt-more\" href=\"https:\/\/www.invarena.cz\/?p=18448\" title=\"Fokus p\u0159edstavuje v \u010c.B. mo\u017enosti uplatn\u011bn\u00ed du\u0161evn\u011b nemocn\u00fdch\">[&#8230;]<\/a><\/p>\n<\/div>","protected":false},"author":1,"featured_media":0,"comment_status":"open","ping_status":"closed","sticky":false,"template":"","format":"standard","meta":{"footnotes":""},"categories":[9],"tags":[],"class_list":["post-18448","post","type-post","status-publish","format-standard","hentry","category-zpravy"],"_links":{"self":[{"href":"https:\/\/www.invarena.cz\/index.php?rest_route=\/wp\/v2\/posts\/18448","targetHints":{"allow":["GET"]}}],"collection":[{"href":"https:\/\/www.invarena.cz\/index.php?rest_route=\/wp\/v2\/posts"}],"about":[{"href":"https:\/\/www.invarena.cz\/index.php?rest_route=\/wp\/v2\/types\/post"}],"author":[{"embeddable":true,"href":"https:\/\/www.invarena.cz\/index.php?rest_route=\/wp\/v2\/users\/1"}],"replies":[{"embeddable":true,"href":"https:\/\/www.invarena.cz\/index.php?rest_route=%2Fwp%2Fv2%2Fcomments&post=18448"}],"version-history":[{"count":0,"href":"https:\/\/www.invarena.cz\/index.php?rest_route=\/wp\/v2\/posts\/18448\/revisions"}],"wp:attachment":[{"href":"https:\/\/www.invarena.cz\/index.php?rest_route=%2Fwp%2Fv2%2Fmedia&parent=18448"}],"wp:term":[{"taxonomy":"category","embeddable":true,"href":"https:\/\/www.invarena.cz\/index.php?rest_route=%2Fwp%2Fv2%2Fcategories&post=18448"},{"taxonomy":"post_tag","embeddable":true,"href":"https:\/\/www.invarena.cz\/index.php?rest_route=%2Fwp%2Fv2%2Ftags&post=18448"}],"curies":[{"name":"wp","href":"https:\/\/api.w.org\/{rel}","templated":true}]}}