{"id":18499,"date":"2014-11-21T11:06:07","date_gmt":"2014-11-21T10:06:07","guid":{"rendered":"http:\/\/www.invarena.cz\/?p=18499"},"modified":"2014-11-21T11:06:07","modified_gmt":"2014-11-21T10:06:07","slug":"po-oslepnuti-se-vratil-k-plavani-touzi-po-olympiade","status":"publish","type":"post","link":"https:\/\/www.invarena.cz\/?p=18499","title":{"rendered":"Po oslepnut\u00ed se vr\u00e1til k plav\u00e1n\u00ed. Tou\u017e\u00ed po olympi\u00e1d\u011b"},"content":{"rendered":"<p><strong>Miroslav Smr\u010dka z \u00dast\u00ed nad Labem p\u0159i\u0161el ze dne na den o zrak. Kdysi byl vynikaj\u00edc\u00ed z\u00e1vodn\u00ed plavec, po oslepnut\u00ed se do baz\u00e9nu vr\u00e1til. M\u00e1 za sebou prvn\u00ed z\u00e1vody, jeho snem je paralympi\u00e1da v Riu za dva roky.<\/strong> <!--more--><\/p>\n<p>\u00daST\u00cd NAD LABEM V 80. letech minul\u00e9ho stolet\u00ed pat\u0159il do \u010desk\u00e9 plaveck\u00e9 \u0161pi\u010dky. Po revoluci za\u010dal Miroslav Smr\u010dka podnikat, ale krut\u00e1 r\u00e1na osudu zap\u0159\u00ed\u010dinila, \u017ee se jednapades\u00e1tilet\u00fd \u00daste\u010dan k plaveck\u00e9mu sportu vr\u00e1til.<\/p>\n<p>Smr\u010dka toti\u017e p\u0159ed t\u0159emi roky ze dne na den oslepl. &#8222;Jednoho dne jsem se probudil a nevid\u011bl jsem,&#8220; l\u00ed\u010d\u00ed Smr\u010dka kl\u00ed\u010dov\u00fd okam\u017eik sv\u00e9ho \u017eivota. P\u0159\u00ed\u010dinu n\u00e1hl\u00e9 ztr\u00e1ty zraku hledal st\u011b\u017e\u00ed. Podle n\u011bj za n\u00ed z\u0159ejm\u011b st\u00e1l ka\u017edodenn\u00ed stres a hektick\u00fd zp\u016fsob \u017eivota.<\/p>\n<p>&#8222;M\u011bl jsem p\u0159edt\u00edm asi dva nebo t\u0159i roky bolesti, kter\u00e9 se st\u00e1le zv\u011bt\u0161ovaly. Ani l\u00e9ka\u0159i nepoznali, \u017ee m\u011b bol\u00ed hlava od o\u010d\u00ed,&#8220; vrac\u00ed se \u00daste\u010dan do minulosti. &#8222;Kdy\u017e m\u00e1 \u010dlov\u011bk \u017eivotn\u00ed vyp\u011bt\u00ed, nervy a stres, m\u016f\u017ee se \u010dasem st\u00e1t, \u017ee dostane infarkt myokardu nebo prod\u011bl\u00e1 mozkovou p\u0159\u00edhodu. J\u00e1 m\u011bl, bohu\u017eel, nejslab\u0161\u00ed m\u00edsto na t\u011ble o\u010dn\u00ed nervy. Odum\u0159ely mi,&#8220; popisuje mu\u017e.<\/p>\n<p>Ztr\u00e1ta zraku je definitivn\u00ed, nelze ji nijak l\u00e9\u010dit. &#8222;V\u0161e v m\u00e9m \u017eivot\u011b se zm\u011bnilo. To, co d\u0159\u00edve bylo samoz\u0159ejmost\u00ed, po ztr\u00e1t\u011b zraku ji\u017e nebylo. Dva roky jsem se pot\u00e1cel. Pak jsem dostal kr\u00e1sn\u00fd n\u00e1pad, \u017ee bych se mohl op\u011bt vr\u00e1tit do baz\u00e9nu,&#8220; vypr\u00e1v\u00ed mu\u017e.<\/p>\n<p>Smr\u010dky se ujalo p\u00e1r kamar\u00e1d\u016f, kte\u0159\u00ed ho znali je\u0161t\u011b z doby, kdy se v\u011bnoval plav\u00e1n\u00ed z\u00e1vodn\u011b. &#8222;Kdy\u017e jsme se dozv\u011bd\u011bli, co se Mirkovi stalo, hned n\u00e1m bylo jasn\u00e9, \u017ee to nem\u016f\u017eeme nechat jen tak. Nebyl na tom psychicky dob\u0159e,&#8220; vzpom\u00edn\u00e1 na za\u010d\u00e1tky jeho kamar\u00e1d, asistent i mana\u017eer v jedn\u00e9 osob\u011b Petr Bud\u00ednsk\u00fd.<\/p>\n<p>Pro Smr\u010dku to znamenalo n\u00e1vrat do \u017eivota. Od d\u011btstv\u00ed se toti\u017e v\u011bnoval plav\u00e1n\u00ed na vrcholov\u00e9 \u00farovni. S jeho obl\u00edbenou discipl\u00ednou znak se dostal do n\u00e1rodn\u00edho t\u00fdmu. Absolvoval \u0159adu zahrani\u010dn\u00edch z\u00e1vod\u016f, na mistrovstv\u00ed republiky se v letech 1982-86 um\u00edstil ve znaku na 2. m\u00edst\u011b. Po politick\u00e9m bojkotu olympi\u00e1dy v Los Angeles se pokusil o emigraci do \u0160v\u00e9dska. V zahrani\u010d\u00ed v\u0161ak dlouho nesetrval. &#8222;Byl jsem tam asi jen dva m\u011bs\u00edce, vr\u00e1til jsem se dom\u016f. Donutily m\u011b k tomu okolnosti. Pak jsem m\u011bl v\u0161ude zav\u0159en\u00e9 dve\u0159e,&#8220; popisuje Smr\u010dka moment, kdy jeho z\u00e1vodn\u00ed kari\u00e9ra pomalu sp\u011bla ke konci.<\/p>\n<p>Pomineme-li kr\u00e1tk\u00fd n\u00e1vrat k plaveck\u00e9mu sportu v roce 1996, kdy se Smr\u010dka jako p\u011btat\u0159icetilet\u00fd p\u0159ipravoval na mistrovstv\u00ed sv\u011bta veter\u00e1n\u016f v anglick\u00e9m Sheffieldu a nakonec se na n\u011bm um\u00edstil \u0161est\u00fd, jeho plaveck\u00e1 pauza trvala dlouh\u00fdch 23 let.<\/p>\n<p>&#8222;Za\u010d\u00e1tek byl hrozn\u011b slo\u017eit\u00fd. Te\u010f u\u017e je to lep\u0161\u00ed, jsem v tr\u00e9ninku osm\u00fd m\u011bs\u00edc. Dlouho jsem ch\u00e1tral, musel jsem z\u00edskat zp\u00e1tky fyzi\u010dku,&#8220; \u0159\u00edk\u00e1 nevidom\u00fd sportovec.<\/p>\n<p>Na sv\u016fj handicap si v baz\u00e9nu zvykal st\u011b\u017e\u00ed. Nejprve se u\u010dil plavat beze strachu. &#8222;Sv\u00e9 pocity bych p\u0159irovnal ke klaustrofobii. Jste ve vod\u011b, mus\u00edte trefit dr\u00e1hu a \u010dek\u00e1 v\u00e1s obr\u00e1tka. \u010cek\u00e1te na zap\u00edsknut\u00ed asistenta nebo si po\u010d\u00edt\u00e1te tempa, abyste nenarazil hlavou do zdi,&#8220; popisuje pocity Smr\u010dka.<\/p>\n<p>&#8222;Pro nevidom\u00e9ho je nejhor\u0161\u00ed sko\u010dit \u0161ipku. Je to skok do nezn\u00e1ma. Kdy\u017e sko\u010d\u00edte, nev\u00edte, jak jste hluboko nebo jestli se t\u0159eba nezran\u00edte o dno baz\u00e9nu,&#8220; dopl\u0148uje ho Bud\u00ednsk\u00fd. Jeho sv\u011b\u0159enec se mus\u00ed nau\u010dit plavat rovn\u011b. &#8222;Nesm\u00ed se st\u00e1t, abych vyplaval sousedovi na dr\u00e1ze. To by znamenalo diskvalifikaci,&#8220; p\u0159ibli\u017euje ne\u00faprosn\u00e1 pravidla Smr\u010dka.<\/p>\n<p>Jeho snem je \u00fa\u010dast a mo\u017en\u00e1 i zisk medaile na paralympi\u00e1d\u011b v Rio de Janeiru v roce 2016. V jeho p\u0159\u00edpad\u011b nejde o nic nere\u00e1ln\u00e9ho. Chomutovsk\u00fd plaveck\u00fd odd\u00edl Smr\u010dkovi ned\u00e1vno uspo\u0159\u00e1dal na jeho podporu prvn\u00ed z\u00e1vody. &#8222;Vyzkou\u0161el jsem si poprv\u00e9 z\u00e1vod 50 metr\u016f znak a kraul. Znak se mi povedl, zaostal jsem za sv\u011btov\u00fdm rekordem (33:87 &#8211; pozn. aut.) o osm desetin,&#8220; \u0159\u00edk\u00e1 Smr\u010dka.<\/p>\n<p>Te\u010f tr\u00e9nuje prakticky ka\u017ed\u00fd den. Pro jeho discipl\u00ednu neplat\u00ed \u017e\u00e1dn\u00e1 v\u011bkov\u00e1 omezen\u00ed, o to to bude m\u00edt Smr\u010dka na sout\u011b\u017e\u00edch t\u011b\u017e\u0161\u00ed. &#8222;V\u00edm, \u017ee je to p\u0159ita\u017een\u00e9 za vlasy. Je mi 51 let a trouf\u00e1m si mezi mlad\u00e9 kluky, kte\u0159\u00ed jsou na tom fyzicky velmi dob\u0159e. Ale douf\u00e1m, \u017ee to do\u017eenu zku\u0161enostmi,&#8220; v\u011b\u0159\u00ed si plavec.<\/p>\n<p>Tvrd\u00fd tr\u00e9nink a p\u0159\u00edprava n\u011bco stoj\u00ed, za nomina\u010dn\u00edmi \u010dasy je nav\u00edc t\u0159eba cestovat do zahrani\u010d\u00ed. Proto hled\u00e1 Smr\u010dk\u016fv t\u00fdm sponzory, kte\u0159\u00ed by sportovce podpo\u0159ili. Bud\u00ednsk\u00fd na to konto dod\u00e1v\u00e1, \u017ee hodl\u00e1 uspo\u0159\u00e1dat v nejbli\u017e\u0161\u00ed dob\u011b v Chomutov\u011b i speci\u00e1ln\u00ed akci. &#8222;Ka\u017ed\u00fd si na n\u00ed bude moci zaplavat s \u010dern\u00fdmi br\u00fdlemi. To aby si lid\u00e9 mohli vyzkou\u0161et, jak\u00e9 to je, kdy\u017e zdrav\u00fd \u010dlov\u011bk najednou oslepne a m\u00e1 plavat,&#8220; vysv\u011btluje Bud\u00ednsk\u00fd. V\u00fdt\u011b\u017eek akce poputuje na finan\u010dn\u00ed podporu Smr\u010dkovy p\u0159\u00edpravy.<\/p>\n<p>Ond\u0159ej K\u016fs, redaktor MF DNES<\/p>\n","protected":false},"excerpt":{"rendered":"<div class=\"mh-excerpt\"><p>Miroslav Smr\u010dka z \u00dast\u00ed nad Labem p\u0159i\u0161el ze dne na den o zrak. Kdysi byl vynikaj\u00edc\u00ed z\u00e1vodn\u00ed plavec, po oslepnut\u00ed se do baz\u00e9nu vr\u00e1til. M\u00e1 <a class=\"mh-excerpt-more\" href=\"https:\/\/www.invarena.cz\/?p=18499\" title=\"Po oslepnut\u00ed se vr\u00e1til k plav\u00e1n\u00ed. Tou\u017e\u00ed po olympi\u00e1d\u011b\">[&#8230;]<\/a><\/p>\n<\/div>","protected":false},"author":1,"featured_media":783,"comment_status":"open","ping_status":"closed","sticky":false,"template":"","format":"standard","meta":{"footnotes":""},"categories":[9],"tags":[],"class_list":["post-18499","post","type-post","status-publish","format-standard","has-post-thumbnail","hentry","category-zpravy"],"_links":{"self":[{"href":"https:\/\/www.invarena.cz\/index.php?rest_route=\/wp\/v2\/posts\/18499","targetHints":{"allow":["GET"]}}],"collection":[{"href":"https:\/\/www.invarena.cz\/index.php?rest_route=\/wp\/v2\/posts"}],"about":[{"href":"https:\/\/www.invarena.cz\/index.php?rest_route=\/wp\/v2\/types\/post"}],"author":[{"embeddable":true,"href":"https:\/\/www.invarena.cz\/index.php?rest_route=\/wp\/v2\/users\/1"}],"replies":[{"embeddable":true,"href":"https:\/\/www.invarena.cz\/index.php?rest_route=%2Fwp%2Fv2%2Fcomments&post=18499"}],"version-history":[{"count":0,"href":"https:\/\/www.invarena.cz\/index.php?rest_route=\/wp\/v2\/posts\/18499\/revisions"}],"wp:featuredmedia":[{"embeddable":true,"href":"https:\/\/www.invarena.cz\/index.php?rest_route=\/wp\/v2\/media\/783"}],"wp:attachment":[{"href":"https:\/\/www.invarena.cz\/index.php?rest_route=%2Fwp%2Fv2%2Fmedia&parent=18499"}],"wp:term":[{"taxonomy":"category","embeddable":true,"href":"https:\/\/www.invarena.cz\/index.php?rest_route=%2Fwp%2Fv2%2Fcategories&post=18499"},{"taxonomy":"post_tag","embeddable":true,"href":"https:\/\/www.invarena.cz\/index.php?rest_route=%2Fwp%2Fv2%2Ftags&post=18499"}],"curies":[{"name":"wp","href":"https:\/\/api.w.org\/{rel}","templated":true}]}}