{"id":18506,"date":"2014-11-21T12:32:59","date_gmt":"2014-11-21T11:32:59","guid":{"rendered":"http:\/\/www.invarena.cz\/?p=18506"},"modified":"2014-11-21T12:32:59","modified_gmt":"2014-11-21T11:32:59","slug":"nevidomi-si-ohmataji-pardubicke-muzeum","status":"publish","type":"post","link":"https:\/\/www.invarena.cz\/?p=18506","title":{"rendered":"Nevidom\u00ed si ohmataj\u00ed pardubick\u00e9 muzeum"},"content":{"rendered":"<p><strong>V\u00fdchodo\u010desk\u00e9 muzeum v Pardubic\u00edch chyst\u00e1 expozici pro <span class=\"highlight\">nevidom\u00e9<\/span>. P\u0159\u00ed\u0161t\u00ed rok otev\u0159e takzvanou hmatovou cestu. Ta bude sou\u010d\u00e1st\u00ed archeologick\u00e9 expozice a umo\u017en\u00ed <span class=\"highlight\">nevidom\u00fdm<\/span> lidem sezn\u00e1mit se s n\u011bkter\u00fdmi sb\u00edrkov\u00fdmi p\u0159edm\u011bty a jejich tvary.<\/strong> <!--more--><strong><em>Frekvence 1<\/em><\/strong><\/p>\n<p>Jan J\u00cdLEK, archeologick\u00e9 odd\u011blen\u00ed; V\u00fdchodo\u010desk\u00e9 muzeum v Pardubic\u00edch: Hmatov\u00e1 stezka bude obsahovat repliky archeologick\u00fdch n\u00e1lez\u016f, kter\u00e9 jsou ulo\u017een\u00e9 ve V\u00fdchodo\u010desk\u00e9m muzeu v Pardubic\u00edch. Bude se jednat p\u0159edev\u0161\u00edm o n\u00e1doby a n\u00e1stroje z r\u016fzn\u00fdch etap prav\u011bku. A vlastn\u011b c\u00edlem je to, aby ti n\u00e1v\u0161t\u011bvn\u00edci <span class=\"highlight\">nevidom\u00ed<\/span> mohli hmatem poznat ty artefakty, kter\u00e9 b\u011b\u017en\u00fd n\u00e1v\u0161t\u011bvn\u00edk jinak vid\u00ed ve vitr\u00edn\u00e1ch.<\/p>\n<p>Sou\u010d\u00e1st\u00ed hmatov\u00e9 stezky v muzeu v Pardubic\u00edch bude i hmatov\u00fd katalog. Bude obsahovat dal\u0161\u00ed informace, kter\u00e9 v\u00fdstavu dopln\u00ed. Z\u00e1rove\u0148 budou m\u00edt lid\u00e9 mo\u017enost si ke ka\u017ed\u00e9 skupin\u011b p\u0159edm\u011bt\u016f pustit nahr\u00e1vku s v\u00fdkladem o expon\u00e1tech.<\/p>\n","protected":false},"excerpt":{"rendered":"<div class=\"mh-excerpt\"><p>V\u00fdchodo\u010desk\u00e9 muzeum v Pardubic\u00edch chyst\u00e1 expozici pro nevidom\u00e9. P\u0159\u00ed\u0161t\u00ed rok otev\u0159e takzvanou hmatovou cestu. Ta bude sou\u010d\u00e1st\u00ed archeologick\u00e9 expozice a umo\u017en\u00ed nevidom\u00fdm lidem sezn\u00e1mit se <a class=\"mh-excerpt-more\" href=\"https:\/\/www.invarena.cz\/?p=18506\" title=\"Nevidom\u00ed si ohmataj\u00ed pardubick\u00e9 muzeum\">[&#8230;]<\/a><\/p>\n<\/div>","protected":false},"author":1,"featured_media":3895,"comment_status":"open","ping_status":"closed","sticky":false,"template":"","format":"standard","meta":{"footnotes":""},"categories":[17],"tags":[],"class_list":["post-18506","post","type-post","status-publish","format-standard","has-post-thumbnail","hentry","category-kultura"],"_links":{"self":[{"href":"https:\/\/www.invarena.cz\/index.php?rest_route=\/wp\/v2\/posts\/18506","targetHints":{"allow":["GET"]}}],"collection":[{"href":"https:\/\/www.invarena.cz\/index.php?rest_route=\/wp\/v2\/posts"}],"about":[{"href":"https:\/\/www.invarena.cz\/index.php?rest_route=\/wp\/v2\/types\/post"}],"author":[{"embeddable":true,"href":"https:\/\/www.invarena.cz\/index.php?rest_route=\/wp\/v2\/users\/1"}],"replies":[{"embeddable":true,"href":"https:\/\/www.invarena.cz\/index.php?rest_route=%2Fwp%2Fv2%2Fcomments&post=18506"}],"version-history":[{"count":0,"href":"https:\/\/www.invarena.cz\/index.php?rest_route=\/wp\/v2\/posts\/18506\/revisions"}],"wp:featuredmedia":[{"embeddable":true,"href":"https:\/\/www.invarena.cz\/index.php?rest_route=\/wp\/v2\/media\/3895"}],"wp:attachment":[{"href":"https:\/\/www.invarena.cz\/index.php?rest_route=%2Fwp%2Fv2%2Fmedia&parent=18506"}],"wp:term":[{"taxonomy":"category","embeddable":true,"href":"https:\/\/www.invarena.cz\/index.php?rest_route=%2Fwp%2Fv2%2Fcategories&post=18506"},{"taxonomy":"post_tag","embeddable":true,"href":"https:\/\/www.invarena.cz\/index.php?rest_route=%2Fwp%2Fv2%2Ftags&post=18506"}],"curies":[{"name":"wp","href":"https:\/\/api.w.org\/{rel}","templated":true}]}}