{"id":18509,"date":"2014-11-21T17:28:43","date_gmt":"2014-11-21T16:28:43","guid":{"rendered":"http:\/\/www.invarena.cz\/?p=18509"},"modified":"2014-11-21T17:28:43","modified_gmt":"2014-11-21T16:28:43","slug":"ustavni-soud-se-podruhe-zastal-muze-s-trvale-poskozenym-zdravim","status":"publish","type":"post","link":"https:\/\/www.invarena.cz\/?p=18509","title":{"rendered":"\u00dastavn\u00ed soud se podruh\u00e9 zastal mu\u017ee s trvale po\u0161kozen\u00fdm zdrav\u00edm"},"content":{"rendered":"<p><strong>\u00dastavn\u00ed soud (\u00daS) se dnes podruh\u00e9 zastal rodiny mu\u017ee, kter\u00fd po operaci nosn\u00ed p\u0159ep\u00e1\u017eky utrp\u011bl trval\u00e9 po\u0161kozen\u00ed mozku. S Nemocnic\u00ed ve Fr\u00fddku-M\u00edstku vede vlekl\u00fd spor o \u00fahradu n\u00e1klad\u016f na p\u00e9\u010di, kterou mu poskytovali jeho nejbli\u017e\u0161\u00ed.<\/strong><!--more--><\/p>\n<p>P\u0159\u00edpad mus\u00ed znovu projednat Krajsk\u00fd soud v Ostrav\u011b, kter\u00fd mu\u017ei za sporn\u00e9 obdob\u00ed posledn\u00edm verdiktem p\u0159iznal jen 4000 korun, co\u017e je podle soudkyn\u011b zpravodajky Kate\u0159iny \u0160im\u00e1\u010dkov\u00e9 nep\u0159\u00edpustn\u011b m\u00e1lo.<\/p>\n<p>&#8222;\u010c\u00e1stka 4000 korun je v extr\u00e9mn\u00edm nesouladu s p\u0159edstavou spravedliv\u00e9ho a pln\u00e9ho od\u0161kodn\u011bn\u00ed,&#8220; \u0159ekla novin\u00e1\u0159\u016fm \u0160im\u00e1\u010dkov\u00e1. &#8222;N\u00e1hrada by m\u011bla b\u00fdt odvozov\u00e1na od toho, na kolik by p\u0159i\u0161lo platit asistenta ze st\u00e1tn\u00edch prost\u0159edk\u016f,&#8220; doplnila soudkyn\u011b. Z\u00e1stupci nemocnice ani rodiny se dne\u0161n\u00edho vyhl\u00e1\u0161en\u00ed nez\u00fa\u010dastnili.<\/p>\n<p>Mu\u017e v minulosti v jin\u00e9m sporu z\u00edskal 2,5 milionu korun jako z\u00e1kladn\u00ed n\u00e1hradu za zt\u00ed\u017een\u00ed spole\u010densk\u00e9ho uplatn\u011bn\u00ed plus dal\u0161\u00ed d\u00edl\u010d\u00ed \u010d\u00e1stky. Kdy\u017e v\u0161ak jeho matka \u017e\u00e1dala synov\u00fdm jm\u00e9nem o n\u00e1hradu n\u00e1klad\u016f na p\u00e9\u010di, tak neusp\u011bla. Krajsk\u00fd soud v Ostrav\u011b v roce 2011 rozhodl, \u017ee n\u00e1klady na obslu\u017enou p\u00e9\u010di poskytovanou bl\u00edzk\u00fdmi nelze pod\u0159adit pod \u017e\u00e1dn\u00fd z n\u00e1rok\u016f na n\u00e1hradu \u0161kody na zdrav\u00ed.<\/p>\n<p>Ob\u010dansk\u00fd z\u00e1kon\u00edk podle ostravsk\u00fdch soudc\u016f umo\u017e\u0148oval nahradit n\u00e1klady l\u00e9\u010den\u00ed, nikoli zaji\u0161t\u011bn\u00ed pomoci p\u0159i \u017eivotn\u00edch \u00fakonech po\u0161kozen\u00e9ho. \u00dastavn\u00ed soud to ale u\u017e loni ozna\u010dil za nespr\u00e1vn\u00fd v\u00fdklad. &#8222;L\u00e9\u010debn\u00e9 n\u00e1hrady nejsou jen na l\u00e9\u010dbu a zlep\u0161ov\u00e1n\u00ed zdrav\u00ed, ale tak\u00e9 na jakousi kompenzaci do\u017eivotn\u00ed \u00fajmy, kterou ten \u010dlov\u011bk m\u00e1,&#8220; \u0159ekla dnes \u0160im\u00e1\u010dkov\u00e1. Rodinn\u00ed p\u0159\u00edslu\u0161n\u00edci p\u00e9\u010di podle n\u00ed \u010dasto vykon\u00e1vaj\u00ed na \u00fakor zam\u011bstn\u00e1n\u00ed, p\u0159ich\u00e1zej\u00ed tedy o sv\u016fj p\u0159\u00edjem.<\/p>\n<p>Matka konkr\u00e9tn\u011b synov\u00fdm jm\u00e9nem \u017e\u00e1dala od nemocnice 68.000 korun, co\u017e je \u010d\u00e1stka, kterou vybrala ze synova \u00fa\u010dtu a pou\u017eila ji na p\u00e9\u010di v obdob\u00ed jednoho m\u011bs\u00edce. Podle dostupn\u00fdch informac\u00ed se v dan\u00e9m obdob\u00ed o nemohouc\u00edho mu\u017ee staral krom\u011b matky je\u0161t\u011b jeho bratr. Okresn\u00ed soud ve Fr\u00fddku-M\u00edstku rodin\u011b p\u0159iznal 42.200 K\u010d, krajsk\u00fd soud ale \u017ealobu zcela zam\u00edtl. Po lo\u0148sk\u00e9m z\u00e1sahu \u00fastavn\u00edch soudc\u016f projednal krajsk\u00fd soud \u017ealobu znovu, p\u0159iznal v\u0161ak jen 4000 korun. Sumu odvodil od minim\u00e1ln\u00ed mzdy. Konkr\u00e9tn\u00ed \u010d\u00e1stku nyn\u00ed mus\u00ed krajsk\u00fd soud ur\u010dit znovu, &#8222;referen\u010dn\u00edm bodem&#8220; je podle \u00fastavn\u00edch soudc\u016f 46.500 korun. Sumu lze ale podle okolnost\u00ed je\u0161t\u011b upravit. Soudn\u00ed spor se sice t\u00fdk\u00e1 jen kr\u00e1tk\u00e9ho obdob\u00ed, m\u00e1 v\u0161ak v\u00fdznam pro hrazen\u00ed p\u00e9\u010de obecn\u011b.<\/p>\n<p>Mu\u017e z Prost\u0159edn\u00ed Be\u010dvy na Vset\u00ednsku se stal invalidou po operaci nosn\u00ed p\u0159ep\u00e1\u017eky, kterou v roce 1999 ud\u011blali l\u00e9ka\u0159i v Nemocnici ve Fr\u00fddku-M\u00edstku. P\u0159\u00ed\u010dinou byla z\u0159ejm\u011b z\u00e1stava d\u00fdch\u00e1n\u00ed a krevn\u00edho ob\u011bhu vyvolan\u00e1 ojedin\u011blou reakc\u00ed na podan\u00fd l\u00e9k. L\u00e9ka\u0159i p\u0159i operaci nechybovali, av\u0161ak po z\u00e1kroku z\u0159ejm\u011b nev\u011bnovali pacientovi dostate\u010dnou pozornost. V dob\u011b operace bylo mu\u017ei dvacet let. N\u00e1sledky jej postihly na cel\u00fd \u017eivot.<\/p>\n","protected":false},"excerpt":{"rendered":"<div class=\"mh-excerpt\"><p>\u00dastavn\u00ed soud (\u00daS) se dnes podruh\u00e9 zastal rodiny mu\u017ee, kter\u00fd po operaci nosn\u00ed p\u0159ep\u00e1\u017eky utrp\u011bl trval\u00e9 po\u0161kozen\u00ed mozku. S Nemocnic\u00ed ve Fr\u00fddku-M\u00edstku vede vlekl\u00fd spor <a class=\"mh-excerpt-more\" href=\"https:\/\/www.invarena.cz\/?p=18509\" title=\"\u00dastavn\u00ed soud se podruh\u00e9 zastal mu\u017ee s trvale po\u0161kozen\u00fdm zdrav\u00edm\">[&#8230;]<\/a><\/p>\n<\/div>","protected":false},"author":1,"featured_media":15745,"comment_status":"open","ping_status":"closed","sticky":false,"template":"","format":"standard","meta":{"footnotes":""},"categories":[7],"tags":[],"class_list":["post-18509","post","type-post","status-publish","format-standard","has-post-thumbnail","hentry","category-spolecnost"],"_links":{"self":[{"href":"https:\/\/www.invarena.cz\/index.php?rest_route=\/wp\/v2\/posts\/18509","targetHints":{"allow":["GET"]}}],"collection":[{"href":"https:\/\/www.invarena.cz\/index.php?rest_route=\/wp\/v2\/posts"}],"about":[{"href":"https:\/\/www.invarena.cz\/index.php?rest_route=\/wp\/v2\/types\/post"}],"author":[{"embeddable":true,"href":"https:\/\/www.invarena.cz\/index.php?rest_route=\/wp\/v2\/users\/1"}],"replies":[{"embeddable":true,"href":"https:\/\/www.invarena.cz\/index.php?rest_route=%2Fwp%2Fv2%2Fcomments&post=18509"}],"version-history":[{"count":0,"href":"https:\/\/www.invarena.cz\/index.php?rest_route=\/wp\/v2\/posts\/18509\/revisions"}],"wp:featuredmedia":[{"embeddable":true,"href":"https:\/\/www.invarena.cz\/index.php?rest_route=\/wp\/v2\/media\/15745"}],"wp:attachment":[{"href":"https:\/\/www.invarena.cz\/index.php?rest_route=%2Fwp%2Fv2%2Fmedia&parent=18509"}],"wp:term":[{"taxonomy":"category","embeddable":true,"href":"https:\/\/www.invarena.cz\/index.php?rest_route=%2Fwp%2Fv2%2Fcategories&post=18509"},{"taxonomy":"post_tag","embeddable":true,"href":"https:\/\/www.invarena.cz\/index.php?rest_route=%2Fwp%2Fv2%2Ftags&post=18509"}],"curies":[{"name":"wp","href":"https:\/\/api.w.org\/{rel}","templated":true}]}}