{"id":18523,"date":"2014-11-24T08:16:23","date_gmt":"2014-11-24T07:16:23","guid":{"rendered":"http:\/\/www.invarena.cz\/?p=18523"},"modified":"2014-11-24T08:16:23","modified_gmt":"2014-11-24T07:16:23","slug":"v-olomouci-se-zacnou-prodavat-vanocni-hvezdy-na-pomoc-detem","status":"publish","type":"post","link":"https:\/\/www.invarena.cz\/?p=18523","title":{"rendered":"V Olomouci se za\u010dnou prod\u00e1vat v\u00e1no\u010dn\u00ed hv\u011bzdy na pomoc d\u011btem"},"content":{"rendered":"<p><strong>Celkem 32.000 kus\u016f tradi\u010dn\u00edch v\u00e1no\u010dn\u00edch kv\u011btin je letos p\u0159ipraveno do olomouck\u00e9 sb\u00edrky na pomoc t\u011b\u017ece nemocn\u00fdm d\u011btem. V\u00e1no\u010dn\u00ed hv\u011bzdu si budou moci lid\u00e9 od pond\u011blka koupit v centru Olomouce, ale i na r\u016fzn\u00fdch m\u00edstech \u010cesk\u00e9 republiky.<\/strong><!--more--><\/p>\n<p>V\u00fdt\u011b\u017eek je ur\u010den pro mal\u00e9 pacienty hemato-onkologick\u00e9ho odd\u011blen\u00ed na d\u011btsk\u00e9 klinice Fakultn\u00ed nemocnice v Olomouci, \u0159ekla dnes \u010cTK koordin\u00e1torka sb\u00edrky Eva Dvo\u0159\u00e1kov\u00e1. Sb\u00edrka m\u00e1 dlouholetou tradici, mezi lidmi se setk\u00e1v\u00e1 s obrovskou solidaritu.<\/p>\n<p>Symbol V\u00e1noc se ve m\u011bst\u011b a v okol\u00ed prod\u00e1v\u00e1 ji\u017e 16 let. &#8222;Lo\u0148sk\u00fd v\u00fdt\u011b\u017eek 1,74 milionu korun, kter\u00fd z\u016fst\u00e1v\u00e1 jako p\u0159ede\u0161l\u00e9 pen\u00edze v regionu, byl vyu\u017eit\u00fd na humanizaci d\u011btsk\u00e9ho hemato-onkologick\u00e9ho odd\u011blen\u00ed, na soci\u00e1ln\u00ed pomoc rodin\u00e1m a na financov\u00e1n\u00ed rekondi\u010dn\u00edch pobyt\u016f pro mal\u00e9 pacienty po l\u00e9\u010db\u011b,&#8220; uvedla Dvo\u0159\u00e1kov\u00e1.<\/p>\n<p>S prodejci v\u00e1no\u010dn\u00edch hv\u011bzd se budou moci lid\u00e9 setkat od pond\u011blka nap\u0159\u00edklad v olomouck\u00e9 Galerii Caesar, na d\u011btsk\u00e9 klinice olomouck\u00e9 fakultn\u00ed nemocnice \u010di v obchodn\u00edch centrech. V dal\u0161\u00edch dnech se bude prod\u00e1vat tak\u00e9 v Litovli, Velk\u00e9 Byst\u0159ici, ale i na jin\u00fdch m\u00edstech v \u010cesk\u00e9 republice. Podle koordin\u00e1tor\u016f \u0161lo p\u016fvodn\u011b pouze o region\u00e1ln\u00ed sb\u00edrku, kter\u00e1 se rozrostla pot\u00e9, co se za\u010dali oz\u00fdvat i lid\u00e9 z jin\u00fdch kout\u016f zem\u011b.<\/p>\n<p>V\u00e1no\u010dn\u00ed hv\u011bzdy tak organiz\u00e1to\u0159i projektu dod\u00e1vaj\u00ed po cel\u00e9 republice. Do sb\u00edrky se ka\u017edoro\u010dn\u011b zapojuje \u0159ada dobrovoln\u00edk\u016f. Jsou mezi nimi vyl\u00e9\u010den\u00e9 d\u011bti a jejich rodiny, ale i zdravotn\u00ed person\u00e1l, p\u0159\u00e1tel\u00e9 \u0160ance &#8211; sdru\u017een\u00ed rodi\u010d\u016f a p\u0159\u00e1tel hematologicky a onkologicky nemocn\u00fdch d\u011bt\u00ed, kter\u00e9 sb\u00edrku organizuje.<\/p>\n","protected":false},"excerpt":{"rendered":"<div class=\"mh-excerpt\"><p>Celkem 32.000 kus\u016f tradi\u010dn\u00edch v\u00e1no\u010dn\u00edch kv\u011btin je letos p\u0159ipraveno do olomouck\u00e9 sb\u00edrky na pomoc t\u011b\u017ece nemocn\u00fdm d\u011btem. V\u00e1no\u010dn\u00ed hv\u011bzdu si budou moci lid\u00e9 od pond\u011blka <a class=\"mh-excerpt-more\" href=\"https:\/\/www.invarena.cz\/?p=18523\" title=\"V Olomouci se za\u010dnou prod\u00e1vat v\u00e1no\u010dn\u00ed hv\u011bzdy na pomoc d\u011btem\">[&#8230;]<\/a><\/p>\n<\/div>","protected":false},"author":1,"featured_media":13465,"comment_status":"open","ping_status":"closed","sticky":false,"template":"","format":"standard","meta":{"footnotes":""},"categories":[7],"tags":[],"class_list":["post-18523","post","type-post","status-publish","format-standard","has-post-thumbnail","hentry","category-spolecnost"],"_links":{"self":[{"href":"https:\/\/www.invarena.cz\/index.php?rest_route=\/wp\/v2\/posts\/18523","targetHints":{"allow":["GET"]}}],"collection":[{"href":"https:\/\/www.invarena.cz\/index.php?rest_route=\/wp\/v2\/posts"}],"about":[{"href":"https:\/\/www.invarena.cz\/index.php?rest_route=\/wp\/v2\/types\/post"}],"author":[{"embeddable":true,"href":"https:\/\/www.invarena.cz\/index.php?rest_route=\/wp\/v2\/users\/1"}],"replies":[{"embeddable":true,"href":"https:\/\/www.invarena.cz\/index.php?rest_route=%2Fwp%2Fv2%2Fcomments&post=18523"}],"version-history":[{"count":0,"href":"https:\/\/www.invarena.cz\/index.php?rest_route=\/wp\/v2\/posts\/18523\/revisions"}],"wp:featuredmedia":[{"embeddable":true,"href":"https:\/\/www.invarena.cz\/index.php?rest_route=\/wp\/v2\/media\/13465"}],"wp:attachment":[{"href":"https:\/\/www.invarena.cz\/index.php?rest_route=%2Fwp%2Fv2%2Fmedia&parent=18523"}],"wp:term":[{"taxonomy":"category","embeddable":true,"href":"https:\/\/www.invarena.cz\/index.php?rest_route=%2Fwp%2Fv2%2Fcategories&post=18523"},{"taxonomy":"post_tag","embeddable":true,"href":"https:\/\/www.invarena.cz\/index.php?rest_route=%2Fwp%2Fv2%2Ftags&post=18523"}],"curies":[{"name":"wp","href":"https:\/\/api.w.org\/{rel}","templated":true}]}}