{"id":18541,"date":"2014-11-24T13:53:29","date_gmt":"2014-11-24T12:53:29","guid":{"rendered":"http:\/\/www.invarena.cz\/?p=18541"},"modified":"2015-01-05T11:07:11","modified_gmt":"2015-01-05T10:07:11","slug":"zadal-o-prukaz-ztp-prisel-o-invalidni-duchod","status":"publish","type":"post","link":"https:\/\/www.invarena.cz\/?p=18541","title":{"rendered":"\u017d\u00e1dal o pr\u016fkaz ZTP, p\u0159i\u0161el o invalidn\u00ed d\u016fchod"},"content":{"rendered":"<p><strong>Pan V\u00e1\u0148a u\u017e p\u00e1r m\u011bs\u00edc\u016f pob\u00edr\u00e1 pln\u00fd invalidn\u00ed d\u016fchod a proto si po\u017e\u00e1dal o pr\u016fkaz ZTP. Jen\u017ee posudkov\u00e1 komise mu sd\u011blila, \u017ee bude posuzov\u00e1n nejen kv\u016fli \u017e\u00e1dosti o pr\u016fkaz, ale \u017ee se znovu posoud\u00ed i jeho pr\u00e1vo na pln\u00fd invalidn\u00ed d\u016fchod.<\/strong><!--more--><\/p>\n<p><em><strong>Prima FTV<\/strong><\/em><\/p>\n<p>Zar\u00e1\u017eej\u00edc\u00ed nav\u00edc je, jak\u00fdm zp\u016fsobem \u00fa\u0159ednice kontrolu od\u016fvodnily. Jan V\u00e1\u0148a pob\u00edral doned\u00e1vna prvn\u00ed stupe\u0148 invalidn\u00edho d\u016fchodu. Proto\u017ee se ale jeho zdravotn\u00ed stav zhor\u0161il, po\u017e\u00e1dal si o pln\u00fd invalidn\u00ed d\u016fchod a ten mu byl letos v \u010dervnu p\u0159izn\u00e1n.<\/p>\n<p>Jan V\u00c1\u0147A, invalidn\u00ed d\u016fchodce:\u00a0\u00a0 M\u00e1m vrozenou vadu &#8211; Hirschprungova choroba. Nato se k tomu p\u0159idaly i nemoci ledviny a mo\u010dov\u00fdch cest.<\/p>\n<p>Kdy\u017e u\u017e m\u00e1 pln\u00fd invalidn\u00ed d\u016fchod, rozhodl se po\u017e\u00e1dat o pr\u016fkaz ZTP. Pana V\u00e1\u0148u si ale na z\u00e1klad\u011b \u017e\u00e1dosti pozvali znovu k posudkov\u00e9 komisi s t\u00edm, \u017ee mus\u00ed projednat i to, jestli m\u00e1 na pln\u00fd invalidn\u00ed d\u016fchod v\u016fbec n\u00e1rok.<\/p>\n<p>V\u00c1\u0147A:\u00a0\u00a0 A j\u00e1 jsem se ptal pro\u010d, z jak\u00e9ho d\u016fvodu, tak m\u011b \u0159ekla, \u017ee nyn\u011bj\u0161\u00ed pan\u00ed doktorka u kter\u00e9 jsem byl v \u010dervnu, tak\u017ee ji\u017e tam u\u017e nepracuje a m\u00e1m novou pan\u00ed doktorku posudkovou, kter\u00e1 m\u011b chce vid\u011bt a znova posoudit.<\/p>\n<p>V\u00e1clav KR\u00c1SA, p\u0159edseda NRZP:\u00a0\u00a0 Ten posudkov\u00fd z\u00e1v\u011br je, \u017ee v z\u00e1sad\u011b stav je nem\u011bnn\u00fd a je tam pozn\u00e1mka, \u017ee posudkov\u00fd l\u00e9ka\u0159 navrhuje nejbli\u017e\u0161\u00ed prohl\u00eddku za t\u0159i roky. Tak j\u00e1 v\u016fbec nerozum\u00edm, pro\u010d za \u010dty\u0159i m\u011bs\u00edce op\u011bt cht\u011bj\u00ed pana V\u00e1\u0148u kontrolovat, zda n\u00e1hodou bere neopr\u00e1vn\u011bn\u011b invalidn\u00ed d\u016fchod.<\/p>\n<p>Jana BURA\u0147OV\u00c1, mluv\u010d\u00ed \u010cSSZ:\u00a0 Jestli na \u010cesk\u00e9 spr\u00e1v\u011b soci\u00e1ln\u00edm zabezpe\u010den\u00ed, nebo Okresn\u00ed spr\u00e1v\u011b soci\u00e1ln\u00edho zabezpe\u010den\u00ed nepracuje u\u017e n\u011bjak\u00fd posudkov\u00fd l\u00e9ka\u0159, ur\u010dit\u011b to nen\u00ed d\u016fvodem pro to, aby byla na\u0159\u00edzen\u00e1 mimo\u0159\u00e1dn\u00e1 kontroln\u00ed l\u00e9ka\u0159sk\u00e1 prohl\u00eddka. P\u0159i p\u0159\u00edprav\u011b a prostudov\u00e1n\u00ed spisu posudkov\u00e1 l\u00e9ka\u0159ka zjistila posudkov\u011b v\u00fdznamn\u00e9 skute\u010dnosti, nap\u0159\u00edklad pr\u00e1ci na pln\u00fd \u00favazek \u010di neexistenci doklad\u016f o trval\u00e9 p\u00e9\u010di a na z\u00e1klad\u011b toho doch\u00e1z\u00ed k mimo\u0159\u00e1dn\u00e9 kontroln\u00ed l\u00e9ka\u0159sk\u00e9 prohl\u00eddce.<\/p>\n<p>Pan V\u00e1\u0148a na pln\u00fd \u00favazek pracuje, ale v chr\u00e1n\u011bn\u00e9 d\u00edln\u011b a podle odborn\u00edk\u016f t\u00edm tak nic neporu\u0161uje.<\/p>\n<p>KR\u00c1SA:\u00a0\u00a0 To je \u00fapln\u011b neuv\u011b\u0159iteln\u00e1 arogance t\u011bch pracovn\u00edk\u016f v\u016f\u010di t\u011bmto lidem, proto\u017ee oni ty lidi vylo\u017een\u011b otravuj\u00ed, znejis\u0165uj\u00ed a ti lid\u00e9 v z\u00e1sad\u011b maj\u00ed z nich strach.<\/p>\n<p>Probl\u00e9m je, \u017ee pr\u00e1vn\u00ed p\u0159edpis nestanovuje lh\u016ftu pro dal\u0161\u00ed posouzen\u00ed, tak\u00e9 v podstat\u011b posudkov\u00fd l\u00e9ka\u0159 se m\u016f\u017ee kdykoliv rozhodnout, \u017ee p\u0159ekontroluje v\u00e1\u0161 zdravotn\u00ed stav.<\/p>\n<p>KR\u00c1SA:\u00a0 A to je opravdu velk\u00e1 pr\u00e1vn\u00ed nejistota.<\/p>\n<p>Pan V\u00e1\u0148a nakonec o pln\u00fd invalidn\u00ed d\u016fchod p\u0159i\u0161el a podle posudkov\u00e9 l\u00e9ka\u0159sk\u00e9 komise nem\u00e1 n\u00e1rok ani na pr\u016fkaz osoby se zdravotn\u00edm posti\u017een\u00edm. Jestli se pan V\u00e1\u0148a proti rozsudku odvol\u00e1, zat\u00edm nev\u00ed.<\/p>\n<p>Prima FTV<\/p>\n","protected":false},"excerpt":{"rendered":"<div class=\"mh-excerpt\"><p>Pan V\u00e1\u0148a u\u017e p\u00e1r m\u011bs\u00edc\u016f pob\u00edr\u00e1 pln\u00fd invalidn\u00ed d\u016fchod a proto si po\u017e\u00e1dal o pr\u016fkaz ZTP. Jen\u017ee posudkov\u00e1 komise mu sd\u011blila, \u017ee bude posuzov\u00e1n nejen <a class=\"mh-excerpt-more\" href=\"https:\/\/www.invarena.cz\/?p=18541\" title=\"\u017d\u00e1dal o pr\u016fkaz ZTP, p\u0159i\u0161el o invalidn\u00ed d\u016fchod\">[&#8230;]<\/a><\/p>\n<\/div>","protected":false},"author":1,"featured_media":13767,"comment_status":"open","ping_status":"closed","sticky":false,"template":"","format":"standard","meta":{"footnotes":""},"categories":[7],"tags":[],"class_list":["post-18541","post","type-post","status-publish","format-standard","has-post-thumbnail","hentry","category-spolecnost"],"_links":{"self":[{"href":"https:\/\/www.invarena.cz\/index.php?rest_route=\/wp\/v2\/posts\/18541","targetHints":{"allow":["GET"]}}],"collection":[{"href":"https:\/\/www.invarena.cz\/index.php?rest_route=\/wp\/v2\/posts"}],"about":[{"href":"https:\/\/www.invarena.cz\/index.php?rest_route=\/wp\/v2\/types\/post"}],"author":[{"embeddable":true,"href":"https:\/\/www.invarena.cz\/index.php?rest_route=\/wp\/v2\/users\/1"}],"replies":[{"embeddable":true,"href":"https:\/\/www.invarena.cz\/index.php?rest_route=%2Fwp%2Fv2%2Fcomments&post=18541"}],"version-history":[{"count":0,"href":"https:\/\/www.invarena.cz\/index.php?rest_route=\/wp\/v2\/posts\/18541\/revisions"}],"wp:featuredmedia":[{"embeddable":true,"href":"https:\/\/www.invarena.cz\/index.php?rest_route=\/wp\/v2\/media\/13767"}],"wp:attachment":[{"href":"https:\/\/www.invarena.cz\/index.php?rest_route=%2Fwp%2Fv2%2Fmedia&parent=18541"}],"wp:term":[{"taxonomy":"category","embeddable":true,"href":"https:\/\/www.invarena.cz\/index.php?rest_route=%2Fwp%2Fv2%2Fcategories&post=18541"},{"taxonomy":"post_tag","embeddable":true,"href":"https:\/\/www.invarena.cz\/index.php?rest_route=%2Fwp%2Fv2%2Ftags&post=18541"}],"curies":[{"name":"wp","href":"https:\/\/api.w.org\/{rel}","templated":true}]}}