{"id":18566,"date":"2014-11-25T12:57:02","date_gmt":"2014-11-25T11:57:02","guid":{"rendered":"http:\/\/www.invarena.cz\/?p=18566"},"modified":"2014-11-25T12:57:02","modified_gmt":"2014-11-25T11:57:02","slug":"vcera-zacal-tyden-rane-pece","status":"publish","type":"post","link":"https:\/\/www.invarena.cz\/?p=18566","title":{"rendered":"V\u010dera za\u010dal T\u00fdden ran\u00e9 p\u00e9\u010de"},"content":{"rendered":"<p><strong>V cel\u00e9m \u010cesku za\u010dal t\u00fdden ran\u00e9 p\u00e9\u010de. Jednotliv\u00e1 st\u0159ediska upozor\u0148uj\u00ed na to, jak d\u016fle\u017eit\u00e9 je pe\u010dovat o d\u011bti s posti\u017een\u00edm u\u017e od jejich narozen\u00ed. Ostravsk\u00e9 centrum pom\u00e1h\u00e1 hlavn\u011b rodin\u00e1m d\u011bt\u00ed se zrakov\u00fdm a kombinovan\u00fdm posti\u017een\u00edm.<\/strong><!--more--><\/p>\n<p><strong><em>\u010cesk\u00e1 televize<\/em><\/strong><\/p>\n<p>Dnes p\u011btilet\u00e1 Marie Ku\u010derov\u00e1 pr\u00e1v\u011b i d\u00edky pracovn\u00edk\u016fm centra ran\u00e9 p\u00e9\u010de zvl\u00e1d\u00e1 komunikovat a nav\u0161t\u011bvuje b\u011b\u017enou mate\u0159skou \u0161kolu.<\/p>\n<p>Tady jsou Marii Ku\u010derov\u00e9 3 roky. Narodila se s posti\u017een\u00edm zraku, pohybuje se na voz\u00edku. Nemluvila, nedok\u00e1zala se soust\u0159edit na p\u0159edm\u011bty.<\/p>\n<p>A tady Marie dnes. Dok\u00e1\u017ee pojmenovat barvy, \u0159\u00edct, co pot\u0159ebuje. A to i d\u00edky terapeut\u016fm st\u0159ediska ran\u00e9 p\u00e9\u010de, kte\u0159\u00ed za n\u00ed pravideln\u011b jezd\u00ed dom\u016f. A tak\u00e9 pravideln\u011b rehabilituje.<\/p>\n<p>Marcela KU\u010cEROV\u00c1, matka Marie:\u00a0\u00a0 N\u00e1m \u0159ekne, kde j\u00ed co bol\u00ed, co chce, na co m\u00e1 chu\u0165, p\u0159ed t\u00edm n\u00e1m to ne\u0159ekla.<\/p>\n<p>Ostravsk\u00e9 centrum ran\u00e9 p\u00e9\u010de vzniklo p\u0159ed 10 lety. Pom\u00e1h\u00e1 d\u011btem se zrakov\u00fdm a kombinovan\u00fdm posti\u017een\u00edm. A v tomto t\u00fddnu chce ve\u0159ejnosti uk\u00e1zat, jak d\u016fle\u017eit\u00e1 je p\u00e9\u010de, kterou rodin\u00e1m poskytuje.<\/p>\n<p>Vladim\u00edra SALVETOV\u00c1, \u0159editelka St\u0159ediska ran\u00e9 p\u00e9\u010de Ostrava:\u00a0 Na\u0161i vy\u0161kolen\u00ed poradci doj\u00ed\u017ed\u011bj\u00ed za rodinami dom\u016f, do jejich dom\u00e1cnost\u00ed, a poskytuj\u00ed rodi\u010d\u016fm rady, informace.<\/p>\n<p>Jako Lenka Opo\u010densk\u00e1 rodin\u011b mal\u00e9 Marie. Ze za\u010d\u00e1tku u nich byla \u010dast\u011bji, te\u010f u\u017e doj\u00ed\u017ed\u00ed jen jednou za \u010dtvrt roku.<\/p>\n<p>Marcela KU\u010cEROV\u00c1, matka Marie:\u00a0\u00a0\u00a0 Pro m\u011b bylo hodn\u011b takov\u00e1 v\u00fdhra ji integrovat mezi b\u011b\u017en\u00e9 d\u011bti, do b\u011b\u017en\u00e9 logopedick\u00e9 \u0161kolky, aby Maru\u0161ka prakticky se setkala s b\u011b\u017en\u00fdma v\u011bcma, aby se tam rozv\u00edjela d\u00e1l hlavn\u011b v t\u00e9 komunikaci.<\/p>\n<p>Ostravsk\u00fd T\u00fdden ran\u00e9 p\u00e9\u010de skon\u010d\u00ed v t\u00e9to d\u011btsk\u00e9 hern\u011b ve \u010dtvrtek. Odborn\u00edci tady budou d\u011btem zdarma vy\u0161et\u0159ovat zrak, lid\u00e9 si tak\u00e9 mohou vyzkou\u0161et, jak chutn\u00e1 k\u00e1va <span class=\"highlight\">nevidom\u00fdm<\/span>.<\/p>\n","protected":false},"excerpt":{"rendered":"<div class=\"mh-excerpt\"><p>V cel\u00e9m \u010cesku za\u010dal t\u00fdden ran\u00e9 p\u00e9\u010de. Jednotliv\u00e1 st\u0159ediska upozor\u0148uj\u00ed na to, jak d\u016fle\u017eit\u00e9 je pe\u010dovat o d\u011bti s posti\u017een\u00edm u\u017e od jejich narozen\u00ed. Ostravsk\u00e9 <a class=\"mh-excerpt-more\" href=\"https:\/\/www.invarena.cz\/?p=18566\" title=\"V\u010dera za\u010dal T\u00fdden ran\u00e9 p\u00e9\u010de\">[&#8230;]<\/a><\/p>\n<\/div>","protected":false},"author":1,"featured_media":3679,"comment_status":"open","ping_status":"closed","sticky":false,"template":"","format":"standard","meta":{"footnotes":""},"categories":[7],"tags":[],"class_list":["post-18566","post","type-post","status-publish","format-standard","has-post-thumbnail","hentry","category-spolecnost"],"_links":{"self":[{"href":"https:\/\/www.invarena.cz\/index.php?rest_route=\/wp\/v2\/posts\/18566","targetHints":{"allow":["GET"]}}],"collection":[{"href":"https:\/\/www.invarena.cz\/index.php?rest_route=\/wp\/v2\/posts"}],"about":[{"href":"https:\/\/www.invarena.cz\/index.php?rest_route=\/wp\/v2\/types\/post"}],"author":[{"embeddable":true,"href":"https:\/\/www.invarena.cz\/index.php?rest_route=\/wp\/v2\/users\/1"}],"replies":[{"embeddable":true,"href":"https:\/\/www.invarena.cz\/index.php?rest_route=%2Fwp%2Fv2%2Fcomments&post=18566"}],"version-history":[{"count":0,"href":"https:\/\/www.invarena.cz\/index.php?rest_route=\/wp\/v2\/posts\/18566\/revisions"}],"wp:featuredmedia":[{"embeddable":true,"href":"https:\/\/www.invarena.cz\/index.php?rest_route=\/wp\/v2\/media\/3679"}],"wp:attachment":[{"href":"https:\/\/www.invarena.cz\/index.php?rest_route=%2Fwp%2Fv2%2Fmedia&parent=18566"}],"wp:term":[{"taxonomy":"category","embeddable":true,"href":"https:\/\/www.invarena.cz\/index.php?rest_route=%2Fwp%2Fv2%2Fcategories&post=18566"},{"taxonomy":"post_tag","embeddable":true,"href":"https:\/\/www.invarena.cz\/index.php?rest_route=%2Fwp%2Fv2%2Ftags&post=18566"}],"curies":[{"name":"wp","href":"https:\/\/api.w.org\/{rel}","templated":true}]}}