{"id":18590,"date":"2014-11-26T13:10:37","date_gmt":"2014-11-26T12:10:37","guid":{"rendered":"http:\/\/www.invarena.cz\/?p=18590"},"modified":"2014-11-26T13:10:37","modified_gmt":"2014-11-26T12:10:37","slug":"fond-ohrozenych-deti-nesouhlasi-s-mpsv","status":"publish","type":"post","link":"https:\/\/www.invarena.cz\/?p=18590","title":{"rendered":"Fond ohro\u017een\u00fdch d\u011bt\u00ed nesouhlas\u00ed s MPSV"},"content":{"rendered":"<p><strong>Ministerstvo pr\u00e1ce a soci\u00e1ln\u00edch v\u011bc\u00ed dalo stopku Klok\u00e1nk\u016fm, tedy za\u0159\u00edzen\u00edm, kter\u00e1 se staraj\u00ed o opu\u0161t\u011bn\u00e9 nebo ohro\u017een\u00e9 d\u011bti. Nov\u011b v nich bude muset b\u00fdt m\u00e9n\u011b sv\u011b\u0159enc\u016f, a to p\u0159esn\u011b 28. Stanovuje to novela z\u00e1kona o soci\u00e1ln\u011bpr\u00e1vn\u00ed ochran\u011b d\u011bt\u00ed, kter\u00e1 plat\u00ed od za\u010d\u00e1tku roku. Co bude s d\u011btmi, kter\u00e9 u\u017e v Klok\u00e1nc\u00edch jsou, zji\u0161\u0165ovala FTV Prima.<\/strong> <!--more--><br \/>\n\u017dij\u00ed v bytech a tety, kter\u00e9 se o n\u011b 24 hodin denn\u011b staraj\u00ed, se jim sna\u017e\u00ed simulovat model rodiny. Te\u010f se ale v Klok\u00e1nc\u00edch bude muset postupn\u011b zru\u0161it 105 m\u00edst. V ka\u017ed\u00e9m Klok\u00e1nku bude maxim\u00e1ln\u011b 28 d\u011bt\u00ed. Klok\u00e1nky dvakr\u00e1t za tento rok z\u00edskaly od ministerstva v\u00fdjimku a po\u010det d\u011bt\u00ed nemuseli sni\u017eovat. Tomu u\u017e je ale konec.<\/p>\n<p>Petr HAB\u00c1\u0147, mluv\u010d\u00ed <span class=\"highlight\">MPSV<\/span>: V jednom p\u0159\u00edpad\u011b byla v\u00fdjimka prodlou\u017eena, v p\u011bti p\u0159\u00edpadech ta v\u00fdjimka prodlou\u017eena nebyla.<\/p>\n<p>Eli\u0161ka \u010cE\u0158OVSK\u00c1, redaktorka:<br \/>\nV\u00fdbor OSN u\u017e p\u0159itom v roce 2002 vyzval \u010ceskou republiku, aby podpo\u0159ila rodinn\u011b orientovanou p\u00e9\u010di.<\/p>\n<p>Marie VODI\u010cKOV\u00c1, \u0159editelka Fondu ohro\u017een\u00fdch d\u011bt\u00ed: Co\u017e p\u0159esn\u011b Klok\u00e1nky tedy spl\u0148uj\u00ed. P\u0159itom ta druh\u00e1 polovina t\u011bch za\u0159\u00edzen\u00ed v\u011bt\u0161inou je u d\u011btsk\u00fdch domov\u016f, tak\u017ee nech\u00e1pu, pro\u010d d\u011bti nemohou j\u00edt do za\u0159\u00edzen\u00ed, kde je 48 m\u00edst, ale naproti tomu mohou j\u00edt tam, kde pod jednou st\u0159echou je t\u011bch d\u011bt\u00ed t\u0159eba 60, 80, n\u011bkde i 100.<\/p>\n<p>Z Klok\u00e1nk\u016f se te\u010f ale nov\u011b maj\u00ed st\u00e1t pouze p\u0159estupn\u00ed stanice.<\/p>\n<p>Petr HAB\u00c1\u0147, mluv\u010d\u00ed <span class=\"highlight\">MPSV<\/span>: Klok\u00e1nky jsou pr\u00e1v\u011b za\u0159\u00edzen\u00ed pro d\u011bti vy\u017eaduj\u00edc\u00ed okam\u017eitou pomoc a d\u011bti by tam tedy m\u011bly b\u00fdt mezi 3 a\u017e 6 m\u011bs\u00edci maxim\u00e1ln\u011b.<\/p>\n<p>Nap\u0159\u00edklad ve \u0161t\u011brboholsk\u00e9m Klok\u00e1nku te\u010f ve 12 bytech \u017eije 48 d\u011bt\u00ed. Z\u00e1konn\u00fd limit tak v\u00fdrazn\u011b p\u0159evy\u0161uj\u00ed. Co ale bude s 20 d\u011btmi, kter\u00e9 jsou v Klok\u00e1nku podle z\u00e1kona nav\u00edc?<\/p>\n<p>Marie VODI\u010cKOV\u00c1, \u0159editelka Fondu ohro\u017een\u00fdch d\u011bt\u00ed: P\u016fvodn\u011b teda mus\u00edm \u0159\u00edct, \u017ee jeden vykonavatel \u0159ekl, \u017ee tam asi bude muset p\u0159ijet koncem roku s autobusem a p\u0159edb\u011b\u017en\u00fdmi opat\u0159en\u00edmi a ty d\u011bti odv\u00e9zt.<\/p>\n<p>Petr HAB\u00c1\u0147: D\u011bti se nikam p\u0159esouvat nebudou. My jsme upozor\u0148ovali na to, \u017ee n\u00e1m nejde o jak\u00e9koli skokov\u00e9 sni\u017eov\u00e1n\u00ed stav\u016f.<\/p>\n<p>Marie VODI\u010cKOV\u00c1 : Ale stejn\u011b vlastn\u011b ty nov\u00e9 d\u011bti, kter\u00e9 by tyto Klok\u00e1nky mohly vz\u00edt, tak u\u017e budou muset j\u00edt do t\u011bch \u00fastavn\u00edch za\u0159\u00edzen\u00ed.<\/p>\n<p>P\u0159itom Klok\u00e1nky se o d\u011bti dok\u00e1\u017eou postarat za polovi\u010dn\u00ed n\u00e1klady ne\u017e d\u011btsk\u00e9 domovy. Veden\u00ed Fondu ohro\u017een\u00fdch d\u011bt\u00ed pod\u00e1 proti rozhodnut\u00ed ministerstva pr\u00e1ce a soci\u00e1ln\u00edch v\u011bc\u00ed rozklad. Rozhodovat o n\u011bm pak bude samotn\u00e1 ministryn\u011b pr\u00e1ce a soci\u00e1ln\u00edch v\u011bc\u00ed Michaela Marksov\u00e1.<\/p>\n<p>Prima FTV<\/p>\n","protected":false},"excerpt":{"rendered":"<div class=\"mh-excerpt\"><p>Ministerstvo pr\u00e1ce a soci\u00e1ln\u00edch v\u011bc\u00ed dalo stopku Klok\u00e1nk\u016fm, tedy za\u0159\u00edzen\u00edm, kter\u00e1 se staraj\u00ed o opu\u0161t\u011bn\u00e9 nebo ohro\u017een\u00e9 d\u011bti. Nov\u011b v nich bude muset b\u00fdt m\u00e9n\u011b <a class=\"mh-excerpt-more\" href=\"https:\/\/www.invarena.cz\/?p=18590\" title=\"Fond ohro\u017een\u00fdch d\u011bt\u00ed nesouhlas\u00ed s MPSV\">[&#8230;]<\/a><\/p>\n<\/div>","protected":false},"author":1,"featured_media":1226,"comment_status":"open","ping_status":"closed","sticky":false,"template":"","format":"standard","meta":{"footnotes":""},"categories":[6],"tags":[],"class_list":["post-18590","post","type-post","status-publish","format-standard","has-post-thumbnail","hentry","category-politika"],"_links":{"self":[{"href":"https:\/\/www.invarena.cz\/index.php?rest_route=\/wp\/v2\/posts\/18590","targetHints":{"allow":["GET"]}}],"collection":[{"href":"https:\/\/www.invarena.cz\/index.php?rest_route=\/wp\/v2\/posts"}],"about":[{"href":"https:\/\/www.invarena.cz\/index.php?rest_route=\/wp\/v2\/types\/post"}],"author":[{"embeddable":true,"href":"https:\/\/www.invarena.cz\/index.php?rest_route=\/wp\/v2\/users\/1"}],"replies":[{"embeddable":true,"href":"https:\/\/www.invarena.cz\/index.php?rest_route=%2Fwp%2Fv2%2Fcomments&post=18590"}],"version-history":[{"count":0,"href":"https:\/\/www.invarena.cz\/index.php?rest_route=\/wp\/v2\/posts\/18590\/revisions"}],"wp:featuredmedia":[{"embeddable":true,"href":"https:\/\/www.invarena.cz\/index.php?rest_route=\/wp\/v2\/media\/1226"}],"wp:attachment":[{"href":"https:\/\/www.invarena.cz\/index.php?rest_route=%2Fwp%2Fv2%2Fmedia&parent=18590"}],"wp:term":[{"taxonomy":"category","embeddable":true,"href":"https:\/\/www.invarena.cz\/index.php?rest_route=%2Fwp%2Fv2%2Fcategories&post=18590"},{"taxonomy":"post_tag","embeddable":true,"href":"https:\/\/www.invarena.cz\/index.php?rest_route=%2Fwp%2Fv2%2Ftags&post=18590"}],"curies":[{"name":"wp","href":"https:\/\/api.w.org\/{rel}","templated":true}]}}