{"id":18651,"date":"2014-12-01T21:25:04","date_gmt":"2014-12-01T20:25:04","guid":{"rendered":"http:\/\/www.invarena.cz\/?p=18651"},"modified":"2014-12-01T21:25:04","modified_gmt":"2014-12-01T20:25:04","slug":"charitni-stacionar-petrklic-ceka-zrejme-tvrdy-boj-o-klienty","status":"publish","type":"post","link":"https:\/\/www.invarena.cz\/?p=18651","title":{"rendered":"Charitn\u00ed stacion\u00e1\u0159 Petrkl\u00ed\u010d \u010dek\u00e1 z\u0159ejm\u011b tvrd\u00fd boj o klienty"},"content":{"rendered":"<h2><\/h2>\n<p><strong>V Led\u010di si budou moci <span class=\"highlight\">posti\u017een\u00ed<\/span> brzy vyb\u00edrat hned ze dvou pe\u010duj\u00edc\u00edch za\u0159\u00edzen\u00ed<\/strong><!--more--><\/p>\n<p>Diec\u00e9zn\u00ed Charita chce v Led\u010di nad S\u00e1zavou brzy otev\u0159\u00edt nov\u00fd stacion\u00e1\u0159 pro ment\u00e1ln\u011b <span class=\"highlight\">posti\u017een\u00e9<\/span>. Budova st\u00e1la skoro dvacet mili\u00f3n\u016f, ale je ot\u00e1zka, zda se tyto modern\u00ed prostory poda\u0159\u00ed obsadit. B\u00fdval\u00e1 vedouc\u00ed stacion\u00e1\u0159e Iveta Vrbov\u00e1 toti\u017e odl\u00e1kala stacion\u00e1\u0159i v\u011bt\u0161inu p\u016fvodn\u00edch klient\u016f. Slu\u017eby p\u016fvodn\u011b poskytovala v panel\u00e1kov\u00e9m byt\u011b, nov\u011b z\u00edskala prostory v b\u00fdval\u00e9 budov\u011b Zentivy v Led\u010di nad S\u00e1zavou.<br \/>\nJak zve\u0159ejnil ned\u00e1vno nap\u0159\u00edklad \u010cRo Region, Charita pr\u00fd stoj\u00ed p\u0159ed v\u00e1\u017en\u00fdm probl\u00e9mem, ide\u00e1ln\u00ed po\u010det klient\u016f by byl kolem dvaceti a\u017e p\u011btadvaceti, stacion\u00e1\u0159 m\u016f\u017ee slou\u017eit handicapovan\u00fdm s r\u016fzn\u00fdm druhem <span class=\"highlight\">posti\u017een\u00ed<\/span>. Budova vznikla na pozemc\u00edch m\u011bsta Lede\u010d nad S\u00e1zavou, kter\u00e9 byly darov\u00e1ny Oblastn\u00ed charit\u011b Havl\u00ed\u010dk\u016fv Brod. Evropsk\u00e1 unie uvolnila na stavbu stacion\u00e1\u0159e dotaci ve v\u00fd\u0161i asi 20 milion\u016f korun.<br \/>\nKonkuren\u010dn\u00ed stacion\u00e1\u0159 s n\u00e1zvem Barborka zat\u00edm z\u00edskal od \u00fa\u0159ad\u016f pot\u0159ebnou registraci a Kraj Vyso\u010dina te\u010f jedn\u00e1 o poskytnut\u00ed dal\u0161\u00edch, p\u0159edev\u0161\u00edm provozn\u00edch dotac\u00ed. Podle \u0159editelky Oblastn\u00ed Charity Anny Bla\u017ekov\u00e9 Centrum soci\u00e1ln\u00edch slu\u017eeb Petrkl\u00ed\u010d \u2013 nov\u011b postaven\u00e1 budova ur\u010den\u00e1 pro Charitu nen\u00ed polopr\u00e1zdn\u00e1, ale \u00fapln\u011b pr\u00e1zdn\u00e1.<br \/>\n&#8222;A to proto, \u017ee je\u0161t\u011b nen\u00ed ukon\u010den\u00fd projekt v\u00fdstavby a vybaven\u00ed. Vsou\u010dasn\u00e9dob\u011bje Stacion\u00e1\u0159 Petrkl\u00ed\u010d provozov\u00e1n ve st\u00e1vaj\u00edc\u00ed budov\u011b v ulici Pivovarsk\u00e1. V sou\u010dasn\u00e9 dob\u011b m\u00e1me dev\u011bt klient\u016f, co\u017e je ve st\u00e1vaj\u00edc\u00edch prostor\u00e1ch optim\u00e1ln\u00ed stav. Stacion\u00e1\u0159 se bude st\u011bhovatv\u00fanorup\u0159\u00ed\u0161t\u00edhoroku do nov\u00fdch prostor,&#8220; sd\u011blila Bla\u017ekov\u00e1. Podle b\u00fdval\u00e9ho starosty Led\u010de Petra Va\u0148ka bude m\u011bsto Lede\u010d z\u0159ejm\u011b pat\u0159it do knihy rekord\u016f a kuriozit, nebo\u0165 bude m\u00edt hned dv\u011b za\u0159\u00edzen\u00ed, kter\u00e1 cht\u011bj\u00ed pe\u010dovat o <span class=\"highlight\">posti\u017een\u00e9<\/span> .<\/p>\n<p>Konkurence v jedn\u00e9 ulici<\/p>\n<p>&#8222;Budovu naproti p\u0159es silnici, b\u00fdvalou tov\u00e1rnu l\u00e9\u010div \u2013 Zentiva, z\u00edskala do sv\u00e9ho vlastnictv\u00ed obecn\u011b prosp\u011b\u0161n\u00e1 spole\u010dnost H\u00e1ta. S ohledem na skute\u010dnost, \u017ee \u0159editelkou spole\u010dnosti H\u00e1ta je Iveta Vrbov\u00e1, dnes ji\u017e b\u00fdval\u00e1 vedouc\u00ed stacion\u00e1\u0159e Petrkl\u00ed\u010d, je mo\u017en\u00e9, \u017ee bude v objektu dal\u0161\u00ed stacion\u00e1\u0159. Dva stacion\u00e1\u0159e v jedn\u00e9 ulici, v \u0161estitis\u00edcov\u00e9m m\u011bst\u011b, v\u011bru neb\u00fdval\u00fd luxus,&#8220; komentoval situaci dnes u\u017e b\u00fdval\u00fd starosta.<br \/>\nPodle n\u00e1zor\u016f n\u011bkter\u00fdch obyvatel Led\u010de, kte\u0159\u00ed nejsou ve sporu dvou soci\u00e1ln\u00edch za\u0159\u00edzen\u00ed nijak zainteresovan\u00ed, je to docela oby\u010dejn\u00e1 komedie. &#8222;Ani jedn\u011bm, ani druh\u00fdm nejde o klienty, ale jde jim hlavn\u011b o pen\u00edze a jejich pracovn\u00ed m\u00edsta,&#8220; konstatoval ironicky nap\u0159\u00edklad pan V\u00e1clav, kter\u00fd do Led\u010de jezd\u00ed za prac\u00ed.<br \/>\nPodle \u0159editelky konkuren\u010dn\u00edho za\u0159\u00edzen\u00ed Ivety Vrbov\u00e9 se n\u011bkte\u0159\u00ed rodi\u010de rozhodli charitn\u00ed stacion\u00e1\u0159 opustit, proto\u017ee nebyli spokojen\u00ed se zp\u016fsobem komunikace ze strany veden\u00ed, konkr\u00e9tn\u011b Oblastn\u00ed charity.<br \/>\nCentrum denn\u00edch slu\u017eeb Barborka bude zat\u00edm svoji \u010dinnost vykon\u00e1vat v p\u011btipokojov\u00e9m byt\u011b na s\u00eddli\u0161ti St\u00ednadla v Led\u010di nad S\u00e1zavou.<br \/>\nDo konce tohoto roku v\u0161ak hodl\u00e1 p\u0159es\u00eddlit do objektu Barborka 1191 (b\u00fdval\u00e1 L\u00e9\u010diva), kde na n\u011b \u010dek\u00e1 230 metr\u016f \u010dtvere\u010dn\u00edch nov\u011b upraven\u00fdch a vybaven\u00fdch prostor v prvn\u00edm pat\u0159e budovy, kterou nyn\u00ed vlastn\u00ed spole\u010dnost H\u00e1ta. Ta je tak\u00e9 z\u0159izovatelem CDS Barborka.<\/p>\n<p>&nbsp;<\/p>\n<table class=\"docHdrTable\">\n<tbody>\n<tr>\n<td class=\"docHdrNavesti\"><\/td>\n<td><a href=\"http:\/\/havlickobrodsky.denik.cz\/\" target=\"_blank\">http:\/\/havlickobrodsky.denik.cz<\/a><\/td>\n<\/tr>\n<\/tbody>\n<\/table>\n","protected":false},"excerpt":{"rendered":"<div class=\"mh-excerpt\"><p>V Led\u010di si budou moci posti\u017een\u00ed brzy vyb\u00edrat hned ze dvou pe\u010duj\u00edc\u00edch za\u0159\u00edzen\u00ed<\/p>\n<\/div>","protected":false},"author":1,"featured_media":0,"comment_status":"open","ping_status":"closed","sticky":false,"template":"","format":"standard","meta":{"footnotes":""},"categories":[9],"tags":[],"class_list":["post-18651","post","type-post","status-publish","format-standard","hentry","category-zpravy"],"_links":{"self":[{"href":"https:\/\/www.invarena.cz\/index.php?rest_route=\/wp\/v2\/posts\/18651","targetHints":{"allow":["GET"]}}],"collection":[{"href":"https:\/\/www.invarena.cz\/index.php?rest_route=\/wp\/v2\/posts"}],"about":[{"href":"https:\/\/www.invarena.cz\/index.php?rest_route=\/wp\/v2\/types\/post"}],"author":[{"embeddable":true,"href":"https:\/\/www.invarena.cz\/index.php?rest_route=\/wp\/v2\/users\/1"}],"replies":[{"embeddable":true,"href":"https:\/\/www.invarena.cz\/index.php?rest_route=%2Fwp%2Fv2%2Fcomments&post=18651"}],"version-history":[{"count":0,"href":"https:\/\/www.invarena.cz\/index.php?rest_route=\/wp\/v2\/posts\/18651\/revisions"}],"wp:attachment":[{"href":"https:\/\/www.invarena.cz\/index.php?rest_route=%2Fwp%2Fv2%2Fmedia&parent=18651"}],"wp:term":[{"taxonomy":"category","embeddable":true,"href":"https:\/\/www.invarena.cz\/index.php?rest_route=%2Fwp%2Fv2%2Fcategories&post=18651"},{"taxonomy":"post_tag","embeddable":true,"href":"https:\/\/www.invarena.cz\/index.php?rest_route=%2Fwp%2Fv2%2Ftags&post=18651"}],"curies":[{"name":"wp","href":"https:\/\/api.w.org\/{rel}","templated":true}]}}