{"id":18654,"date":"2014-12-01T12:52:08","date_gmt":"2014-12-01T11:52:08","guid":{"rendered":"http:\/\/www.invarena.cz\/?p=18654"},"modified":"2014-12-01T12:52:24","modified_gmt":"2014-12-01T11:52:24","slug":"kazdy-z-nas-ma-tu-moc","status":"publish","type":"post","link":"https:\/\/www.invarena.cz\/?p=18654","title":{"rendered":"Ka\u017ed\u00fd z n\u00e1s m\u00e1 tu moc&#8230;"},"content":{"rendered":"<p><strong>Nov\u00e9 CD Na k\u0159\u00eddlech v\u00e1no\u010dn\u00edch, nato\u010dila Magda Mal\u00e1 pro leto\u0161n\u00ed sv\u00e1tky. Bylo pok\u0159t\u011bno p\u0159ed t\u00fddnem v Betl\u00e9msk\u00e9 kapli b\u011bhem V\u00e1no\u010dn\u00edho koncertu Magdy Mal\u00e9, kde zaj\u00edmav\u00fdm hostem byl i <span class=\"highlight\">nevidom\u00fd<\/span> zp\u011bv\u00e1k Radek \u017dalud.<\/strong><!--more--><\/p>\n<p>\u00bbMoc jsem si p\u0159\u00e1la nato\u010dit v\u00e1no\u010dn\u00ed album, kter\u00e9 by vneslo do na\u0161ich \u017eivot\u016f n\u011bco mimo\u0159\u00e1dn\u00e9ho, v\u00fdjime\u010dn\u00e9ho, a to nejen o V\u00e1noc\u00edch. Proto je na titulu b\u00edl\u00e1 holubice, kter\u00e1 je symbolem m\u00edru, svobody, l\u00e1sky, pokory, nad\u011bje, harmonie a dobr\u00fdch zpr\u00e1v. P\u0159\u00e1la bych si, aby se pr\u00e1v\u011b toto poselstv\u00ed vneslo mezi n\u00e1s &#8211; aby se n\u00e1m v\u0161em l\u00e9pe \u017eilo, abychom si jeden druh\u00e9ho v\u00e1\u017eili, pom\u00e1hali si a chovali se k sob\u011b jako na n\u00e1v\u0161t\u011bv\u011b. Proto\u017ee na n\u00e1v\u0161t\u011bv\u011b se lid\u00e9 k sob\u011b chovaj\u00ed slu\u0161n\u011b&#8230;\u00ab<\/p>\n<p>To jsou \u00favodn\u00ed slova k nov\u00e9mu CD Magdy Mal\u00e9 Na k\u0159\u00eddlech v\u00e1no\u010dn\u00edch, kter\u00e9 nato\u010dila pro leto\u0161n\u00ed sv\u00e1tky spolu s Michalem Davidem a sbory Pr\u00e1\u017eata, Resonance a Rozmar z Mostu. A kter\u00e9 bylo pok\u0159t\u011bno p\u0159ed t\u00fddnem v Betl\u00e9msk\u00e9 kapli b\u011bhem V\u00e1no\u010dn\u00edho koncertu Magdy Mal\u00e9.<\/p>\n<p>Koncert v\u016fbec byl jak\u00fdmsi promem v\u00fdlisu, zazn\u011bly na n\u011bm nejen zn\u00e1m\u00e9 koledy, kter\u00e9 najdete i na CD, ale i dal\u0161\u00ed v\u00e1no\u010dn\u011b lad\u011bn\u00e9 p\u00edsn\u011b a zn\u00e1m\u00e9 duety s Magdin\u00fdmi nejv\u011bt\u0161\u00edmi p\u011bveck\u00fdmi p\u0159\u00e1teli &#8211; Petrem Dopitou a Vlastimilem Harapesem. Dal\u0161\u00edmi zaj\u00edmav\u00fdmi hosty byli <span class=\"highlight\">nevidom\u00fd<\/span> zp\u011bv\u00e1k Radek \u017dalud (zn\u00e1m\u00fd t\u00edm, \u017ee jeho mluven\u00fd projev je naprosto nerozeznateln\u00fd od Daniela H\u016flky) a Marcela B\u0159ezinov\u00e1. Zejm\u00e9na duet Radka a Petra, p\u0159i n\u011bm\u017e vz\u00fdvali boha, aby n\u00e1m dal s\u00edlu k v\u00fdprav\u00e1m vzd\u00e1len\u00fdm, byl neskute\u010dn\u011b emotivn\u00ed a dojemn\u00fd. Oba zp\u011bv\u00e1ky ostatn\u011b mo\u017en\u00e1 zn\u00e1te ze st\u00e1le popul\u00e1rn\u011bj\u0161\u00ed TV \u0160l\u00e1gr&#8230;<\/p>\n<p>Cel\u00fd koncert nav\u00edc moderoval sv\u00fdm nezam\u011bniteln\u00fdm zp\u016fsobem bavi\u010d Vladim\u00edr Hron, jen\u017e si i p\u00e1rkr\u00e1t zazp\u00edval v\u00e1no\u010dn\u00ed klasiku (Let It Snow, Last Christmas), tak\u017ee ve fin\u00e1le Magda byla sly\u0161et jen o m\u00e1lo v\u00edc ne\u017e jej\u00ed host\u00e9 dohromady, pokud v\u016fbec. To ale nikomu rozhodn\u011b nevadilo a v\u0161ichni byli pr\u016fb\u011bhem sobotn\u00edho odpoledne nad\u0161eni.<\/p>\n<p>Zapln\u011bn\u00e1 Betl\u00e9msk\u00e1 kaple, do toho \u00fa\u017easn\u00e9 sbory a v\u00e1no\u010dn\u00ed melodie, zkr\u00e1tka ide\u00e1ln\u00ed kombinace. A kdo si chce Magdu naposlouchat v\u00edc, m\u00e1 \u0161anci u\u017e\u00edt si ji a\u017e do omrzen\u00ed pr\u00e1v\u011b na v\u00e1no\u010dn\u00edm CD. Je na n\u011bm 17 p\u00edsn\u00ed a t\u0159i muzik\u00e1lov\u00e9 bonusy zp\u011bva\u010dky, kter\u00e1 pr\u00e1v\u011b muzik\u00e1l\u016fm zasv\u011btila sv\u016fj \u017eivot. A bude v tom pokra\u010dovat i p\u0159\u00ed\u0161t\u00ed rok, kdy se vrac\u00ed do v\u00fdro\u010dn\u00edho Draculy (na CD najdete jej\u00ed \u00fachvatn\u00e9 pod\u00e1n\u00ed megahitu Karla Svobody Jsi m\u016fj p\u00e1n) a mo\u017en\u00e1 nejen tam&#8230;<br \/>\nMagda n\u00e1m mj. zazp\u00edvala i Bachovu a Gounodovu Ave Maria a pak do\u0161lo na hlavn\u00ed moment &#8211; k\u0159est K\u0159\u00eddel v\u00e1no\u010dn\u00edch. U toho byli prakticky v\u0161ichni, kte\u0159\u00ed se na vzniku CD pod\u00edleli. Sbory, mosteck\u00fd hudebn\u00ed pedagog Richard \u0158e\u0159icha, texta\u0159 M\u00edra Ku\u017eelka i nejzn\u00e1m\u011bj\u0161\u00ed \u010desk\u00e1 hudebn\u00ed profesorka L\u00edda Nopov\u00e1. V\u016fbec nejkr\u00e1sn\u011bj\u0161\u00ed pak byl Magdin p\u0159ednes fin\u00e1lov\u00fdch koncertn\u00edch bonus\u016f Hallelujah, \u010cas V\u00e1noc p\u0159ich\u00e1z\u00ed k n\u00e1m a zn\u00e1m\u00e1 Magdina (\u010di sp\u00ed\u0161 ABBA pecka) Happy New Year pr\u00e1v\u011b s Ku\u017eelkov\u00fdm textem v\u010detn\u011b revolu\u010dn\u00edch slov \u00bbka\u017ed\u00fd z n\u00e1s m\u00e1 tu moc p\u0159ij\u00edt slab\u0161\u00edm na pomoc&#8230;\u00ab<\/p>\n<p>Na albu v\u0161echny t\u0159i songy graduj\u00ed pr\u00e1v\u011b s Ave Maria a duetem Magdy a Michala Davida, kter\u00fd dal n\u00e1zev i cel\u00e9 \u00bbplacce\u00ab. Tak\u017ee shrnuto podtr\u017eeno &#8211; ide\u00e1ln\u00ed v\u00e1no\u010dn\u00ed d\u00e1rek je na sv\u011bt\u011b!<\/p>\n<p>Roman JANOUCH<\/p>\n<p>Hal\u00f3 noviny<\/p>\n","protected":false},"excerpt":{"rendered":"<div class=\"mh-excerpt\"><p>Nov\u00e9 CD Na k\u0159\u00eddlech v\u00e1no\u010dn\u00edch, nato\u010dila Magda Mal\u00e1 pro leto\u0161n\u00ed sv\u00e1tky. Bylo pok\u0159t\u011bno p\u0159ed t\u00fddnem v Betl\u00e9msk\u00e9 kapli b\u011bhem V\u00e1no\u010dn\u00edho koncertu Magdy Mal\u00e9, kde zaj\u00edmav\u00fdm <a class=\"mh-excerpt-more\" href=\"https:\/\/www.invarena.cz\/?p=18654\" title=\"Ka\u017ed\u00fd z n\u00e1s m\u00e1 tu moc&#8230;\">[&#8230;]<\/a><\/p>\n<\/div>","protected":false},"author":1,"featured_media":0,"comment_status":"open","ping_status":"closed","sticky":false,"template":"","format":"standard","meta":{"footnotes":""},"categories":[9],"tags":[],"class_list":["post-18654","post","type-post","status-publish","format-standard","hentry","category-zpravy"],"_links":{"self":[{"href":"https:\/\/www.invarena.cz\/index.php?rest_route=\/wp\/v2\/posts\/18654","targetHints":{"allow":["GET"]}}],"collection":[{"href":"https:\/\/www.invarena.cz\/index.php?rest_route=\/wp\/v2\/posts"}],"about":[{"href":"https:\/\/www.invarena.cz\/index.php?rest_route=\/wp\/v2\/types\/post"}],"author":[{"embeddable":true,"href":"https:\/\/www.invarena.cz\/index.php?rest_route=\/wp\/v2\/users\/1"}],"replies":[{"embeddable":true,"href":"https:\/\/www.invarena.cz\/index.php?rest_route=%2Fwp%2Fv2%2Fcomments&post=18654"}],"version-history":[{"count":0,"href":"https:\/\/www.invarena.cz\/index.php?rest_route=\/wp\/v2\/posts\/18654\/revisions"}],"wp:attachment":[{"href":"https:\/\/www.invarena.cz\/index.php?rest_route=%2Fwp%2Fv2%2Fmedia&parent=18654"}],"wp:term":[{"taxonomy":"category","embeddable":true,"href":"https:\/\/www.invarena.cz\/index.php?rest_route=%2Fwp%2Fv2%2Fcategories&post=18654"},{"taxonomy":"post_tag","embeddable":true,"href":"https:\/\/www.invarena.cz\/index.php?rest_route=%2Fwp%2Fv2%2Ftags&post=18654"}],"curies":[{"name":"wp","href":"https:\/\/api.w.org\/{rel}","templated":true}]}}