{"id":18655,"date":"2014-12-01T08:57:38","date_gmt":"2014-12-01T07:57:38","guid":{"rendered":"http:\/\/www.invarena.cz\/?p=18655"},"modified":"2014-12-01T13:52:22","modified_gmt":"2014-12-01T12:52:22","slug":"dostane-stanislav-nove-bydleni","status":"publish","type":"post","link":"https:\/\/www.invarena.cz\/?p=18655","title":{"rendered":"Dostane nov\u00e9 bydlen\u00ed?"},"content":{"rendered":"<p><strong>Stanislav Dost\u00e1l, invalida upoutan\u00fd na voz\u00edk, kter\u00fd p\u0159e\u017e\u00edv\u00e1 na autobusov\u00e9 zast\u00e1vce v Kol\u00edn\u011b, m\u00e1 \u0161anci na bydlen\u00ed v ubytovn\u011b a to d\u00edky div\u00e1k\u016fm Televize Barrandov. Report\u00e1\u017e\u00a0 toti\u017e vyvolala vlnu solidarity.<\/strong><!--more--><\/p>\n<p><em>ilustra\u010dn\u00ed foto: USFWS Pacific \/ Flickr.com<\/em><br \/>\nPanu Stanislavovi lid\u00e9 za\u010dali nosit j\u00eddlo, pit\u00ed i oble\u010den\u00ed. Na autobusovou zast\u00e1vku za n\u00edm dokonce p\u0159ijel i mlad\u00fd p\u00e1r, kter\u00fd p\u0159isl\u00edbil pomoc za desetitis\u00edce. Pan Dost\u00e1l se dostal do \u00fazk\u00fdch kv\u016fli rodinn\u00fdm neshod\u00e1m. Nav\u00edc mu chyb\u00ed odpracovan\u00fd necel\u00fd rok, aby m\u011bl n\u00e1rok na <span class=\"highlight\">invalidn\u00ed<\/span> d\u016fchod.<\/p>\n<p>Stanislav DOST\u00c1L, <span class=\"highlight\">voz\u00ed\u010dk\u00e1\u0159<\/span> bez domova:\u00a0 Takov\u00fd mlad\u00fd lidi cht\u011bj pomoct,\u00a0 a \u00fapln\u011b bez &#8230;, no j\u00e1 jsem \u010dum\u011bl no, nem\u00e1m slov, to prost\u011b nejde okomentovat a k\u00f3r, kdy\u017e je mi do breku.<\/p>\n<p>Adam NOVOTN\u00dd, redaktor \/T\u00fdden\/:\u00a0 Takhle reagoval osmapades\u00e1tilet\u00fd invalida Stanislav na velkorysou pomoc od mlad\u00e9ho p\u00e1ru z Prahy.<\/p>\n<p>d\u00e1rce:\u00a0 Vid\u011bli jsme s p\u0159\u00edtelkyn\u00ed va\u0161i report\u00e1\u017e na va\u0161\u00ed televizi a rozhodli jsme se, \u017ee p\u00e1novi vyrovn\u00e1me soci\u00e1ln\u00ed dluh, aby m\u011bl n\u00e1rok na <span class=\"highlight\">invalidn\u00ed<\/span> d\u016fchod a po dobu \u0161esti, sedmi m\u011bs\u00edc\u016f jsme mu ochotni zaplatit n\u011bjak\u00fd ubytov\u00e1n\u00ed &#8211; patn\u00e1ct tis\u00edc m\u011bs\u00ed\u010dn\u011b, aby nezmrz.<\/p>\n<p>Adam NOVOTN\u00dd, \/T\u00fdden\/:\u00a0 Na autobusov\u00e9 zast\u00e1vce Bene\u0161ova v Kol\u00edn\u011b \u017eije osmapades\u00e1tilet\u00fd Stanislav Dost\u00e1l u\u017e p\u0159es m\u011bs\u00edc. Na voz\u00edku p\u0159ed \u010dasem skon\u010dil kv\u016fli omrzlin\u00e1m.<\/p>\n<p>Stanislav DOST\u00c1L,\u00a0\u00a0 P\u0159i\u0161el jsem o prsty, pak druh\u00e1 noha n\u00e1rt a asi po dvou letech, rok a p\u016fl, nebo dva roky &#8211; tak, p\u0159ibli\u017en\u011b jsem p\u0159i\u0161el pod kolenem o nohu.<\/p>\n<p>Adam NOVOTN\u00dd, \/T\u00fdden\/:\u00a0 D\u00edky t\u00e9m\u011b\u0159 stotis\u00edcov\u00e9 pomoci od \u0161t\u011bdr\u00e9ho p\u00e1ru by u\u017e brzy mohl m\u00edt st\u0159echu nad hlavou. Sehnat v Kol\u00edn\u011b a okol\u00ed bezbari\u00e9rov\u00e9 ubytov\u00e1n\u00ed ale nen\u00ed jen tak. A pomoc nab\u00eddl panu Dost\u00e1lovi i M\u011bstsk\u00fd \u00fa\u0159ad v Kol\u00edn\u011b. Jen b\u011bhem jedn\u00e9 n\u00e1v\u0161t\u011bvy obvolali v\u00edce ne\u017e dvacet ubytoven a to zdaleka nen\u00ed v\u0161e.<\/p>\n<p>Ivan \u010cERNOVSK\u00dd, vedouc\u00ed odboru soci\u00e1ln\u00edch v\u011bc\u00ed a zdravotnictv\u00ed, MEU Kol\u00edn:\u00a0 Sna\u017e\u00edme se jim zprost\u0159edkovat kontakt se v\u0161emi \u00fa\u0159ady, kter\u00e9 vypl\u00e1c\u00ed nepojistn\u00e9 soci\u00e1ln\u00ed d\u00e1vky, sna\u017e\u00edme se s nimi vy\u0159e\u0161it jejich situaci v oblasti bydlen\u00ed, sna\u017e\u00edme se jim i d\u00e1le zprost\u0159edkovat p\u0159\u00edpadn\u011b n\u011bjakou pr\u00e1ci.<\/p>\n<p>Adam NOVOTN\u00dd, \/T\u00fdden\/: P\u0159esto\u017ee je pan Stanislav invalida, d\u016fchod nedost\u00e1v\u00e1. Vy\u017e\u00edt tak mus\u00ed asi z t\u0159\u00edtis\u00edcov\u00e9ho p\u0159\u00edsp\u011bvku na hmotnou nouzi a z \u017eebr\u00e1n\u00ed. Abychom zjistili, co v\u0161echno pan Dost\u00e1l pro v\u00fdplatu <span class=\"highlight\">invalidn\u00edho<\/span> d\u016fchodu mus\u00ed ud\u011blat, vyrazili jsme sem do Kol\u00edna na Okresn\u00ed spr\u00e1vu soci\u00e1ln\u00edho zabezpe\u010den\u00ed.<\/p>\n<p>Ren\u00e1ta PROVAZN\u00cdKOV\u00c1, z\u00e1stupkyn\u011b mluv\u010d\u00ed, \u010cSSZ:\u00a0\u00a0 K \u017e\u00e1dosti o d\u016fchod by m\u011bl p\u0159edlo\u017eit potvrzen\u00ed o dob\u011b evidence u \u00fa\u0159adu pr\u00e1ce, bude tak\u00e9 provedeno posouzen\u00ed invalidity a to na z\u00e1klad\u011b zdravotn\u00ed dokumentace a l\u00e9ka\u0159sk\u00fdch zpr\u00e1v.<\/p>\n<p>Adam NOVOTN\u00dd, \/T\u00fdden\/:\u00a0 I p\u0159es dal\u0161\u00ed vy\u0159izov\u00e1n\u00ed m\u00e1 pan Dost\u00e1l v tom co chce jasno.<\/p>\n<p>Stanislav DOST\u00c1L, <span class=\"highlight\">voz\u00ed\u010dk\u00e1\u0159<\/span> bez domova:\u00a0 P\u0159\u00e1n\u00ed je abych m\u011bl co j\u00edst, to je hlavn\u00ed, abych bral pen\u00edze n\u011bjak\u00fd a abych bydlel v teple.<\/p>\n<p>Adam NOVOTN\u00dd, \/T\u00fdden\/:\u00a0 A to v\u0161echno se mu pravd\u011bpodobn\u011b d\u00edky d\u00e1rc\u016fm u\u017e brzo spln\u00ed. Pan Dost\u00e1l te\u010f douf\u00e1, \u017ee se mu poda\u0159\u00ed naj\u00edt vhodn\u00e9 ubytov\u00e1n\u00ed a \u00fa\u0159ady mu p\u0159iznaj\u00ed <span class=\"highlight\">invalidn\u00ed<\/span> d\u016fchod.<\/p>\n<p><em><strong>TV Barrandov<\/strong> <\/em><\/p>\n","protected":false},"excerpt":{"rendered":"<div class=\"mh-excerpt\"><p>Stanislav Dost\u00e1l, invalida upoutan\u00fd na voz\u00edk, kter\u00fd p\u0159e\u017e\u00edv\u00e1 na autobusov\u00e9 zast\u00e1vce v Kol\u00edn\u011b, m\u00e1 \u0161anci na bydlen\u00ed v ubytovn\u011b a to d\u00edky div\u00e1k\u016fm Televize Barrandov. <a class=\"mh-excerpt-more\" href=\"https:\/\/www.invarena.cz\/?p=18655\" title=\"Dostane nov\u00e9 bydlen\u00ed?\">[&#8230;]<\/a><\/p>\n<\/div>","protected":false},"author":1,"featured_media":17225,"comment_status":"open","ping_status":"closed","sticky":false,"template":"","format":"standard","meta":{"footnotes":""},"categories":[7],"tags":[],"class_list":["post-18655","post","type-post","status-publish","format-standard","has-post-thumbnail","hentry","category-spolecnost"],"_links":{"self":[{"href":"https:\/\/www.invarena.cz\/index.php?rest_route=\/wp\/v2\/posts\/18655","targetHints":{"allow":["GET"]}}],"collection":[{"href":"https:\/\/www.invarena.cz\/index.php?rest_route=\/wp\/v2\/posts"}],"about":[{"href":"https:\/\/www.invarena.cz\/index.php?rest_route=\/wp\/v2\/types\/post"}],"author":[{"embeddable":true,"href":"https:\/\/www.invarena.cz\/index.php?rest_route=\/wp\/v2\/users\/1"}],"replies":[{"embeddable":true,"href":"https:\/\/www.invarena.cz\/index.php?rest_route=%2Fwp%2Fv2%2Fcomments&post=18655"}],"version-history":[{"count":0,"href":"https:\/\/www.invarena.cz\/index.php?rest_route=\/wp\/v2\/posts\/18655\/revisions"}],"wp:featuredmedia":[{"embeddable":true,"href":"https:\/\/www.invarena.cz\/index.php?rest_route=\/wp\/v2\/media\/17225"}],"wp:attachment":[{"href":"https:\/\/www.invarena.cz\/index.php?rest_route=%2Fwp%2Fv2%2Fmedia&parent=18655"}],"wp:term":[{"taxonomy":"category","embeddable":true,"href":"https:\/\/www.invarena.cz\/index.php?rest_route=%2Fwp%2Fv2%2Fcategories&post=18655"},{"taxonomy":"post_tag","embeddable":true,"href":"https:\/\/www.invarena.cz\/index.php?rest_route=%2Fwp%2Fv2%2Ftags&post=18655"}],"curies":[{"name":"wp","href":"https:\/\/api.w.org\/{rel}","templated":true}]}}