{"id":18658,"date":"2014-12-01T08:15:15","date_gmt":"2014-12-01T07:15:15","guid":{"rendered":"http:\/\/www.invarena.cz\/?p=18658"},"modified":"2014-12-01T08:15:26","modified_gmt":"2014-12-01T07:15:26","slug":"muz-nezustal-na-svobode-dele-nez-pul-roku","status":"publish","type":"post","link":"https:\/\/www.invarena.cz\/?p=18658","title":{"rendered":"Nez\u016fstal na svobod\u011b d\u00e9le ne\u017e p\u016fl roku"},"content":{"rendered":"<p><strong>P\u0159\u00edpad recidivisty, kter\u00fd pob\u00edr\u00e1 <span class=\"highlight\">invalidn\u00ed<\/span> d\u016fchod akter\u00fd na svobod\u011b nevydr\u017eel d\u00e9le ne\u017e p\u016fl roku. Podle brn\u011bnsk\u00e9 policie m\u00e1 nyn\u00ed na sv\u011bdom\u00ed zhruba dvac\u00edtku kr\u00e1de\u017e\u00ed v obchodech. P\u0159i nich se poka\u017ed\u00e9 zam\u011b\u0159il na nakupuj\u00edc\u00ed \u017eeny, respektive na jejich kabelky a pen\u011b\u017eenky.<\/strong><!--more--><\/p>\n<p><em><strong>\u00a0TV Nova:<\/strong><\/em><br \/>\nZlod\u011bj, kter\u00fd pob\u00edr\u00e1 <span class=\"highlight\">invalidn\u00ed<\/span> d\u016fchod, je z\u0159ejm\u011b nepou\u010diteln\u00fd. Sotva p\u0159ed 6 m\u011bs\u00edci vy\u0161el z v\u011bzen\u00ed, za\u010dal znovu kr\u00e1st. Na z\u00e1b\u011brech bezpe\u010dnostn\u00ed kamery je vid\u011bt, jak si v hypermarketu vytipoval jednu z ob\u011bt\u00ed. Vyu\u017eil chvilkov\u00e9 nepozornosti \u017eeny a vzal j\u00ed z kabelky ve voz\u00edku pen\u011b\u017eenku, schoval ji pod bundu a ode\u0161el. Podle policie podobn\u00fdm zp\u016fsobem okradl 20 lid\u00ed. Kriminalist\u00e9 si mozaiku o jeho \u010dinnosti ud\u011blali z trestn\u00edch ozn\u00e1men\u00ed a hlavn\u011b z anal\u00fdzy kamerov\u00fdch z\u00e1znam\u016f. Notorick\u00fd zlod\u011bj se proto z\u00e1hy ocitl v datab\u00e1zi hledan\u00fdch. Policist\u00e9 ho zatkli pot\u00e9, co ve Znojm\u011b zastavili rychle jedouc\u00ed auto a v n\u011bm sed\u011bl pr\u00e1v\u011b hledan\u00fd recidivista. Ten skon\u010dil v cele a p\u0159i v\u00fdslechu odm\u00edtl vypov\u00eddat. Soud ho u\u017e poslal do vazby. Za kr\u00e1de\u017ee mu\u017ei hroz\u00ed a\u017e 5 let v\u011bzen\u00ed.<\/p>\n","protected":false},"excerpt":{"rendered":"<div class=\"mh-excerpt\"><p>P\u0159\u00edpad recidivisty, kter\u00fd pob\u00edr\u00e1 invalidn\u00ed d\u016fchod akter\u00fd na svobod\u011b nevydr\u017eel d\u00e9le ne\u017e p\u016fl roku. Podle brn\u011bnsk\u00e9 policie m\u00e1 nyn\u00ed na sv\u011bdom\u00ed zhruba dvac\u00edtku kr\u00e1de\u017e\u00ed v <a class=\"mh-excerpt-more\" href=\"https:\/\/www.invarena.cz\/?p=18658\" title=\"Nez\u016fstal na svobod\u011b d\u00e9le ne\u017e p\u016fl roku\">[&#8230;]<\/a><\/p>\n<\/div>","protected":false},"author":1,"featured_media":0,"comment_status":"open","ping_status":"closed","sticky":false,"template":"","format":"standard","meta":{"footnotes":""},"categories":[9],"tags":[],"class_list":["post-18658","post","type-post","status-publish","format-standard","hentry","category-zpravy"],"_links":{"self":[{"href":"https:\/\/www.invarena.cz\/index.php?rest_route=\/wp\/v2\/posts\/18658","targetHints":{"allow":["GET"]}}],"collection":[{"href":"https:\/\/www.invarena.cz\/index.php?rest_route=\/wp\/v2\/posts"}],"about":[{"href":"https:\/\/www.invarena.cz\/index.php?rest_route=\/wp\/v2\/types\/post"}],"author":[{"embeddable":true,"href":"https:\/\/www.invarena.cz\/index.php?rest_route=\/wp\/v2\/users\/1"}],"replies":[{"embeddable":true,"href":"https:\/\/www.invarena.cz\/index.php?rest_route=%2Fwp%2Fv2%2Fcomments&post=18658"}],"version-history":[{"count":0,"href":"https:\/\/www.invarena.cz\/index.php?rest_route=\/wp\/v2\/posts\/18658\/revisions"}],"wp:attachment":[{"href":"https:\/\/www.invarena.cz\/index.php?rest_route=%2Fwp%2Fv2%2Fmedia&parent=18658"}],"wp:term":[{"taxonomy":"category","embeddable":true,"href":"https:\/\/www.invarena.cz\/index.php?rest_route=%2Fwp%2Fv2%2Fcategories&post=18658"},{"taxonomy":"post_tag","embeddable":true,"href":"https:\/\/www.invarena.cz\/index.php?rest_route=%2Fwp%2Fv2%2Ftags&post=18658"}],"curies":[{"name":"wp","href":"https:\/\/api.w.org\/{rel}","templated":true}]}}