{"id":18659,"date":"2014-12-01T12:57:49","date_gmt":"2014-12-01T11:57:49","guid":{"rendered":"http:\/\/www.invarena.cz\/?p=18659"},"modified":"2014-12-01T12:57:35","modified_gmt":"2014-12-01T11:57:35","slug":"socialne-slabi-mohou-dostavat-priplatky-na-bydleni-v-rekeacnich-objektech","status":"publish","type":"post","link":"https:\/\/www.invarena.cz\/?p=18659","title":{"rendered":"Soci\u00e1ln\u011b slab\u00ed dostanou p\u0159\u00edplatky na bydlen\u00ed v rekrea\u010dn\u00edch objektech"},"content":{"rendered":"<p><strong>Mnoz\u00ed soci\u00e1ln\u011b slab\u00ed lid\u00e9, mezi nimi\u017e je i \u0159ada t\u011blesn\u011b <span class=\"highlight\">posti\u017een\u00fdch<\/span>, se ji\u017e t\u011b\u0161\u00ed na to, a\u017e podle nov\u00e9ho z\u00e1kona o hmotn\u00e9 nouzi bude st\u00e1t p\u0159isp\u00edvat na bydlen\u00ed i do rekrea\u010dn\u00edch objekt\u016f. To m\u00e1 nastat od Nov\u00e9ho roku.\u00a0<\/strong> <!--more--><\/p>\n<p><em><strong>Prima FTV<\/strong><\/em><\/p>\n<p><em>ilustra\u010dn\u00ed foto: Flickr.com<\/em><\/p>\n<p><strong>Soci\u00e1ln\u011b slab\u00ed lid\u00e9, kte\u0159\u00ed bydl\u00ed na ubytovn\u00e1ch, se jen z\u0159\u00eddkakdy osm\u011bl\u00ed k otev\u0159en\u00fdm v\u00fdpov\u011bd\u00edm. Boj\u00ed se, \u017ee p\u0159ijdou i o posledn\u00ed st\u0159echu nad hlavou.<\/strong><\/p>\n<p>Ti, kte\u0159\u00ed te\u010f bez n\u00e1roku na doplatek na bydlen\u00ed, bydl\u00ed v kempu Stromovka u \u010cesk\u00fdch Bud\u011bjovic .<\/p>\n<p>ubytovan\u00fd v kempu: Nem\u00e1me na vybranou, proto jsme r\u00e1di, \u017ee si tady m\u016f\u017eeme v teple p\u0159e\u010dkat noc, abysme druhej den mohli zase bojovat o to p\u0159e\u017eit\u00ed.<\/p>\n<p>Tohle \u0159\u00edk\u00e1 hned prvn\u00ed n\u00e1jemce kempov\u00e9 bu\u0148ky, kter\u00e9ho report\u00e9r zastihl p\u0159i cest\u011b do pr\u00e1ce.<\/p>\n<p>ubytovan\u00fd v kempu:\u00a0 Na ubytovn\u011b, kam by m\u011b poslal prac\u00e1k, je jedna m\u00edstnost, kde se o ten prostor d\u011bl\u00edm s dal\u0161\u00edma dv\u011bma nebo t\u0159ema lidma, kter\u00fd v\u016fbec nezn\u00e1m.<\/p>\n<p>Bez doplatku na bydlen\u00ed, kter\u00fd nap\u0159\u00edklad v Ostrav\u011b podle smluv, kter\u00e9 jsme vid\u011bli, \u010din\u00ed a\u017e 5 tis\u00edc korun na dosp\u011bl\u00e9ho, by nav\u00edc na ubytovn\u011b dal\u0161\u00ed m\u00edstn\u00ed ubytovan\u00ed pr\u00fd nem\u011bli \u0161anci.<\/p>\n<p>Dagmar HANU\u0160OV\u00c1, ubytovan\u00e1 v kempu Stromovka:\u00a0 J\u00e1 jsem dokonce byla na &#8222;\u010d\u00edn\u011b&#8220; a tam mi \u0159ekli po m\u011bs\u00edci,\u00a0 \u017ee mi to soci\u00e1lka neplat\u00ed, \u017ee se mus\u00edm odtud odst\u011bhovat. Oni v\u00e1s vyhod\u00ed na ulici.<\/p>\n<p>Eva MEZN\u00cdKOV\u00c1, ubytovan\u00e1 v kempu Stromovka:\u00a0 Ubytovny to je v\u0161ecko drah\u00fd hrozn\u011b. J\u00e1 fakt nem\u00e1m kam j\u00edt. Pod most jedin\u011b.<\/p>\n<p>ubytovan\u00fd v kempu:\u00a0 Jinde to funguje tak, \u017ee prost\u011b p\u0159ijdou dv\u011b gorily a let\u00edte vy a va\u0161e v\u011bci, anebo v opa\u010dn\u00fdm po\u0159ad\u00ed.<\/p>\n<p>Ferdinand TOMASCHKO, spr\u00e1vce kempu Stromovka, \u010cesk\u00e9 Bud\u011bjovice:\u00a0 To jsou lidsk\u00fd osudy, co tady \u010dlov\u011bk vyslechne, to jsou chud\u00e1ci.<\/p>\n<p>Lid\u00e9 tady v kempu d\u00e1vaj\u00ed v\u011bt\u0161inu sv\u00fdch financ\u00ed rad\u011bji za p\u0159ijateln\u011bj\u0161\u00ed bydlen\u00ed a hlavn\u011b soukrom\u00ed v kempu, ne\u017e aby \u017eili na ubytovn\u011b.<\/p>\n<p>ubytovan\u00e1 v kempu:\u00a0 Mus\u00ed bejt \u010dlov\u011bk asi zvyklej na ty lidi z toho krimin\u00e1lu nebo takhle, proto\u017ee jinak moc norm\u00e1ln\u00edch lid\u00ed tady nenajdete.<\/p>\n<p>Te\u010f u\u017e si lid\u00e9 z \u010deskobud\u011bjovick\u00e9 Stromovky, mezi nimi\u017e je i \u0159ada t\u011blesn\u011b <span class=\"highlight\">posti\u017een\u00fdch<\/span>, t\u011b\u0161\u00ed jen na jedno. A\u017e podle nov\u00e9ho z\u00e1kona o hmotn\u00e9 nouzi bude st\u00e1t p\u0159isp\u00edvat na bydlen\u00ed i do rekrea\u010dn\u00edch objekt\u016f. To m\u00e1 nastat od Nov\u00e9ho roku.<\/p>\n","protected":false},"excerpt":{"rendered":"<div class=\"mh-excerpt\"><p>Mnoz\u00ed soci\u00e1ln\u011b slab\u00ed lid\u00e9, mezi nimi\u017e je i \u0159ada t\u011blesn\u011b posti\u017een\u00fdch, se ji\u017e t\u011b\u0161\u00ed na to, a\u017e podle nov\u00e9ho z\u00e1kona o hmotn\u00e9 nouzi bude st\u00e1t <a class=\"mh-excerpt-more\" href=\"https:\/\/www.invarena.cz\/?p=18659\" title=\"Soci\u00e1ln\u011b slab\u00ed dostanou p\u0159\u00edplatky na bydlen\u00ed v rekrea\u010dn\u00edch objektech\">[&#8230;]<\/a><\/p>\n<\/div>","protected":false},"author":1,"featured_media":18661,"comment_status":"open","ping_status":"closed","sticky":false,"template":"","format":"standard","meta":{"footnotes":""},"categories":[7],"tags":[],"class_list":["post-18659","post","type-post","status-publish","format-standard","has-post-thumbnail","hentry","category-spolecnost"],"_links":{"self":[{"href":"https:\/\/www.invarena.cz\/index.php?rest_route=\/wp\/v2\/posts\/18659","targetHints":{"allow":["GET"]}}],"collection":[{"href":"https:\/\/www.invarena.cz\/index.php?rest_route=\/wp\/v2\/posts"}],"about":[{"href":"https:\/\/www.invarena.cz\/index.php?rest_route=\/wp\/v2\/types\/post"}],"author":[{"embeddable":true,"href":"https:\/\/www.invarena.cz\/index.php?rest_route=\/wp\/v2\/users\/1"}],"replies":[{"embeddable":true,"href":"https:\/\/www.invarena.cz\/index.php?rest_route=%2Fwp%2Fv2%2Fcomments&post=18659"}],"version-history":[{"count":0,"href":"https:\/\/www.invarena.cz\/index.php?rest_route=\/wp\/v2\/posts\/18659\/revisions"}],"wp:featuredmedia":[{"embeddable":true,"href":"https:\/\/www.invarena.cz\/index.php?rest_route=\/wp\/v2\/media\/18661"}],"wp:attachment":[{"href":"https:\/\/www.invarena.cz\/index.php?rest_route=%2Fwp%2Fv2%2Fmedia&parent=18659"}],"wp:term":[{"taxonomy":"category","embeddable":true,"href":"https:\/\/www.invarena.cz\/index.php?rest_route=%2Fwp%2Fv2%2Fcategories&post=18659"},{"taxonomy":"post_tag","embeddable":true,"href":"https:\/\/www.invarena.cz\/index.php?rest_route=%2Fwp%2Fv2%2Ftags&post=18659"}],"curies":[{"name":"wp","href":"https:\/\/api.w.org\/{rel}","templated":true}]}}