{"id":18665,"date":"2014-12-01T21:07:40","date_gmt":"2014-12-01T20:07:40","guid":{"rendered":"http:\/\/www.invarena.cz\/?p=18665"},"modified":"2014-12-01T21:07:40","modified_gmt":"2014-12-01T20:07:40","slug":"prodavali-punc-vytezek-bude-pomahat","status":"publish","type":"post","link":"https:\/\/www.invarena.cz\/?p=18665","title":{"rendered":"Prod\u00e1vali pun\u010d, v\u00fdt\u011b\u017eek bude pom\u00e1hat"},"content":{"rendered":"<p><strong>\u010cesk\u00fd rozhlas Olomouc se v leto\u0161n\u00edm roce poprv\u00e9 zapojil do dobro\u010dinn\u00e9 akce sdru\u017een\u00ed Dobr\u00e9 m\u00edsto pro \u017eivot. Spole\u010dn\u011b s vydavatelstv\u00edm Solen prod\u00e1vali &#8222;rozhlas\u00e1ci&#8220; na v\u00e1no\u010dn\u00edch trz\u00edch pun\u010d a cukrov\u00ed.<\/strong><!--more--><\/p>\n<p>Poda\u0159ilo se jim tak z\u00edskat v\u00edce ne\u017e 20 tis\u00edc korun pro organizaci DC 90 Topolany, kter\u00e1 se star\u00e1 o posti\u017een\u00e9. &#8222;Jsem r\u00e1d, \u017ee se kolegyn\u011b a kolegov\u00e9 z t\u00fdmu \u010cesk\u00e9ho rozhlasu Olomouc nesoust\u0159ed\u00ed \u201ajen\u2018 na pr\u00e1ci, to znamen\u00e1 vys\u00edl\u00e1n\u00ed, ale r\u00e1di p\u0159isp\u011bj\u00ed svou aktivitou k dobr\u00e9 v\u011bci, \u010d\u00edm\u017e ur\u010dit\u011b charitativn\u00ed st\u00e1nek na v\u00e1no\u010dn\u00edch trz\u00edch je. S nadac\u00ed Dobr\u00e9 m\u00edsto pro \u017eivot spolupracujeme u\u017e dlouho. M\u00e1me tak jistotu, \u017ee vybran\u00e9 pen\u00edze pomohou tam, kde jsou nejv\u00edce pot\u0159eba,&#8220; uvedl \u0159editel \u010cesk\u00e9ho rozhlasu Olomouc Josef Podstata.<br \/>\nVe \u010dtvrtek redakto\u0159i a moder\u00e1to\u0159i \u010cesk\u00e9ho rozhlasu Olomouc a z\u00e1stupci vydavatelstv\u00ed Solen prod\u00e1vali pun\u010d a cukrov\u00ed ve st\u00e1nku Dobr\u00e9 m\u00edsto pro \u017eivot na V\u00e1no\u010dn\u00edch trz\u00edch v Olomouci. Ve\u0161ker\u00fd v\u00fdt\u011b\u017eek z prodeje z\u00edsk\u00e1v\u00e1 D\u011btsk\u00e9 centrum 1990 Topolany, kam nakonec p\u016fjde \u010d\u00e1stka 20 805 korun. &#8222;\u010cesk\u00fd rozhlas Olomouc d\u011bkuje sv\u00fdm poslucha\u010d\u016fm, kte\u0159\u00ed p\u0159i\u0161li ve \u010dtvrtek charitativn\u00ed akci podpo\u0159it. R\u00e1di bychom v t\u00e9to aktivit\u011b pokra\u010dovali. T\u011b\u0161\u00edme se na setk\u00e1n\u00ed se v\u0161emi p\u0159\u00edznivci na dal\u0161\u00edch podobn\u00fdch akc\u00edch,&#8220; dodal Josef Podstata.<br \/>\nD\u011btsk\u00e9 centrum 1990 Topolany je nest\u00e1tn\u00ed neziskov\u00e1 organizace. Za\u0159\u00edzen\u00ed m\u00e1 nadregion\u00e1ln\u00ed p\u016fsobnost s kapacitou \u0161edse\u00e1t klient\u016f. Poskytuje komplexn\u00ed, tedy soci\u00e1ln\u00ed, zdravotn\u00ed a v\u00fdchovn\u00e9 slu\u017eby lidem se specifick\u00fdmi pot\u0159ebami, kte\u0159\u00ed jsou posti\u017eeni ment\u00e1ln\u00edm nebo kombinovan\u00fdm handicapem.<\/p>\n<p><a href=\"http:\/\/www.denik.cz\">http:\/\/www.denik.cz<\/a><\/p>\n","protected":false},"excerpt":{"rendered":"<div class=\"mh-excerpt\"><p>\u010cesk\u00fd rozhlas Olomouc se v leto\u0161n\u00edm roce poprv\u00e9 zapojil do dobro\u010dinn\u00e9 akce sdru\u017een\u00ed Dobr\u00e9 m\u00edsto pro \u017eivot. Spole\u010dn\u011b s vydavatelstv\u00edm Solen prod\u00e1vali &#8222;rozhlas\u00e1ci&#8220; na v\u00e1no\u010dn\u00edch <a class=\"mh-excerpt-more\" href=\"https:\/\/www.invarena.cz\/?p=18665\" title=\"Prod\u00e1vali pun\u010d, v\u00fdt\u011b\u017eek bude pom\u00e1hat\">[&#8230;]<\/a><\/p>\n<\/div>","protected":false},"author":1,"featured_media":0,"comment_status":"open","ping_status":"closed","sticky":false,"template":"","format":"standard","meta":{"footnotes":""},"categories":[9],"tags":[],"class_list":["post-18665","post","type-post","status-publish","format-standard","hentry","category-zpravy"],"_links":{"self":[{"href":"https:\/\/www.invarena.cz\/index.php?rest_route=\/wp\/v2\/posts\/18665","targetHints":{"allow":["GET"]}}],"collection":[{"href":"https:\/\/www.invarena.cz\/index.php?rest_route=\/wp\/v2\/posts"}],"about":[{"href":"https:\/\/www.invarena.cz\/index.php?rest_route=\/wp\/v2\/types\/post"}],"author":[{"embeddable":true,"href":"https:\/\/www.invarena.cz\/index.php?rest_route=\/wp\/v2\/users\/1"}],"replies":[{"embeddable":true,"href":"https:\/\/www.invarena.cz\/index.php?rest_route=%2Fwp%2Fv2%2Fcomments&post=18665"}],"version-history":[{"count":0,"href":"https:\/\/www.invarena.cz\/index.php?rest_route=\/wp\/v2\/posts\/18665\/revisions"}],"wp:attachment":[{"href":"https:\/\/www.invarena.cz\/index.php?rest_route=%2Fwp%2Fv2%2Fmedia&parent=18665"}],"wp:term":[{"taxonomy":"category","embeddable":true,"href":"https:\/\/www.invarena.cz\/index.php?rest_route=%2Fwp%2Fv2%2Fcategories&post=18665"},{"taxonomy":"post_tag","embeddable":true,"href":"https:\/\/www.invarena.cz\/index.php?rest_route=%2Fwp%2Fv2%2Ftags&post=18665"}],"curies":[{"name":"wp","href":"https:\/\/api.w.org\/{rel}","templated":true}]}}