{"id":18680,"date":"2014-12-01T20:33:31","date_gmt":"2014-12-01T19:33:31","guid":{"rendered":"http:\/\/www.invarena.cz\/?p=18680"},"modified":"2014-12-01T20:33:31","modified_gmt":"2014-12-01T19:33:31","slug":"socialni-politika-radu-postizenych-ani-nenuti-si-praci-hledat","status":"publish","type":"post","link":"https:\/\/www.invarena.cz\/?p=18680","title":{"rendered":"Soci\u00e1ln\u00ed politika \u0159adu posti\u017een\u00fdch ani nenut\u00ed si pr\u00e1ci hledat"},"content":{"rendered":"<p><strong> Plze\u0148sk\u00fd kraj po t\u0159ech letech op\u011bt zv\u00edt\u011bzil v celorepublikov\u00e9m pr\u016fzkumu M\u00edsto pro \u017eivot. Jeho slab\u00fdm m\u00edste je v\u0161ak zam\u011bstnanost \u2013 po\u010det <span class=\"highlight\">zdravotn\u011b<\/span> <span class=\"highlight\">posti\u017een\u00fdch<\/span> mezi zam\u011bstnan\u00fdmi obyvateli je druh\u00fd nejni\u017e\u0161\u00ed v \u010cR.<\/strong> <!--more--><br \/>\n\u010c\u00edm to m\u016f\u017ee b\u00fdt, na to odpov\u011bd\u011bl p\u0159edseda plze\u0148sk\u00e9 pobo\u010dky N\u00e1rodn\u00ed rady osob se zdravotn\u00edm posti\u017een\u00edm Miroslav Valina.<\/p>\n<p>&#8222;Roli podle m\u011b hraje fakt, \u017ee n\u011bkte\u0159\u00ed zam\u011bstnavatel\u00e9 v p\u0159ijet\u00ed <span class=\"highlight\">zdravotn\u011b<\/span> <span class=\"highlight\">posti\u017een\u00fdch<\/span> vid\u00ed probl\u00e9my. Tak\u00e9 je to psychologick\u00e1 z\u00e1le\u017eitost, jsou lid\u00e9, u nich\u017e odta\u017eitost v\u016f\u010di <span class=\"highlight\">zdravotn\u011b<\/span> <span class=\"highlight\">posti\u017een\u00fdm<\/span> st\u00e1le p\u0159etrv\u00e1v\u00e1. V neposledn\u00ed \u0159ad\u011b soci\u00e1ln\u00ed politika vlastn\u011b \u0159adu <span class=\"highlight\">posti\u017een\u00fdch<\/span> ani nenut\u00ed si pr\u00e1ci hledat,&#8220; dod\u00e1v\u00e1 Valina.<\/p>\n<p>invArena<\/p>\n<p><em>ilustra\u010dn\u00ed foto: Dmitri MIkitenko \/ Photoxpress<\/em><\/p>\n","protected":false},"excerpt":{"rendered":"<div class=\"mh-excerpt\"><p>Plze\u0148sk\u00fd kraj po t\u0159ech letech op\u011bt zv\u00edt\u011bzil v celorepublikov\u00e9m pr\u016fzkumu M\u00edsto pro \u017eivot. Jeho slab\u00fdm m\u00edste je v\u0161ak zam\u011bstnanost \u2013 po\u010det zdravotn\u011b posti\u017een\u00fdch mezi zam\u011bstnan\u00fdmi <a class=\"mh-excerpt-more\" href=\"https:\/\/www.invarena.cz\/?p=18680\" title=\"Soci\u00e1ln\u00ed politika \u0159adu posti\u017een\u00fdch ani nenut\u00ed si pr\u00e1ci hledat\">[&#8230;]<\/a><\/p>\n<\/div>","protected":false},"author":1,"featured_media":16359,"comment_status":"open","ping_status":"closed","sticky":false,"template":"","format":"standard","meta":{"footnotes":""},"categories":[7],"tags":[],"class_list":["post-18680","post","type-post","status-publish","format-standard","has-post-thumbnail","hentry","category-spolecnost"],"_links":{"self":[{"href":"https:\/\/www.invarena.cz\/index.php?rest_route=\/wp\/v2\/posts\/18680","targetHints":{"allow":["GET"]}}],"collection":[{"href":"https:\/\/www.invarena.cz\/index.php?rest_route=\/wp\/v2\/posts"}],"about":[{"href":"https:\/\/www.invarena.cz\/index.php?rest_route=\/wp\/v2\/types\/post"}],"author":[{"embeddable":true,"href":"https:\/\/www.invarena.cz\/index.php?rest_route=\/wp\/v2\/users\/1"}],"replies":[{"embeddable":true,"href":"https:\/\/www.invarena.cz\/index.php?rest_route=%2Fwp%2Fv2%2Fcomments&post=18680"}],"version-history":[{"count":0,"href":"https:\/\/www.invarena.cz\/index.php?rest_route=\/wp\/v2\/posts\/18680\/revisions"}],"wp:featuredmedia":[{"embeddable":true,"href":"https:\/\/www.invarena.cz\/index.php?rest_route=\/wp\/v2\/media\/16359"}],"wp:attachment":[{"href":"https:\/\/www.invarena.cz\/index.php?rest_route=%2Fwp%2Fv2%2Fmedia&parent=18680"}],"wp:term":[{"taxonomy":"category","embeddable":true,"href":"https:\/\/www.invarena.cz\/index.php?rest_route=%2Fwp%2Fv2%2Fcategories&post=18680"},{"taxonomy":"post_tag","embeddable":true,"href":"https:\/\/www.invarena.cz\/index.php?rest_route=%2Fwp%2Fv2%2Ftags&post=18680"}],"curies":[{"name":"wp","href":"https:\/\/api.w.org\/{rel}","templated":true}]}}