{"id":18684,"date":"2014-12-02T10:36:25","date_gmt":"2014-12-02T09:36:25","guid":{"rendered":"http:\/\/www.invarena.cz\/?p=18684"},"modified":"2014-12-15T15:09:48","modified_gmt":"2014-12-15T14:09:48","slug":"tripartita-se-nedohodla-na-urazovem-pojisteni-rozhodne-vlada","status":"publish","type":"post","link":"https:\/\/www.invarena.cz\/?p=18684","title":{"rendered":"Tripartita se nedohodla na \u00farazov\u00e9m poji\u0161t\u011bn\u00ed, rozhodne vl\u00e1da"},"content":{"rendered":"<p><strong>Tripartita se v\u010dera neshodla na tom, jak by mohlo v \u010cesku v budoucnu vypadat \u00farazov\u00e9 poji\u0161t\u011bn\u00ed. Zat\u00edmco podle odbor\u016f by je m\u011bla spravovat nov\u00e1 ve\u0159ejn\u00e1 poji\u0161\u0165ovna, podle z\u00e1stupc\u016f zam\u011bstnavatel\u016f by to m\u011bly b\u00fdt komer\u010dn\u00ed poji\u0161\u0165ovny. Modely projedn\u00e1 koali\u010dn\u00ed rada, rozhodne pak vl\u00e1da.<br \/>\n<\/strong><!--more--><\/p>\n<p>Novin\u00e1\u0159\u016fm to \u0159ekl premi\u00e9r Bohuslav Sobotka (\u010cSSD). Kabinet m\u011bl odpoledne jednat o n\u00e1vrhu na zru\u0161en\u00ed sporn\u00e9ho z\u00e1kona o \u00farazov\u00e9m poji\u0161t\u011bn\u00ed. Tripartita jednala letos naposled, p\u0159\u00ed\u0161t\u00ed rok se sejde 2. \u00fanora.<\/p>\n<p>&#8222;Zase jsme se nedohodli (na \u00farazov\u00e9m poji\u0161t\u011bn\u00ed). Jsou to na\u0161e pen\u00edze, pen\u00edze podnikatel\u016f. Nem\u00e1m r\u00e1d, kdy\u017e n\u011bkdo mluv\u00ed o pen\u011bz\u00edch, kter\u00e9 mu nepat\u0159\u00ed,&#8220; uvedl \u0161\u00e9f Svazu pr\u016fmyslu a dopravy Jaroslav Han\u00e1k. Zam\u011bstnavatel\u00e9 podporuj\u00ed poji\u0161t\u011bn\u00ed u komer\u010dn\u00edch poji\u0161\u0165oven.<\/p>\n<p>Odbory naopak prosazuj\u00ed jedinou ve\u0159ejnou poji\u0161\u0165ovnu, kter\u00e1 by vznikla. &#8222;Vl\u00e1da m\u00e1 m\u00edt dohled nad prost\u0159edky, nem\u00e1 \u00farazov\u00e9 poji\u0161t\u011bn\u00ed komercionalizovat, m\u00e1 z\u0159\u00eddit jednu ve\u0159ejnou poji\u0161\u0165ovnu s tripartitn\u00ed spr\u00e1vou,&#8220; uvedl p\u0159ed\u00e1k \u010ceskomoravsk\u00e9 konfederace odborov\u00fdch svaz\u016f (\u010cMKOS) Josef St\u0159edula.<\/p>\n<p>Vl\u00e1da z\u0159\u00eddila k \u00farazov\u00e9mu poji\u0161t\u011bn\u00ed zvl\u00e1\u0161tn\u00ed komisi. Jej\u00edch dev\u011bt \u010dlen\u016f posuzovalo \u010dty\u0159i modely &#8211; zaji\u0161t\u011bn\u00ed u komer\u010dn\u00edch poji\u0161\u0165oven, v nov\u00e9 ve\u0159ejn\u00e9 poji\u0161\u0165ovn\u011b, v \u010cesk\u00e9 spr\u00e1v\u011b soci\u00e1ln\u00edho zabezpe\u010den\u00ed (\u010cSSZ) a ve zdravotn\u00edch poji\u0161\u0165ovn\u00e1ch. Ve v\u0161ech variant\u00e1ch by se poji\u0161\u0165oval zam\u011bstnavatel, financov\u00e1n\u00ed by bylo pr\u016fb\u011b\u017en\u00e9.<\/p>\n<p>Komise se na jednom \u0159e\u0161en\u00ed neshodla. Pro komer\u010dn\u00ed poji\u0161\u0165ovny hlasovalo \u0161est \u010dlen\u016f. Pro p\u011bt byly p\u0159ijateln\u00e9 pln\u011b, pro jednoho \u010d\u00e1ste\u010dn\u011b. K \u010cSSZ se klon\u00ed sedm \u010dlen\u016f &#8211; t\u0159i pln\u011b a \u010dty\u0159i \u010d\u00e1ste\u010dn\u011b. Nov\u00e1 ve\u0159ejn\u00e1 poji\u0161\u0165ovna m\u011bla plnou podporu dvou a \u010d\u00e1ste\u010dnou \u010dty\u0159 \u010dlen\u016f. Zdravotn\u00ed poji\u0161\u0165ovny dostaly dva hlasy. Ministerstvo pr\u00e1ce podle podklad\u016f pro tripartitu doporu\u010duje, aby \u00farazov\u00e9 poji\u0161t\u011bn\u00ed m\u011bly na starosti bu\u010f komer\u010dn\u00ed poji\u0161\u0165ovny, nebo \u010cSSZ.<\/p>\n<p>Nyn\u00ed se zam\u011bstnavatel\u00e9 poji\u0161\u0165uj\u00ed u dvou komer\u010dn\u00edch poji\u0161\u0165oven &#8211; \u010cesk\u00e9 Poji\u0161\u0165ovny a Kooperativy, p\u0159\u00edpadn\u00e9 od\u0161kodn\u00e9 se pak plat\u00ed z tohoto poji\u0161t\u011bn\u00ed. \u010cesko m\u00e1 sice z\u00e1kon o \u00farazov\u00e9m poji\u0161t\u011bn\u00ed, kter\u00fd za\u010dal platit v roce 2006, ale zat\u00edm st\u00e1le nen\u00ed \u00fa\u010dinn\u00fd. Jeho \u00fa\u010dinnost se odkl\u00e1dala u\u017e \u010dty\u0159ikr\u00e1t, a to naposledy letos na rok 2017. Podle odkl\u00e1dan\u00e9 normy by \u00farazov\u00e9 poji\u0161t\u011bn\u00ed m\u011bla zaji\u0161\u0165ovat \u010cesk\u00e1 spr\u00e1va soci\u00e1ln\u00edho zabezpe\u010den\u00ed. Pojistn\u00e9 by vyb\u00edrala jako odvody ze mzdy. Lidem po pracovn\u00edm \u00farazu \u010di s nemoc\u00ed z povol\u00e1n\u00ed by pak hradila rentu.<\/p>\n<p>Se zru\u0161en\u00edm tohoto z\u00e1kona po\u010d\u00edt\u00e1 n\u00e1vrh novely z\u00e1kon\u00edku pr\u00e1ce, kter\u00fd by m\u011bla dnes odpoledne projednat vl\u00e1da. Podle Sobotky o n\u00e1vrz\u00edch budouc\u00ed podoby bude jednat koali\u010dn\u00ed rada. Ministryn\u011b pr\u00e1ce pro ni p\u0159iprav\u00ed podklady. Pak rozhodne kabinet. Premi\u00e9r \u0159ekl, \u017ee na p\u0159\u00edpravu nov\u00e9 normy je p\u0159\u00ed\u0161t\u00ed rok.<\/p>\n<p>Tripartita bude m\u00edt dva m\u011bs\u00edce pauzu. Znovu se sejde 2. \u00fanora. Na ka\u017ed\u00e9m p\u0159\u00ed\u0161t\u00edm zased\u00e1n\u00ed by se m\u011bla zab\u00fdvat stavem \u010derp\u00e1n\u00ed pen\u011bz z evropsk\u00fdch fond\u016f. \u010cesko letos p\u0159ijde podle Sobotky zhruba o 19 a\u017e 20 miliard korun. Odbor\u00e1\u0159i p\u0159\u00ed\u0161t\u00ed rok s vl\u00e1dou a zam\u011bstnavateli cht\u011bj\u00ed jednat t\u0159eba o r\u016fstu plat\u016f, migraci \u010di o tom, aby se zas propl\u00e1cely prvn\u00ed t\u0159i dny nemocensk\u00e9.<\/p>\n","protected":false},"excerpt":{"rendered":"<div class=\"mh-excerpt\"><p>Tripartita se v\u010dera neshodla na tom, jak by mohlo v \u010cesku v budoucnu vypadat \u00farazov\u00e9 poji\u0161t\u011bn\u00ed. Zat\u00edmco podle odbor\u016f by je m\u011bla spravovat nov\u00e1 ve\u0159ejn\u00e1 <a class=\"mh-excerpt-more\" href=\"https:\/\/www.invarena.cz\/?p=18684\" title=\"Tripartita se nedohodla na \u00farazov\u00e9m poji\u0161t\u011bn\u00ed, rozhodne vl\u00e1da\">[&#8230;]<\/a><\/p>\n<\/div>","protected":false},"author":1,"featured_media":0,"comment_status":"open","ping_status":"closed","sticky":false,"template":"","format":"standard","meta":{"footnotes":""},"categories":[9],"tags":[],"class_list":["post-18684","post","type-post","status-publish","format-standard","hentry","category-zpravy"],"_links":{"self":[{"href":"https:\/\/www.invarena.cz\/index.php?rest_route=\/wp\/v2\/posts\/18684","targetHints":{"allow":["GET"]}}],"collection":[{"href":"https:\/\/www.invarena.cz\/index.php?rest_route=\/wp\/v2\/posts"}],"about":[{"href":"https:\/\/www.invarena.cz\/index.php?rest_route=\/wp\/v2\/types\/post"}],"author":[{"embeddable":true,"href":"https:\/\/www.invarena.cz\/index.php?rest_route=\/wp\/v2\/users\/1"}],"replies":[{"embeddable":true,"href":"https:\/\/www.invarena.cz\/index.php?rest_route=%2Fwp%2Fv2%2Fcomments&post=18684"}],"version-history":[{"count":0,"href":"https:\/\/www.invarena.cz\/index.php?rest_route=\/wp\/v2\/posts\/18684\/revisions"}],"wp:attachment":[{"href":"https:\/\/www.invarena.cz\/index.php?rest_route=%2Fwp%2Fv2%2Fmedia&parent=18684"}],"wp:term":[{"taxonomy":"category","embeddable":true,"href":"https:\/\/www.invarena.cz\/index.php?rest_route=%2Fwp%2Fv2%2Fcategories&post=18684"},{"taxonomy":"post_tag","embeddable":true,"href":"https:\/\/www.invarena.cz\/index.php?rest_route=%2Fwp%2Fv2%2Ftags&post=18684"}],"curies":[{"name":"wp","href":"https:\/\/api.w.org\/{rel}","templated":true}]}}