{"id":18686,"date":"2014-12-02T20:08:05","date_gmt":"2014-12-02T19:08:05","guid":{"rendered":"http:\/\/www.invarena.cz\/?p=18686"},"modified":"2014-12-02T20:08:38","modified_gmt":"2014-12-02T19:08:38","slug":"vozickari-videli-spartu-a-setkali-se-na-lede-s-hokejisty","status":"publish","type":"post","link":"https:\/\/www.invarena.cz\/?p=18686","title":{"rendered":"Voz\u00ed\u010dk\u00e1\u0159i vid\u011bli Spartu a setkali se s hokejisty"},"content":{"rendered":"<p><strong>Z\u00e1pasu HC Verva Litv\u00ednov s pra\u017eskou Spartou p\u0159ihl\u00ed\u017eelo na pozv\u00e1n\u00ed klubu \u0161est voz\u00ed\u010dk\u00e1\u0159\u016f \u2013 &#8222;Paren\u0165\u00e1k\u016f&#8220;. Chlapci se svalovou dystrofi\u00ed se druh\u00fd den tak\u00e9 setkali s extraligov\u00fdmi hokejisty na led\u011b po jejich dopoledn\u00edm tr\u00e9ninku. <\/strong><!--more--><br \/>\n&#8222;Moc jsme si to u\u017eili a d\u011bkujeme za skv\u011bl\u00e9 z\u00e1\u017eitky,&#8220; vzkazovali chlapci a jejich rodi\u010de na litv\u00ednovsk\u00fd zimn\u00ed stadion. &#8222;Hokej se p\u0159el\u00e9val ze strany na stranu a nakonec Verva v n\u00e1dhern\u00e9m z\u00e1pase zv\u00edt\u011bzila 6:3,&#8220; byl spokojen\u00fd Adam z Rohovl\u00e1dov\u00e9 B\u011bl\u00e9 u Pardubic, kter\u00fd je jinak velk\u00fdm fanou\u0161kem klubu z v\u00fdchodn\u00edch \u010cech. V ned\u011bli m\u011bl tedy asi radost, ale v p\u00e1tek fandil \u017eluto\u010dern\u00fdm.<\/p>\n<p>Premi\u00e9ru na Zimn\u00edm stadionu Ivana Hlinky si odbyl J\u00e1ra z K\u0159etiho\u0159eu Kol\u00edna. P\u0159i extraligov\u00e9m utk\u00e1n\u00ed byl poprv\u00e9 a druh\u00fd den p\u0159\u00edmo na led\u011b tak\u00e9. &#8222;V\u0161echno se mi moc l\u00edbilo, p\u0159i tr\u00e9ninku jsem dokonce dal g\u00f3l,&#8220; pochlubil se.<\/p>\n<p>Na stadi\u00f3nu se kluci pod\u00edvali do S\u00edn\u011b sl\u00e1vy, prostor\u016f pro obchodn\u00ed partnery klubu i novin\u00e1\u0159e. Povedlo se jim i vyfotografovat se s Vladim\u00edrem R\u016f\u017ei\u010dkou.<\/p>\n<p>&#8222;V\u0161ichni si p\u011bkn\u00fd z\u00e1pas maxim\u00e1ln\u011b u\u017eili, v\u010detn\u011b z\u00e1v\u011bre\u010dn\u00e9 bitky Jirky \u0160l\u00e9gra,&#8220; \u0159ekl Jozef Such\u00fd, p\u0159edseda neziskov\u00e9 organizace Parent Project, kter\u00fd pracuje v \u00faseku investic Unipetrolu Services.<\/p>\n<p>Druh\u00fd den se &#8222;Paren\u0165\u00e1ci&#8220; z\u00fa\u010dastnili dopoledn\u00edho tr\u00e9ninku extraligov\u00e9ho A t\u00fdmu. Po spole\u010dn\u00e9m focen\u00ed prob\u011bhly i sout\u011b\u017ee.<\/p>\n<p>Kluci s elektrick\u00fdm voz\u00edkem t\u00e1hli hokejisty, naopak n\u011bkte\u0159\u00ed hr\u00e1\u010di d\u011blali motor chlapc\u016fm na mechanick\u00fdch voz\u00edc\u00edch. Do\u0161lo i na fotbal na led\u011b s velk\u00fdm rehabilita\u010dn\u00edm m\u00ed\u010dem a na samostatn\u00e9 n\u00e1jezdy. Nejmen\u0161\u00ed kluky vozili hokejist\u00e9 na bobech po led\u011b. Nakonec m\u011bli kluci uv\u00e1zan\u00e9 hokejky na voz\u00edc\u00edch, tr\u00e9novali veden\u00ed puku a sna\u017eili se d\u00e1t g\u00f3l brank\u00e1\u0159i. &#8222;Mus\u00edme smeknout p\u0159ed litv\u00ednovsk\u00fdmi hr\u00e1\u010di, kte\u0159\u00ed se ochotn\u011b v\u011bnovali kluk\u016fm a\u017e do chv\u00edle, kdy jim za\u010dala b\u00fdt zima.<\/p>\n<p>Velkou z\u00e1sluhu m\u011bli na cel\u00e9 akci m\u00edstop\u0159edseda p\u0159edstavenstva HC Verva Litv\u00ednov Ji\u0159\u00ed \u0160l\u00e9gr, p\u0159edsedkyn\u011b dozor\u010d\u00ed rady Lenka Kroupov\u00e1 a gener\u00e1ln\u00ed mana\u017eer Robert Kysela,&#8220; d\u011bkoval Jozef Such\u00fd.<\/p>\n<p>Akci pro neziskovou organizaci Parent Project zajistilo veden\u00ed HC Verva Litv\u00ednov.<\/p>\n<p><a href=\"http:\/\/mostecky.denik.cz\">http:\/\/mostecky.denik.cz<\/a><\/p>\n","protected":false},"excerpt":{"rendered":"<div class=\"mh-excerpt\"><p>Z\u00e1pasu HC Verva Litv\u00ednov s pra\u017eskou Spartou p\u0159ihl\u00ed\u017eelo na pozv\u00e1n\u00ed klubu \u0161est voz\u00ed\u010dk\u00e1\u0159\u016f \u2013 &#8222;Paren\u0165\u00e1k\u016f&#8220;. Chlapci se svalovou dystrofi\u00ed se druh\u00fd den tak\u00e9 setkali s <a class=\"mh-excerpt-more\" href=\"https:\/\/www.invarena.cz\/?p=18686\" title=\"Voz\u00ed\u010dk\u00e1\u0159i vid\u011bli Spartu a setkali se s hokejisty\">[&#8230;]<\/a><\/p>\n<\/div>","protected":false},"author":1,"featured_media":12371,"comment_status":"open","ping_status":"closed","sticky":false,"template":"","format":"standard","meta":{"footnotes":""},"categories":[7],"tags":[],"class_list":["post-18686","post","type-post","status-publish","format-standard","has-post-thumbnail","hentry","category-spolecnost"],"_links":{"self":[{"href":"https:\/\/www.invarena.cz\/index.php?rest_route=\/wp\/v2\/posts\/18686","targetHints":{"allow":["GET"]}}],"collection":[{"href":"https:\/\/www.invarena.cz\/index.php?rest_route=\/wp\/v2\/posts"}],"about":[{"href":"https:\/\/www.invarena.cz\/index.php?rest_route=\/wp\/v2\/types\/post"}],"author":[{"embeddable":true,"href":"https:\/\/www.invarena.cz\/index.php?rest_route=\/wp\/v2\/users\/1"}],"replies":[{"embeddable":true,"href":"https:\/\/www.invarena.cz\/index.php?rest_route=%2Fwp%2Fv2%2Fcomments&post=18686"}],"version-history":[{"count":0,"href":"https:\/\/www.invarena.cz\/index.php?rest_route=\/wp\/v2\/posts\/18686\/revisions"}],"wp:featuredmedia":[{"embeddable":true,"href":"https:\/\/www.invarena.cz\/index.php?rest_route=\/wp\/v2\/media\/12371"}],"wp:attachment":[{"href":"https:\/\/www.invarena.cz\/index.php?rest_route=%2Fwp%2Fv2%2Fmedia&parent=18686"}],"wp:term":[{"taxonomy":"category","embeddable":true,"href":"https:\/\/www.invarena.cz\/index.php?rest_route=%2Fwp%2Fv2%2Fcategories&post=18686"},{"taxonomy":"post_tag","embeddable":true,"href":"https:\/\/www.invarena.cz\/index.php?rest_route=%2Fwp%2Fv2%2Ftags&post=18686"}],"curies":[{"name":"wp","href":"https:\/\/api.w.org\/{rel}","templated":true}]}}