{"id":18690,"date":"2014-12-02T10:59:16","date_gmt":"2014-12-02T09:59:16","guid":{"rendered":"http:\/\/www.invarena.cz\/?p=18690"},"modified":"2014-12-02T12:29:41","modified_gmt":"2014-12-02T11:29:41","slug":"postizene-dite-do-bezne-skoly-to-nejde-svevole-uradu-se-prohloubi","status":"publish","type":"post","link":"https:\/\/www.invarena.cz\/?p=18690","title":{"rendered":"&#8222;Posti\u017een\u00e9 d\u00edt\u011b do b\u011b\u017en\u00e9 \u0161koly? To nejde.&#8220; Sv\u00e9vole \u00fa\u0159ad\u016f se prohloub\u00ed"},"content":{"rendered":"<p><strong>Novela \u0161kolsk\u00e9ho z\u00e1kona m\u011bla pomoci d\u011btem s posti\u017een\u00edm do norm\u00e1ln\u00edch \u0161kol, m\u00edsto toho je v\u0161ak sm\u011bruje sp\u00ed\u0161e do t\u011bch zvl\u00e1\u0161tn\u00edch.<\/strong><!--more--><\/p>\n<p>PRAHA V jednom kraji rodi\u010d\u016fm ment\u00e1ln\u011b a zdravotn\u011b posti\u017een\u00fdch d\u011bt\u00ed ochotn\u011b poskytuj\u00ed pedagogick\u00e9 asistenty, v sousedn\u00edm tyto d\u011bti skoro automaticky pos\u00edlaj\u00ed do zvl\u00e1\u0161tn\u00edch \u0161kol. Rodi\u010de d\u011bt\u00ed s handicapem si dlouhodob\u011b st\u011b\u017euj\u00ed na to, \u017ee postup \u00fa\u0159ad\u016f je v r\u016fzn\u00fdch regionech naprosto nevyzpytateln\u00fd. A kv\u016fli p\u0159ipravovan\u00e9 novele \u0161kolsk\u00e9ho z\u00e1kona se nyn\u00ed boj\u00ed, \u017ee situace ve \u0161kolstv\u00ed bude je\u0161t\u011b hor\u0161\u00ed.<\/p>\n<p>Z\u00e1kon je toti\u017e podle kritik\u016f tak nep\u0159esn\u011b formulovan\u00fd, \u017ee si ho ka\u017ed\u00fd m\u016f\u017ee vylo\u017eit po sv\u00e9m. \u00da\u0159edn\u00edk\u016fm p\u0159i rozhodov\u00e1n\u00ed o tom, zda d\u00edt\u011bti p\u0159id\u011blit speci\u00e1ln\u00ed pom\u016fcky \u010di pedagogick\u00e9ho asistenta, umo\u017en\u00ed je\u0161t\u011b sv\u00e9voln\u011bj\u0161\u00ed p\u0159\u00edstup ne\u017e dosud.<\/p>\n<p>Novela z pera ministra \u0161kolstv\u00ed Marcela Chl\u00e1dka (\u010cSSD) p\u0159itom m\u011bla situaci ohledn\u011b vzd\u011bl\u00e1v\u00e1n\u00ed soci\u00e1ln\u011b a zdravotn\u011b znev\u00fdhodn\u011bn\u00fdch d\u011bt\u00ed up\u0159esnit. \u010cesko toti\u017e dlouhodob\u011b \u010del\u00ed kritice, \u017ee p\u0159\u00edli\u0161 mnoho d\u011bt\u00ed pos\u00edl\u00e1 automaticky do zvl\u00e1\u0161tn\u00edch \u0161kol. &#8222;M\u011blo by doj\u00edt k lep\u0161\u00edmu za\u010dle\u0148ov\u00e1n\u00ed d\u011bt\u00ed do hlavn\u00edho vzd\u011bl\u00e1vac\u00edho proudu,&#8220; uvedl ministr.<\/p>\n<p>Jen\u017ee novela zav\u00e1d\u00ed i opat\u0159en\u00ed, kter\u00e9 d\u011bti do speci\u00e1ln\u00edch \u0161kol naopak nasm\u011bruje. P\u00ed\u0161e se v n\u00ed toti\u017e, \u017ee jedn\u00edm z podp\u016frn\u00fdch opat\u0159en\u00ed je za\u0159azen\u00ed d\u00edt\u011bte do speci\u00e1ln\u00ed t\u0159\u00eddy nebo \u0161koly \u2013 a to bez dal\u0161\u00edho up\u0159esn\u011bn\u00ed, jak dlouho a v jak\u00e9m po\u0159ad\u00ed se maj\u00ed zkou\u0161et p\u0159edchoz\u00ed mo\u017enosti.<\/p>\n<p>Experti varuj\u00ed p\u0159ed t\u00edm, \u017ee v souvislosti s nejasnou definic\u00ed ment\u00e1ln\u00edho posti\u017een\u00ed m\u016f\u017ee nov\u00fd z\u00e1kon poslat do praktick\u00fdch \u0161kol i ty d\u011bti, kter\u00e9 by mohly z\u016fstat v b\u011b\u017en\u00e9m \u0161koln\u00edm kolektivu. Jednou z nejzraniteln\u011bj\u0161\u00edch skupin p\u0159i takov\u00e9m rozhodov\u00e1n\u00ed \u00fa\u0159ad\u016f jsou Romov\u00e9.<\/p>\n<p>O tom, jak je nyn\u00ed situace ve vzd\u011bl\u00e1v\u00e1n\u00ed d\u011bt\u00ed s posti\u017een\u00edm nep\u0159ehledn\u00e1, sv\u011bd\u010d\u00ed p\u0159\u00edpad rodiny z Olomoucka, na kter\u00fd ned\u00e1vno upozornila MF DNES. Rodi\u010de t\u0159\u00edlet\u00e9 autistick\u00e9 d\u00edvky \u017e\u00e1dali, aby mohla nastoupit do mate\u0159sk\u00e9 \u0161koly s pedagogick\u00fdm asistentem. Jen\u017ee navzdory doporu\u010den\u00edm psychologa a psychiatra jim olomouck\u00e9 Speci\u00e1ln\u00ed pedagogick\u00e9 centrum sd\u011blilo, \u017ee hol\u010di\u010dce pomoc nep\u0159id\u011bl\u00ed. Dostane ji p\u0159\u00edpadn\u011b a\u017e pot\u00e9, co se uk\u00e1\u017ee, \u017ee pobyt ve \u0161kolce bez n\u00ed nezvl\u00e1dne.<\/p>\n<p>To je p\u0159itom podle odborn\u00edk\u016f u d\u00edt\u011bte s takov\u00fdm posti\u017een\u00edm zcela zbyte\u010dn\u00fd a nep\u0159\u00edpustn\u00fd experiment, co\u017e okam\u017eit\u011b uznala tat\u00e1\u017e instituce s\u00eddl\u00edc\u00ed v Ostrav\u011b. Kdy\u017e se rodi\u010de obr\u00e1tili tam, dostali pedagoga hned.<\/p>\n<p>Rodi\u010de handicapovan\u00fdch \u0161kol\u00e1k\u016f budou z\u00e1visl\u00ed pr\u00e1v\u011b na posudc\u00edch z t\u011bchto poraden. &#8222;Posudky o ment\u00e1ln\u00edm stavu d\u00edt\u011bte d\u011bl\u00e1vaj\u00ed bez p\u0159\u00edtomnosti rodi\u010d\u016f v takov\u00e9 rychlosti, \u017ee mnohdy ani nen\u00ed mo\u017en\u00e9 naj\u00edt zp\u016fsob, jak s d\u00edt\u011btem komunikovat. Nato\u017e zjistit, jak\u00e9 jsou jeho ment\u00e1ln\u00ed schopnosti,&#8220; popisuje svoji zku\u0161enost Karla Truskov\u00e1, jej\u00ed\u017e rodin\u011b se poda\u0159ilo prosadit, \u017ee desetilet\u00e1 dcera s Downov\u00fdm syndromem v Brn\u011b nav\u0161t\u011bvuje b\u011b\u017enou z\u00e1kladn\u00ed \u0161kolu.<\/p>\n<p>Organizace \u010clov\u011bk v t\u00edsni hovo\u0159\u00ed dokonce o tom, \u017ee rozhodov\u00e1n\u00ed \u00fa\u0159ad\u016f je v p\u0159\u00edpad\u011b posti\u017een\u00fdch d\u011bt\u00ed zcela nahodil\u00e9. Oslovila proto poslance s \u017e\u00e1dost\u00ed o to, aby tuto \u010d\u00e1st novely je\u0161t\u011b up\u0159esnili.<\/p>\n<p>\u017de je situace nep\u0159ehledn\u00e1, p\u0159izn\u00e1v\u00e1 i ministerstvo. &#8222;O tomto paragrafu budeme je\u0161t\u011b p\u0159\u00ed\u0161t\u00ed t\u00fdden diskutovat se \u0161kolsk\u00fdm v\u00fdborem a odborn\u00edky z praxe,&#8220; \u0159\u00edk\u00e1 mluv\u010d\u00ed Ministerstva \u0161kolstv\u00ed Kl\u00e1ra B\u00edl\u00e1. Z\u00e1kon se p\u0159itom m\u011bl schvalovat na prosincov\u00e9 sch\u016fzi Sn\u011bmovny.<\/p>\n<p>Zuzana Tau\u0161ov\u00e1, redaktorka <a href=\"http:\/\/www.idnes.cz\/\">MF DNES\u00a0\u00a0\u00a0\u00a0\u00a0\u00a0\u00a0\u00a0\u00a0\u00a0\u00a0\u00a0\u00a0\u00a0\u00a0\u00a0\u00a0\u00a0\u00a0 http:\/\/www.idnes.cz\/<\/a><\/p>\n","protected":false},"excerpt":{"rendered":"<div class=\"mh-excerpt\"><p>Novela \u0161kolsk\u00e9ho z\u00e1kona m\u011bla pomoci d\u011btem s posti\u017een\u00edm do norm\u00e1ln\u00edch \u0161kol, m\u00edsto toho je v\u0161ak sm\u011bruje sp\u00ed\u0161e do t\u011bch zvl\u00e1\u0161tn\u00edch.<\/p>\n<\/div>","protected":false},"author":1,"featured_media":13102,"comment_status":"open","ping_status":"closed","sticky":false,"template":"","format":"standard","meta":{"footnotes":""},"categories":[9],"tags":[],"class_list":["post-18690","post","type-post","status-publish","format-standard","has-post-thumbnail","hentry","category-zpravy"],"_links":{"self":[{"href":"https:\/\/www.invarena.cz\/index.php?rest_route=\/wp\/v2\/posts\/18690","targetHints":{"allow":["GET"]}}],"collection":[{"href":"https:\/\/www.invarena.cz\/index.php?rest_route=\/wp\/v2\/posts"}],"about":[{"href":"https:\/\/www.invarena.cz\/index.php?rest_route=\/wp\/v2\/types\/post"}],"author":[{"embeddable":true,"href":"https:\/\/www.invarena.cz\/index.php?rest_route=\/wp\/v2\/users\/1"}],"replies":[{"embeddable":true,"href":"https:\/\/www.invarena.cz\/index.php?rest_route=%2Fwp%2Fv2%2Fcomments&post=18690"}],"version-history":[{"count":0,"href":"https:\/\/www.invarena.cz\/index.php?rest_route=\/wp\/v2\/posts\/18690\/revisions"}],"wp:featuredmedia":[{"embeddable":true,"href":"https:\/\/www.invarena.cz\/index.php?rest_route=\/wp\/v2\/media\/13102"}],"wp:attachment":[{"href":"https:\/\/www.invarena.cz\/index.php?rest_route=%2Fwp%2Fv2%2Fmedia&parent=18690"}],"wp:term":[{"taxonomy":"category","embeddable":true,"href":"https:\/\/www.invarena.cz\/index.php?rest_route=%2Fwp%2Fv2%2Fcategories&post=18690"},{"taxonomy":"post_tag","embeddable":true,"href":"https:\/\/www.invarena.cz\/index.php?rest_route=%2Fwp%2Fv2%2Ftags&post=18690"}],"curies":[{"name":"wp","href":"https:\/\/api.w.org\/{rel}","templated":true}]}}