{"id":18705,"date":"2014-12-08T08:10:28","date_gmt":"2014-12-08T07:10:28","guid":{"rendered":"http:\/\/www.invarena.cz\/?p=18705"},"modified":"2014-12-08T08:10:28","modified_gmt":"2014-12-08T07:10:28","slug":"hleda-se-rodina-pro-maleho-autistu","status":"publish","type":"post","link":"https:\/\/www.invarena.cz\/?p=18705","title":{"rendered":"Hled\u00e1 se rodina pro mal\u00e9ho autistu"},"content":{"rendered":"<p><strong>Jde o mal\u00e9ho autistick\u00e9ho chlapce, kter\u00fd se po necitliv\u00e9m z\u00e1sahu \u00fa\u0159edn\u00edk\u016f ocitl mezi dosp\u011bl\u00fdmi v \u00fastavu pro ment\u00e1ln\u011b <span class=\"highlight\">posti\u017een\u00e9<\/span>. To ho odtrhlo od jeho asistenta, kter\u00fd s n\u00edm nav\u00e1zal hlubok\u00fd citov\u00fd vztah. Po\u0159ad Report\u00e9\u0159i\u00a0 \u010cT.<\/strong> <!--more--><\/p>\n<p><em>ilustra\u010dn\u00ed foto: Lance Neilson \/ Flickr.com<\/em><\/p>\n<p>Po na\u0161ich report\u00e1\u017e\u00edch se v\u011bci aspo\u0148 malinko pohnuly k lep\u0161\u00edmu. Happyend ov\u0161em ani po roce nenastal. Report\u00e1\u017e nato\u010dil David Mach\u00e1\u010dek.<\/p>\n<p>Roman VI\u010c\u00cdK, b\u00fdval\u00fd osobn\u00ed asistent:<br \/>\n15. srpna 2014. Poda\u0159ilo se n\u00e1m Kubu dostat na autistick\u00fd letn\u00ed t\u00e1bor. Zd\u00e1lo se mi, \u017ee Kuba je tam nadm\u00edru spokojen. Pro v\u0161echny, co se to\u010d\u00edme kolem n\u011bj, je t\u011b\u017ek\u00e9 dokazovat, \u017ee na\u0161e pohnutky pomoci mu nejsou jen na\u0161\u00ed kratochv\u00edl\u00ed, ale \u017ee se sna\u017e\u00edme o dota\u017een\u00ed toho, co jsme p\u0159ed lety zapo\u010dali, to je naj\u00edt rodinu autistick\u00e9mu klukovi, kter\u00fd zn\u00e1 od narozen\u00ed pouze \u00fastavn\u00ed prost\u0159ed\u00ed, a za\u0159adit ho do norm\u00e1ln\u00ed spole\u010dnosti. \u010casto m\u00e1m dojem, \u017ee st\u00e1tn\u00ed apar\u00e1t zast\u00e1v\u00e1 n\u00e1zor, \u017ee \u00fastav je to nejlep\u0161\u00ed a jedin\u00e9 \u0159e\u0161en\u00ed.<\/p>\n<p>Muzikant Roman Vi\u010d\u00edk a mal\u00fd autistick\u00fd chlapec Jakub. Poznali jste je p\u0159ed rokem v report\u00e1\u017ei Jany Sotonov\u00e9. Jakub \u017eije od sv\u00e9ho narozen\u00ed pouze v \u00fastavech. Rodi\u010de ho po porodu odlo\u017eili a nikdy o n\u011bho neprojevili z\u00e1jem. Kv\u016fli ochran\u011b soukrom\u00ed o n\u011bm nem\u016f\u017eeme prozradit v\u00edc ne\u017e jeho k\u0159estn\u00ed jm\u00e9no.<\/p>\n<p>VI\u010c\u00cdK:\u00a0 Nyn\u00ed je jeho \u017eivot napl\u00e1nov\u00e1n takto. Narozen\u00ed, koje\u0148\u00e1k, d\u011bc\u00e1k, po dosa\u017een\u00ed plnoletosti bl\u00e1zinec, smrt. P\u0159itom nutn\u00e9 je jen to 1. a posledn\u00ed.<\/p>\n<p>Roman Vi\u010d\u00edk pracoval jako Jakub\u016fv osobn\u00ed asistent. Dok\u00e1zal prolomit autistickou bari\u00e9ru, kter\u00e1 chlapci br\u00e1n\u00ed v kontaktu s na\u0161\u00edm norm\u00e1ln\u00edm sv\u011btem.<\/p>\n<p>VI\u010c\u00cdK:<br \/>\nKdy\u017e jsem s n\u00edm p\u0159ed lety za\u010dal pracovat, tak Kuba vypadal a choval se jako naprosto neadaptabiln\u00ed osoba. Nebyl schopen vyj\u00edt na ulici. B\u00e1l se lid\u00ed, b\u00e1l se kontaktu. Za ten rok, kter\u00fd jsem s n\u00edm str\u00e1vil, jsem pochopil, \u017ee bylo ot\u00e1zkou \u010dasu a p\u0159\u00edle\u017eitosti, aby se za\u010dal rozv\u00edjet. A on to naprosto suver\u00e9nn\u011b p\u0159edvedl, \u017ee ano, \u017ee je toho schopen.<br \/>\nJen\u017ee jejich vztah p\u0159etrhlo jedin\u00e9 rozhodnut\u00ed org\u00e1nu soci\u00e1ln\u011bpr\u00e1vn\u00ed ochrany d\u011bt\u00ed na radnici v Prost\u011bjov\u011b. Pr\u00e1v\u011b tito \u00fa\u0159edn\u00edci maj\u00ed mal\u00e9ho chlapce na starost. Kdy\u017e Jakub p\u0159ekro\u010dil v\u011bk pro kojeneck\u00fd \u00fastav, nebyl p\u0159eveden\u00fd mezi vrstevn\u00edky do d\u011btsk\u00e9ho domova, ale do vzd\u00e1len\u00e9ho soci\u00e1ln\u00edho \u00fastavu, kter\u00fd pe\u010duje p\u0159edev\u0161\u00edm o dosp\u011bl\u00e9 s ment\u00e1ln\u00edm posti\u017een\u00edm.<\/p>\n<p>Po v\u00edce ne\u017e ro\u010dn\u00edm intenzivn\u00edm sbli\u017eov\u00e1n\u00ed s Jakubem musel Roman Vi\u010d\u00edk svou pomoc ukon\u010dit. V \u00fastavu u\u017e Jakuba nav\u0161t\u011bvovat nemohl. A tak mu alespo\u0148 na d\u00e1lku slo\u017eil p\u00edsni\u010dku.<\/p>\n<p>VI\u010c\u00cdK,:\u00a0 J\u00e1 p\u00edsn\u011bma reaguju na to, co za\u017e\u00edv\u00e1m j\u00e1 nebo co vid\u00edm v okol\u00ed. P\u00edse\u0148, kterou jste sly\u0161eli, reagovala, sice smutn\u011b, ale s jistou nad\u011bj\u00ed, na to, kde se Kuba pr\u00e1v\u011b octnul, v jak\u00fd, v jak\u00fd situaci.<br \/>\nOb\u011b p\u0159edchoz\u00ed report\u00e1\u017ee kon\u010dily nenapln\u011bnou nad\u011bj\u00ed, \u017ee by mal\u00fd Jakub mohl soci\u00e1ln\u00ed \u00fastav s ment\u00e1ln\u011b <span class=\"highlight\">posti\u017een\u00fdmi<\/span> opustit.<\/p>\n<p>VI\u010c\u00cdK:<br \/>\nMy jsme si na za\u010d\u00e1tku, kdy\u017e se v\u0161echno za\u010dlo d\u00edt, mysleli, \u017ee \u00fa\u0159ady uznaj\u00ed, \u017ee ud\u011blaly chybu, a za 14 dn\u00ed, p\u0159ed V\u00e1noci to bylo, za 3 t\u00fddny maxim\u00e1ln\u011b, Kuba bude zp\u011bt v kojeneck\u00e9m \u00fastavu a \u00fa\u0159ady za\u010dnou \u0159e\u0161it d\u00e1l, jestli existuje nebo neexistuje lep\u0161\u00ed \u0159e\u0161en\u00ed. To, \u017ee z toho vznikne rok, rok a 1\/2 a ani zdaleka nebudeme na konci t\u00e9 cesty, jsem ani zdaleka nep\u0159edpokl\u00e1dal.<br \/>\nNyn\u00ed u\u017e je Jakub ze soci\u00e1ln\u00edho \u00fastavu pry\u010d a od lo\u0148sk\u00e9ho podzimu vyr\u016fst\u00e1 mezi vrstevn\u00edky v d\u011btsk\u00e9m domov\u011b na Morav\u011b. A Roman se s n\u00edm m\u016f\u017ee znovu st\u00fdkat.<\/p>\n<p>Mark\u00e9ta JANDEKOV\u00c1, p\u0159edsedkyn\u011b sdru\u017een\u00ed Jdeme autist\u016fm naproti:<br \/>\nKub\u00ed\u010dek si nese n\u011bjak\u00e9 stopy toho, \u017ee nebyl se sv\u00fdmi vrstevn\u00edky, byl s lidmi s t\u011b\u017ek\u00fdm posti\u017een\u00edm, v\u00edm, v\u00edm, \u017ee m\u011bl pot\u00ed\u017ee s t\u00edm, \u017ee vlastn\u011b ned\u016fv\u011b\u0159oval lidem, pot\u0159eboval n\u011bkter\u00e9 \u010dinnosti opakovat.<br \/>\nDo\u010dasn\u00e9 um\u00edst\u011bn\u00ed v \u00fastavu pova\u017euj\u00ed \u00fa\u0159edn\u00edci dodnes za to nejlep\u0161\u00ed, co mohli Jakubovi p\u0159ipravit. A to p\u0159esto, \u017ee p\u0159ed\u0161kol\u00e1k m\u00edsto pozorov\u00e1n\u00ed zdrav\u00fdch d\u011bt\u00ed za\u010dal napodobovat ment\u00e1ln\u011b <span class=\"highlight\">posti\u017een\u00e9<\/span> a nav\u00edc se vr\u00e1til s nep\u0159\u00edjemn\u00fdm ko\u017en\u00edm onemocn\u011bn\u00edm.<\/p>\n<p>Pavel PODIV\u00cdNSK\u00dd, Odbor soci\u00e1ln\u00edch v\u011bc\u00ed, Olomouck\u00fd kraj:<br \/>\nPo profesion\u00e1ln\u00ed str\u00e1nce bylo o Kubu tam postar\u00e1no dob\u0159e. Ot\u00e1zkou samoz\u0159ejm\u011b z\u016fst\u00e1v\u00e1, tak jak to vid\u00edme dnes, \u017ee to za\u0159\u00edzen\u00ed, kde je nyn\u00ed, je pro n\u011bj vhodn\u011bj\u0161\u00ed, proto\u017ee je mezi vrstevn\u00edky.<\/p>\n<p>VI\u010c\u00cdK:<br \/>\nOno se nab\u00edz\u00ed, \u017ee je to takovej jako\u017ee sladkej happyend, ale ani n\u00e1hodou. To, co, to, co je te\u010f, to, kde je te\u010f, je pro n\u00e1s v podstat\u011b takov\u00fd polo\u010das. My jsme se od za\u010d\u00e1tku sna\u017eili, aby Kuba nestr\u00e1vil sv\u016fj \u017eivot po \u00fastavech.<br \/>\n30. srpna. S Kubou u\u017e nem\u016f\u017eu pracovat. Podm\u00ednky mi to neumo\u017e\u0148uj\u00ed. Jsem unaven\u00fd z toho, \u017ee b\u011bhem tohohle dobrodru\u017estv\u00ed zvan\u00e9ho Kuba jsme pro n\u011bj n\u011bkolikr\u00e1t m\u011bli rozjednanou mo\u017enost rodiny. Tahle mo\u017enost se v\u017edy pod n\u011bjakou z\u00e1minkou smetla ze stolu. Hled\u00e1n\u00ed a nalezen\u00ed n\u00e1hradn\u00ed rodiny pro mal\u00e9ho autistu je pro \u00fa\u0159ady neatraktivn\u00ed \u010dinnost, zd\u00e1 se.<\/p>\n<p>Pavel PODIV\u00cdNSK\u00dd, Odbor soci\u00e1ln\u00edch v\u011bc\u00ed, Olomouck\u00fd kraj:<br \/>\nSamoz\u0159ejm\u011b m\u00e1me je\u0161t\u011b dal\u0161\u00ed mo\u017enosti, hled\u00e1me, m\u00e1me Jakuba v evidenci pro pot\u0159eby n\u00e1hradn\u00ed rodinn\u00e9 p\u00e9\u010de, hled\u00e1me mo\u017enosti, ale samoz\u0159ejm\u011b ta situace jeho je specifick\u00e1, tak\u017ee samoz\u0159ejm\u011b je to komplikovan\u011bj\u0161\u00ed.<br \/>\nJe to samoz\u0159ejm\u011b \u00fakol velmi nesnadn\u00fd, proto\u017ee s ohledem na evidenci p\u011bstoun\u016f, kter\u00e9 v sou\u010dasn\u00e9 dob\u011b m\u00e1me, tak se n\u00e1m zat\u00edm nepoda\u0159ilo naj\u00edt vhodn\u00e9, vhodn\u00e9 p\u011bstouny pro, pro Kubu.<\/p>\n<p>VI\u010c\u00cdK:<br \/>\nZ\u00e1\u0159\u00ed 2014. Mark\u00e9ta se sna\u017e\u00ed o ustaven\u00ed opatrovnick\u00e9 rady dohl\u00ed\u017eej\u00edc\u00ed na kroky, kter\u00e9 jsou ohledn\u011b Kuby podnik\u00e1ny ze strany OSPODu Prost\u011bjov, Kubov\u00fdm z\u00e1konn\u00fdm z\u00e1stupcem.<br \/>\nOpatrovnick\u00e1 rada je novinka sou\u010dasn\u00e9ho ob\u010dansk\u00e9ho z\u00e1kon\u00edku. Je to odborn\u00fd t\u00fdm tvo\u0159en\u00fd psychology, soci\u00e1ln\u00edmi pracovn\u00edky a pro\u0161kolen\u00fdmi asistenty, kter\u00fd d\u00edky konkr\u00e9tn\u00edmu osobn\u00edmu z\u00e1jmu m\u016f\u017ee n\u00e1hradn\u00ed rodinu pro mal\u00e9ho Jakuba hledat mnohem intenzivn\u011bji ne\u017e \u00fa\u0159edn\u00edci. Slo\u017een\u00ed takov\u00e9 rady schvaluje soud. Okresn\u00ed soud v Prost\u011bjov\u011b ale n\u00e1vrh Mark\u00e9ty Jandekov\u00e9 zam\u00edtl.<\/p>\n<p>Petr VRT\u011aL, p\u0159edseda Okresn\u00edho soudu v Prost\u011bjov\u011b:<br \/>\nUsnesen\u00ed zdej\u0161\u00edho soudu \u0159e\u0161ilo pouze to, zda osoba, kter\u00e1 podala n\u00e1vrh na svol\u00e1n\u00ed opatrovnick\u00e9 \u010di poru\u010dnick\u00e9 rady, je tou osobou opr\u00e1vn\u011bnou. Sama navrhovatelka podle z\u00e1v\u011bru soudu takovou osobou bl\u00edzkou nen\u00ed, a proto tento n\u00e1vrh byl zam\u00edtnut.<\/p>\n<p>Mark\u00e9ta JANDEKOV\u00c1, p\u0159edsedkyn\u011b sdru\u017een\u00ed Jdeme autist\u016fm naproti:<br \/>\nPokud to m\u00e1m n\u011bjak laicky shrnout, jde o to, \u017ee j\u00e1 nejsem osoba bl\u00edzk\u00e1 v Kub\u00edkov\u011b \u017eivot\u011b, tud\u00ed\u017e si nem\u016f\u017eu \u010dinit n\u00e1roky na to, abych d\u00e1l spolurozhodovala o jeho dal\u0161\u00edm v\u00fdvoji.<\/p>\n<p>VI\u010c\u00cdK,:<br \/>\n\u017d\u00e1dost byla zam\u00edtnuta s od\u016fvodn\u011bn\u00edm, \u017ee my, kte\u0159\u00ed bychom byli v t\u00e9to rad\u011b, nejsme v\u016f\u010di Kubovi osoby bl\u00edzk\u00e9. Nev\u00edm teda, kdo je, vzhledem k tomu, \u017ee se ho matka vzdala hned po narozen\u00ed. Paradoxn\u00ed je, \u017ee kdy\u017e jsme Kubu dost\u00e1vali z bl\u00e1zince, byli jsme na\u0159knuti z toho, \u017ee nejedn\u00e1me profesion\u00e1ln\u011b, proto\u017ee jsme si ke Kubovi vytvo\u0159ili osobn\u00ed, p\u0159\u00edli\u0161 bl\u00edzk\u00fd vztah. N\u00e1\u0161 vztah k n\u011bmu se vysv\u011btluje podle toho, co se pr\u00e1v\u011b hod\u00ed. Smutn\u00e9.<br \/>\nZtr\u00e1ta nad\u011bje je i c\u00edtit i z nov\u00e9 p\u00edsn\u011b, kterou Roman Vi\u010d\u00edk pr\u00e1v\u011b te\u010f dokon\u010duje.<\/p>\n<p>VI\u010c\u00cdK,:<br \/>\nJak\u00e1 je Kubova budoucnost? Co by bylo, co by bylo pova\u017eov\u00e1no za happyend? J\u00e1 s\u00e1m za sebe m\u016f\u017eu \u0159\u00edct, \u017ee sk\u00e1lopevn\u011b v\u011b\u0159\u00edm, \u017ee je tu nad\u011bje na to, aby se dostal do rodiny. Jestli si to mysl\u00ed i z\u00e1kon nebo st\u00e1tn\u00ed apar\u00e1t, je ot\u00e1zka.<\/p>\n<p>zkr\u00e1cen\u00fd z\u00e1znam invArena<\/p>\n","protected":false},"excerpt":{"rendered":"<div class=\"mh-excerpt\"><p>Jde o mal\u00e9ho autistick\u00e9ho chlapce, kter\u00fd se po necitliv\u00e9m z\u00e1sahu \u00fa\u0159edn\u00edk\u016f ocitl mezi dosp\u011bl\u00fdmi v \u00fastavu pro ment\u00e1ln\u011b posti\u017een\u00e9. To ho odtrhlo od jeho asistenta, <a class=\"mh-excerpt-more\" href=\"https:\/\/www.invarena.cz\/?p=18705\" title=\"Hled\u00e1 se rodina pro mal\u00e9ho autistu\">[&#8230;]<\/a><\/p>\n<\/div>","protected":false},"author":1,"featured_media":18794,"comment_status":"open","ping_status":"closed","sticky":false,"template":"","format":"standard","meta":{"footnotes":""},"categories":[7],"tags":[],"class_list":["post-18705","post","type-post","status-publish","format-standard","has-post-thumbnail","hentry","category-spolecnost"],"_links":{"self":[{"href":"https:\/\/www.invarena.cz\/index.php?rest_route=\/wp\/v2\/posts\/18705","targetHints":{"allow":["GET"]}}],"collection":[{"href":"https:\/\/www.invarena.cz\/index.php?rest_route=\/wp\/v2\/posts"}],"about":[{"href":"https:\/\/www.invarena.cz\/index.php?rest_route=\/wp\/v2\/types\/post"}],"author":[{"embeddable":true,"href":"https:\/\/www.invarena.cz\/index.php?rest_route=\/wp\/v2\/users\/1"}],"replies":[{"embeddable":true,"href":"https:\/\/www.invarena.cz\/index.php?rest_route=%2Fwp%2Fv2%2Fcomments&post=18705"}],"version-history":[{"count":0,"href":"https:\/\/www.invarena.cz\/index.php?rest_route=\/wp\/v2\/posts\/18705\/revisions"}],"wp:featuredmedia":[{"embeddable":true,"href":"https:\/\/www.invarena.cz\/index.php?rest_route=\/wp\/v2\/media\/18794"}],"wp:attachment":[{"href":"https:\/\/www.invarena.cz\/index.php?rest_route=%2Fwp%2Fv2%2Fmedia&parent=18705"}],"wp:term":[{"taxonomy":"category","embeddable":true,"href":"https:\/\/www.invarena.cz\/index.php?rest_route=%2Fwp%2Fv2%2Fcategories&post=18705"},{"taxonomy":"post_tag","embeddable":true,"href":"https:\/\/www.invarena.cz\/index.php?rest_route=%2Fwp%2Fv2%2Ftags&post=18705"}],"curies":[{"name":"wp","href":"https:\/\/api.w.org\/{rel}","templated":true}]}}