{"id":18709,"date":"2014-12-02T23:14:03","date_gmt":"2014-12-02T22:14:03","guid":{"rendered":"http:\/\/www.invarena.cz\/?p=18709"},"modified":"2014-12-02T23:14:03","modified_gmt":"2014-12-02T22:14:03","slug":"v-polsku-zachranuji-dvoulete-dite-jez-prezilo-venku-mrazivou-noc","status":"publish","type":"post","link":"https:\/\/www.invarena.cz\/?p=18709","title":{"rendered":"V Polsku zachra\u0148uj\u00ed dvoulet\u00e9 d\u00edt\u011b, je\u017e p\u0159e\u017eilo venku mrazivou noc"},"content":{"rendered":"<p><strong>L\u00e9ka\u0159i se sna\u017e\u00ed zachr\u00e1nit dvoulet\u00e9ho chlapce, kter\u00fd byl nalezen na jihu Polska v bezv\u011bdom\u00ed pot\u00e9, co venku str\u00e1vil mrazivou noc jen v pono\u017ek\u00e1ch a py\u017eamov\u00e9m kab\u00e1tku. Informovala o tom dnes agentura AP. <\/strong><!--more--><\/p>\n<p><strong>L\u00e9ka\u0159 Janusz Skalski z d\u011btsk\u00e9 nemocnice v Krakov\u011b uvedl, \u017ee chlapce hospitalizovali v ned\u011bli. Jeho t\u011blo m\u011blo v t\u00e9 chv\u00edli teplotu 12 stup\u0148\u016f Celsia a jeho srdce bilo v intervalu n\u011bkolika des\u00edtek vte\u0159in.<\/strong><\/p>\n<p>Teplota d\u00edt\u011bte byla podle Skalsk\u00e9ho postupn\u011b zv\u00fd\u0161ena na t\u00e9m\u011b\u0159 norm\u00e1ln\u00edch 36 stup\u0148\u016f Celsia a poda\u0159ilo se tak\u00e9 obnovit b\u011b\u017en\u00fd tep, stav chlapce je ale st\u00e1le nejist\u00fd. Z\u016fst\u00e1v\u00e1 napojen na d\u00fdchac\u00ed p\u0159\u00edstroj, ale jeho ledviny, j\u00e1tra, st\u0159eva a pl\u00edce pr\u00fd funguj\u00ed spr\u00e1vn\u011b.<\/p>\n<p>Dokto\u0159i dnes za\u010dali hocha pomalu probouzet z um\u011bl\u00e9ho sp\u00e1nku. &#8222;Byl by to naprost\u00fd z\u00e1zrak, kdyby se to d\u00edt\u011b zachr\u00e1nilo bez jak\u00fdchkoli negativn\u00edch n\u00e1sledk\u016f,&#8220; citovala AP Skalsk\u00e9ho, podle n\u011bho\u017e st\u00e1le nen\u00ed jasn\u00e9, zda se chlapec uzdrav\u00ed.<\/p>\n<p>V ned\u011bli r\u00e1no ho ve vesnici Raclawice u Krakova na\u0161el m\u00edstn\u00ed policista Michal Godyn. Chlapec le\u017eel obli\u010dejem dol\u016f na list\u00ed pod stromem u potoka. Tu noc klesla venkovn\u00ed teplota na minus sedm stup\u0148\u016f Celsia.<\/p>\n<p>Chlapec tr\u00e1vil sobotn\u00ed ve\u010der se dv\u011bma dal\u0161\u00edmi d\u011btmi u babi\u010dky. Ta uvedla, \u017ee nevid\u011bla vnuka z domu odch\u00e1zet, ale vchodov\u00e9 dve\u0159e nebyly zam\u010den\u00e9. Hoch podle Godyna z\u016fstal n\u011bkolik stovek metr\u016f od babi\u010d\u010dina domu na cest\u011b sm\u011brem k domovu.<\/p>\n","protected":false},"excerpt":{"rendered":"<div class=\"mh-excerpt\"><p>L\u00e9ka\u0159i se sna\u017e\u00ed zachr\u00e1nit dvoulet\u00e9ho chlapce, kter\u00fd byl nalezen na jihu Polska v bezv\u011bdom\u00ed pot\u00e9, co venku str\u00e1vil mrazivou noc jen v pono\u017ek\u00e1ch a py\u017eamov\u00e9m <a class=\"mh-excerpt-more\" href=\"https:\/\/www.invarena.cz\/?p=18709\" title=\"V Polsku zachra\u0148uj\u00ed dvoulet\u00e9 d\u00edt\u011b, je\u017e p\u0159e\u017eilo venku mrazivou noc\">[&#8230;]<\/a><\/p>\n<\/div>","protected":false},"author":1,"featured_media":0,"comment_status":"open","ping_status":"closed","sticky":false,"template":"","format":"standard","meta":{"footnotes":""},"categories":[9],"tags":[],"class_list":["post-18709","post","type-post","status-publish","format-standard","hentry","category-zpravy"],"_links":{"self":[{"href":"https:\/\/www.invarena.cz\/index.php?rest_route=\/wp\/v2\/posts\/18709","targetHints":{"allow":["GET"]}}],"collection":[{"href":"https:\/\/www.invarena.cz\/index.php?rest_route=\/wp\/v2\/posts"}],"about":[{"href":"https:\/\/www.invarena.cz\/index.php?rest_route=\/wp\/v2\/types\/post"}],"author":[{"embeddable":true,"href":"https:\/\/www.invarena.cz\/index.php?rest_route=\/wp\/v2\/users\/1"}],"replies":[{"embeddable":true,"href":"https:\/\/www.invarena.cz\/index.php?rest_route=%2Fwp%2Fv2%2Fcomments&post=18709"}],"version-history":[{"count":0,"href":"https:\/\/www.invarena.cz\/index.php?rest_route=\/wp\/v2\/posts\/18709\/revisions"}],"wp:attachment":[{"href":"https:\/\/www.invarena.cz\/index.php?rest_route=%2Fwp%2Fv2%2Fmedia&parent=18709"}],"wp:term":[{"taxonomy":"category","embeddable":true,"href":"https:\/\/www.invarena.cz\/index.php?rest_route=%2Fwp%2Fv2%2Fcategories&post=18709"},{"taxonomy":"post_tag","embeddable":true,"href":"https:\/\/www.invarena.cz\/index.php?rest_route=%2Fwp%2Fv2%2Ftags&post=18709"}],"curies":[{"name":"wp","href":"https:\/\/api.w.org\/{rel}","templated":true}]}}