{"id":18735,"date":"2014-12-04T08:53:56","date_gmt":"2014-12-04T07:53:56","guid":{"rendered":"http:\/\/www.invarena.cz\/?p=18735"},"modified":"2014-12-04T08:54:17","modified_gmt":"2014-12-04T07:54:17","slug":"prach-v-ovzdusi-prerova-prekracuje-trojnasobne-povoleny-limit","status":"publish","type":"post","link":"https:\/\/www.invarena.cz\/?p=18735","title":{"rendered":"Prach v P\u0159erov\u011b p\u0159ekra\u010duje trojn\u00e1sobn\u011b limit"},"content":{"rendered":"<p><strong>V P\u0159erov\u011b jsou trojn\u00e1sobn\u011b p\u0159ekro\u010deny limity koncentrace pol\u00e9tav\u00e9ho prachu. Situace se tam postupn\u011b zhor\u0161uje od \u00fatern\u00edho podve\u010dera. Aktu\u00e1ln\u00ed hodnoty dnes r\u00e1no ve m\u011bst\u011b p\u0159ekra\u010dovaly hodnoty dokonce \u010dty\u0159n\u00e1sobn\u011b.<\/strong> <!--more--><\/p>\n<p>Vypl\u00fdv\u00e1 to z informac\u00ed \u010cesk\u00e9ho hydrometeorologick\u00e9ho \u00fastavu (\u010cHM\u00da). P\u0159erovsk\u00fd magistr\u00e1t ji\u017e ve st\u0159edu vyzval obyvatele, aby omezili pohyb venku a v\u011btr\u00e1n\u00ed. Situace se podle odborn\u00edk\u016f nezlep\u0161\u00ed ani v p\u0159\u00ed\u0161t\u00edch hodin\u00e1ch. Limity jsou p\u0159ekro\u010deny dvojn\u00e1sobn\u011b tako v Olomouci a Prost\u011bjov\u011b.<br \/>\n&#8222;V P\u0159erov\u011b je nyn\u00ed \u010dty\u0159iadvacetihodinov\u00e1 koncentrace pol\u00e9tav\u00e9ho prachu na hodnot\u011b 149 mikrogram\u016f. Rozptylov\u00e9 podm\u00ednky jsou m\u00edrn\u011b nep\u0159\u00edzniv\u00e9 a\u017e nep\u0159\u00edzniv\u00e9. Je p\u0159edpoklad, \u017ee se b\u011bhem 24 hodin nezlep\u0161\u00ed,&#8220; \u0159ekl dnes \u010cTK Zbyn\u011bk N\u00e1vrat z ostravsk\u00e9ho pracovi\u0161t\u011b \u010cHM\u00da. Hodinov\u00e1 koncentrace se dnes r\u00e1no ve m\u011bst\u011b pohybovala na 193 mikrogramech pol\u00e9tav\u00e9ho prachu na metr krychlov\u00fd. Limit je 50 mikrogram\u016f. Situaci v P\u0159erov\u011b ozna\u010duj\u00ed meteorologov\u00e9 nyn\u00ed jako velmi \u0161patnou.<br \/>\nZa \u0161patnou ozna\u010duj\u00ed odborn\u00edci tak\u00e9 situaci v Olomouci a v Prost\u011bjov\u011b. V krajsk\u00e9m m\u011bst\u011b je nyn\u00ed denn\u00ed koncentrace na hodnot\u011b 114 mikrogram\u016f, aktu\u00e1ln\u00ed hodnoty jsou p\u0159ekro\u010deny dvojn\u00e1sobn\u011b. Obdobn\u00e1 situace je tak\u00e9 v Prost\u011bjov\u011b. Naproti tomu v Jesen\u00edku se denn\u00ed koncentrace prachu pohybuj\u00ed na 28 mikrogramech.<br \/>\nVeden\u00ed P\u0159erova kv\u016fli \u0161patn\u00e9mu ovzdu\u0161\u00ed ji\u017e ve st\u0159edu upozornilo prost\u0159ednictv\u00edm SMS zpr\u00e1v i informac\u00ed na webu <a href=\"https:\/\/ib.ctk.cz\/Infobanka\/vysl\/zprav\/zprav_d.asp?LogQueryID=33918761&amp;radek=1&amp;skupina=aktu&amp;celkz=20&amp;prvni=1&amp;zalozka=3\" target=\"_blank\">www.prerov.eu<\/a> sv\u00e9 obyvatele, aby p\u0159edev\u0161\u00edm r\u00e1no a ve\u010der a\u017e do odvol\u00e1n\u00ed omezili pohyb venku, fyzickou pr\u00e1ci venku, ale i v\u011btr\u00e1n\u00ed. M\u011bsto lidem tak\u00e9 doporu\u010duje, aby omezili pou\u017e\u00edv\u00e1n\u00ed osobn\u00edch automobil\u016f a nespalovali odpady ani nekvalitn\u00ed paliva.<br \/>\nSe \u0161patn\u00fdm ovzdu\u0161\u00edm se P\u0159erov pot\u00fdk\u00e1 dlouhodob\u011b. Na vin\u011b je i zdej\u0161\u00ed p\u0159et\u00ed\u017een\u00e1 doprava. Zdej\u0161\u00ed nov\u00e9 veden\u00ed radnice chce prosadit b\u011bhem volebn\u00edho obdob\u00ed zaveden\u00ed autobusov\u00e9 dopravy zdarma v obdob\u00ed smogov\u00e9 situace. Deklaruje to ve sv\u00e9m programov\u00e9m prohl\u00e1\u0161en\u00ed.<\/p>\n","protected":false},"excerpt":{"rendered":"<div class=\"mh-excerpt\"><p>V P\u0159erov\u011b jsou trojn\u00e1sobn\u011b p\u0159ekro\u010deny limity koncentrace pol\u00e9tav\u00e9ho prachu. Situace se tam postupn\u011b zhor\u0161uje od \u00fatern\u00edho podve\u010dera. Aktu\u00e1ln\u00ed hodnoty dnes r\u00e1no ve m\u011bst\u011b p\u0159ekra\u010dovaly hodnoty <a class=\"mh-excerpt-more\" href=\"https:\/\/www.invarena.cz\/?p=18735\" title=\"Prach v P\u0159erov\u011b p\u0159ekra\u010duje trojn\u00e1sobn\u011b limit\">[&#8230;]<\/a><\/p>\n<\/div>","protected":false},"author":1,"featured_media":0,"comment_status":"open","ping_status":"closed","sticky":false,"template":"","format":"standard","meta":{"footnotes":""},"categories":[9],"tags":[],"class_list":["post-18735","post","type-post","status-publish","format-standard","hentry","category-zpravy"],"_links":{"self":[{"href":"https:\/\/www.invarena.cz\/index.php?rest_route=\/wp\/v2\/posts\/18735","targetHints":{"allow":["GET"]}}],"collection":[{"href":"https:\/\/www.invarena.cz\/index.php?rest_route=\/wp\/v2\/posts"}],"about":[{"href":"https:\/\/www.invarena.cz\/index.php?rest_route=\/wp\/v2\/types\/post"}],"author":[{"embeddable":true,"href":"https:\/\/www.invarena.cz\/index.php?rest_route=\/wp\/v2\/users\/1"}],"replies":[{"embeddable":true,"href":"https:\/\/www.invarena.cz\/index.php?rest_route=%2Fwp%2Fv2%2Fcomments&post=18735"}],"version-history":[{"count":0,"href":"https:\/\/www.invarena.cz\/index.php?rest_route=\/wp\/v2\/posts\/18735\/revisions"}],"wp:attachment":[{"href":"https:\/\/www.invarena.cz\/index.php?rest_route=%2Fwp%2Fv2%2Fmedia&parent=18735"}],"wp:term":[{"taxonomy":"category","embeddable":true,"href":"https:\/\/www.invarena.cz\/index.php?rest_route=%2Fwp%2Fv2%2Fcategories&post=18735"},{"taxonomy":"post_tag","embeddable":true,"href":"https:\/\/www.invarena.cz\/index.php?rest_route=%2Fwp%2Fv2%2Ftags&post=18735"}],"curies":[{"name":"wp","href":"https:\/\/api.w.org\/{rel}","templated":true}]}}