{"id":18752,"date":"2014-12-08T08:13:51","date_gmt":"2014-12-08T07:13:51","guid":{"rendered":"http:\/\/www.invarena.cz\/?p=18752"},"modified":"2014-12-08T08:14:41","modified_gmt":"2014-12-08T07:14:41","slug":"delfin-v-aquacentru-udelal-radost-vsem-vozickarum","status":"publish","type":"post","link":"https:\/\/www.invarena.cz\/?p=18752","title":{"rendered":"Delf\u00edn v Aquacentru ud\u011blal radost v\u0161em voz\u00ed\u010dk\u00e1\u0159\u016fm"},"content":{"rendered":"<p><strong>Pot\u0159ebn\u00fd d\u00e1rek k Evropsk\u00e9mu dnu posti\u017een\u00fdch \u2013 p\u0159ed\u00e1n\u00ed dvou nov\u00fdch zved\u00e1k\u016f typu Delf\u00edn u baz\u00e9n\u016f v Pardubick\u00e9m Aquacentru.<br \/>\n<\/strong><!--more--><\/p>\n<p>&#8222;Jsem nesm\u00edrn\u011b r\u00e1d, \u017ee se kone\u010dn\u011b poda\u0159ilo dot\u00e1hnout do konce nep\u0159\u00edjemnou situaci a v\u0161ichni budeme m\u00edt mo\u017enost bez obav chodit plavat,&#8220; s radost\u00ed konstatoval Jarom\u00edr Krp\u00e1lek, jednatel \u010cesk\u00e9 abilympijsk\u00e9 asociace, kter\u00fd byl inici\u00e1torem zlep\u0161en\u00ed st\u00e1vaj\u00edc\u00edho nedobr\u00e9ho stavu.<\/p>\n<p>&#8222;K \u00fapln\u00e9 spokojenosti chyb\u00ed je\u0161t\u011b t\u0159et\u00ed zved\u00e1k, kter\u00fd by byl u venkovn\u00edho baz\u00e9nu.&#8220; Pardubick\u00e9 Aquacentrum po sv\u00e9m znovuotev\u0159en\u00ed nenab\u00eddlo posti\u017een\u00fdm odpov\u00eddaj\u00edc\u00ed podm\u00ednky \u2013 st\u00e1vaj\u00edc\u00ed zved\u00e1k, kter\u00fd voz\u00ed\u010dk\u00e1\u0159\u016fm pom\u00e1h\u00e1 dostat se do baz\u00e9nu, nebyl bezpe\u010dn\u00fd. &#8222;Lidi se ob\u00e1vali do Aquacentra jezdit, na star\u00e9m zved\u00e1ku se nec\u00edtili bezpe\u010dn\u011b,&#8220; \u0159ekl Milan Pe\u0161ek, p\u0159edseda Krajsk\u00e9 rady zdravotn\u011b posti\u017een\u00fdch Pardubick\u00e9ho kraje. &#8222;S klienty na\u0161eho handicap centra K\u0159i\u017eovatka jsme proto jezdili do L\u00e1zn\u00ed Bohdane\u010d, kde je u\u017e od srpna tak\u00e9 zved\u00e1k, kter\u00fd pot\u0159ebujeme a vyhovuje n\u00e1m. Jsem proto hrozn\u011b r\u00e1d,\u017ee m\u00e1me odpov\u00eddaj\u00edc\u00ed podm\u00ednky u\u017e i v krajsk\u00e9m m\u011bst\u011b.&#8220;<\/p>\n<p>V\u010derej\u0161\u00ed slavnostn\u00ed p\u0159ed\u00e1n\u00ed dvou zved\u00e1k\u016f Delf\u00edn bylo mil\u00fdm p\u0159\u00edsp\u011bvkem k Evropsk\u00e9m dnu posti\u017een\u00fdch. &#8222;Pod\u00e1vat pomocnou ruku handicapovan\u00fdm beru jako svou povinnost. Dne\u0161n\u00ed slavnostn\u00ed p\u0159ed\u00e1n\u00ed nov\u00fdch zved\u00e1k\u016f k baz\u00e9n\u016fm beru jako z\u00e1vazek k dal\u0161\u00ed spolupr\u00e1ci s lidmi, kte\u0159\u00ed na\u0161i pomoc pot\u0159ebuj\u00ed,&#8220; nechal se sly\u0161et p\u0159\u00edtomn\u00fd Martin Charv\u00e1t, nov\u00fd prim\u00e1tor Pardubic.<\/p>\n<p> &#8222;Bez v\u00fdrazn\u00e9 podpory kraje a m\u011bsta bychom t\u011b\u017eko mohli celou akci, kter\u00e1 p\u0159ijde t\u00e9m\u011b\u0159 na 300 000 korun, zrealizovat,&#8220; sv\u011b\u0159il se Ji\u0159\u00ed Vysoudil, \u0159editel Aquacentra, podle n\u011bj\u017e by nov\u00e9 zved\u00e1ky m\u011bly za\u010d\u00edt naplno fungovat od 20. prosince. &#8222;Pokud se n\u00e1m poda\u0159\u00ed u\u0161et\u0159it dal\u0161\u00ed pen\u00edze, zv\u00e1\u017eili bychom koupi sed\u00e1ku t\u0159et\u00edho, kter\u00fd by byl k dispozici u venkovn\u00edho baz\u00e9nu,&#8220; p\u0159isl\u00edbil Vysoudil.<\/p>\n<p>V sou\u010dasn\u00e9 dob\u011b dojde k vylep\u0161en\u00ed na dvou m\u00edstech \u2013 v pades\u00e1timetrov\u00e9m a v\u00fdukov\u00e9m baz\u00e9nu. V prvn\u00edm p\u0159\u00edpad\u011b by m\u011bla b\u00fdt mont\u00e1\u017e bez probl\u00e9m\u016f. &#8222;Pro v\u00fdukov\u00fd baz\u00e9n n\u00e1m firma musela ud\u011blat upraven\u00fd zved\u00e1k, kter\u00fd reflektuje trochu odi\u0161n\u00e9 rozm\u011bry samotn\u00e9ho zdvihu. Nav\u00edc tady budeme muset ud\u011blat, krom\u011b jeho b\u011b\u017en\u00e9ho ukotven\u00ed, i nov\u00e9 p\u0159\u00edvody vody. V\u0161echno stihneme, budeme d\u011blat za b\u011b\u017en\u00e9ho provozu, tak\u017ee \u017e\u00e1dn\u00e1 odst\u00e1vka nebude nutn\u00e1. Se v\u0161\u00edm za\u010dneme hned ve \u010dtvrtek,&#8220; informoval Pardubick\u00fd den\u00edk Radek Musil, technick\u00fd \u0159editel Aquacentra.<\/p>\n<p>Evropsk\u00fd den posti\u017een\u00fdch v Aquacentru vyvrcholil ve\u010derem rockov\u00e9 hudby. Jam boom \u2013 help fest v bezbari\u00e9rov\u00e9m klubu ABC odehr\u00e1lo v zaj\u00edmav\u00fdch improvizovan\u00fdch aran\u017e\u00edch zdarma v\u00edce ne\u017e dvacet zn\u00e1m\u00fdch pardubick\u00fdch muzikant\u016f. V\u00fdt\u011b\u017eek z tomboly bude v\u011bnov\u00e1n mistryni \u010cR ve stoln\u00edm tenise handicapovan\u00fdch Spomence Hab\u011bt\u00ednkov\u00e9.<\/p>\n<p>http:\/\/pardubicky.denik.cz\/<\/p>\n","protected":false},"excerpt":{"rendered":"<div class=\"mh-excerpt\"><p>Pot\u0159ebn\u00fd d\u00e1rek k Evropsk\u00e9mu dnu posti\u017een\u00fdch \u2013 p\u0159ed\u00e1n\u00ed dvou nov\u00fdch zved\u00e1k\u016f typu Delf\u00edn u baz\u00e9n\u016f v Pardubick\u00e9m Aquacentru.<\/p>\n<\/div>","protected":false},"author":1,"featured_media":13681,"comment_status":"open","ping_status":"closed","sticky":false,"template":"","format":"standard","meta":{"footnotes":""},"categories":[7],"tags":[],"class_list":["post-18752","post","type-post","status-publish","format-standard","has-post-thumbnail","hentry","category-spolecnost"],"_links":{"self":[{"href":"https:\/\/www.invarena.cz\/index.php?rest_route=\/wp\/v2\/posts\/18752","targetHints":{"allow":["GET"]}}],"collection":[{"href":"https:\/\/www.invarena.cz\/index.php?rest_route=\/wp\/v2\/posts"}],"about":[{"href":"https:\/\/www.invarena.cz\/index.php?rest_route=\/wp\/v2\/types\/post"}],"author":[{"embeddable":true,"href":"https:\/\/www.invarena.cz\/index.php?rest_route=\/wp\/v2\/users\/1"}],"replies":[{"embeddable":true,"href":"https:\/\/www.invarena.cz\/index.php?rest_route=%2Fwp%2Fv2%2Fcomments&post=18752"}],"version-history":[{"count":0,"href":"https:\/\/www.invarena.cz\/index.php?rest_route=\/wp\/v2\/posts\/18752\/revisions"}],"wp:featuredmedia":[{"embeddable":true,"href":"https:\/\/www.invarena.cz\/index.php?rest_route=\/wp\/v2\/media\/13681"}],"wp:attachment":[{"href":"https:\/\/www.invarena.cz\/index.php?rest_route=%2Fwp%2Fv2%2Fmedia&parent=18752"}],"wp:term":[{"taxonomy":"category","embeddable":true,"href":"https:\/\/www.invarena.cz\/index.php?rest_route=%2Fwp%2Fv2%2Fcategories&post=18752"},{"taxonomy":"post_tag","embeddable":true,"href":"https:\/\/www.invarena.cz\/index.php?rest_route=%2Fwp%2Fv2%2Ftags&post=18752"}],"curies":[{"name":"wp","href":"https:\/\/api.w.org\/{rel}","templated":true}]}}