{"id":18768,"date":"2014-12-05T10:50:55","date_gmt":"2014-12-05T09:50:55","guid":{"rendered":"http:\/\/www.invarena.cz\/?p=18768"},"modified":"2014-12-05T11:19:44","modified_gmt":"2014-12-05T10:19:44","slug":"cssz-objasnuje-nejedny-myty-o-invalidnich-duchodech","status":"publish","type":"post","link":"https:\/\/www.invarena.cz\/?p=18768","title":{"rendered":"\u010cSSZ objas\u0148uje nejedny m\u00fdty o invalidn\u00edch d\u016fchodech"},"content":{"rendered":"<p><strong>\u00daraz nebo v\u00e1\u017en\u00e1 nemoc bohu\u017eel mohou zas\u00e1hnout do \u017eivota ka\u017ed\u00e9ho z n\u00e1s. A n\u011bkdy s tak v\u00e1\u017en\u00fdmi n\u00e1sledky, kter\u00e9 vedou a\u017e k invalidit\u011b. Lid\u00e9 v t\u00e9to slo\u017eit\u00e9 \u017eivotn\u00ed situaci \u010dasto vych\u00e1z\u00ed z m\u00fdt\u016f, kter\u00e9 kolem invalidn\u00edch d\u016fchod\u016f panuj\u00ed. Jak\u00e9 polopravdy jsou nej\u010dast\u011bj\u0161\u00ed? <\/strong><br \/>\n<!--more--><\/p>\n<p><em>ilustra\u010dn\u00ed foto:\u00a0 PhotoRack<\/em><\/p>\n<p><strong>1. Pokud jsem byl uzn\u00e1n invalidn\u00edm, mus\u00ed mi b\u00fdt p\u0159izn\u00e1n invalidn\u00ed d\u016fchod.<\/strong><br \/>\nNikoliv. N\u00e1rok na invalidn\u00ed d\u016fchod nenastane automaticky s uznanou invaliditou. N\u00e1rok na n\u011bj vznikne ob\u010danovi, kter\u00fd se stal podle posudku posudkov\u00e9ho l\u00e9ka\u0159e okresn\u00ed spr\u00e1vy soci\u00e1ln\u00edho zabezpe\u010den\u00ed (OSSZ) invalidn\u00edm pro invaliditu prvn\u00edho, druh\u00e9ho nebo t\u0159et\u00edho stupn\u011b a sou\u010dasn\u011b z\u00edskal pot\u0159ebnou dobu poji\u0161t\u011bn\u00ed stanovenou z\u00e1konem o d\u016fchodov\u00e9m poji\u0161t\u011bn\u00ed. Z\u00edsk\u00e1n\u00ed pot\u0159ebn\u00e9 doby poji\u0161t\u011bn\u00ed se nevy\u017eaduje jedin\u011b v p\u0159\u00edpad\u011b, kdy invalidita vznikla n\u00e1sledkem pracovn\u00edho \u00farazu nebo nemoci z povol\u00e1n\u00ed. Z\u00e1kon neumo\u017e\u0148uje, aby invalidn\u00ed d\u016fchod byl p\u0159izn\u00e1n tomu, kdo ji\u017e dos\u00e1hl v\u011bku 65 let nebo splnil podm\u00ednky pro \u201e\u0159\u00e1dn\u00fd\u201c starobn\u00ed d\u016fchod. V t\u011bchto p\u0159\u00edpadech maj\u00ed lid\u00e9 mo\u017enost po\u017e\u00e1dat o starobn\u00ed d\u016fchod.<\/p>\n<p>Pracovn\u00edci OSSZ a \u010cSSZ v praxi pom\u011brn\u011b \u010dasto \u0159e\u0161\u00ed p\u0159\u00edpady, kdy sice \u010dlov\u011bk byl uzn\u00e1n invalidn\u00edm, ale invalidn\u00ed d\u016fchod mu nemohl b\u00fdt p\u0159izn\u00e1n z toho d\u016fvodu, \u017ee nesplnil d\u016fle\u017eitou podm\u00ednku pot\u0159ebn\u00e9 doby poji\u0161t\u011bn\u00ed. Pokud takov\u00fd \u010dlov\u011bk z\u016fstane bez p\u0159\u00edjmu, lze mu doporu\u010dit, aby se obr\u00e1til na p\u0159\u00edslu\u0161n\u00e9 kontaktn\u00ed pracovi\u0161t\u011b krajsk\u00e9 pobo\u010dky \u00da\u0159adu pr\u00e1ce \u010cR. V jeho p\u016fsobnosti je v\u00fdplata d\u00e1vek st\u00e1tn\u00ed soci\u00e1ln\u00ed podpory, d\u00e1vek pro osoby se zdravotn\u00edm posti\u017een\u00edm a pomoci v hmotn\u00e9 nouzi. N\u011bkter\u00e9 situace, kdy byla zam\u00edtnuta \u017e\u00e1dost o d\u016fchod pro nespln\u011bn\u00ed podm\u00ednky pot\u0159ebn\u00e9 doby poji\u0161t\u011bn\u00ed, lze \u0159e\u0161it pomoc\u00ed doplacen\u00ed dobrovoln\u00e9ho d\u016fchodov\u00e9ho poji\u0161t\u011bn\u00ed. \u00da\u010dast na dobrovoln\u00e9m d\u016fchodov\u00e9m poji\u0161t\u011bn\u00ed m\u016f\u017ee tak\u00e9 pomoci k z\u00edsk\u00e1n\u00ed n\u00e1roku na d\u016fchod v budoucnu. Odbornou pomoc v t\u011bchto p\u0159\u00edpadech poskytnou v\u017edy pracovn\u00edci OSSZ.<\/p>\n<p><strong>2. O invalidit\u011b rozhoduje diagn\u00f3za.<\/strong><br \/>\nNerozhoduje. Invalidita je definov\u00e1na jako pokles pracovn\u00ed schopnosti, kter\u00fd nastal z d\u016fvodu dlouhodob\u011b nep\u0159\u00edzniv\u00e9ho zdravotn\u00edho stavu, a to nejm\u00e9n\u011b o 35 %. Invaliditu, resp. jej\u00ed stupe\u0148 stanov\u00ed posudkov\u00fd l\u00e9ka\u0159 OSSZ na z\u00e1klad\u011b posouzen\u00ed zdravotn\u00edho stavu z dolo\u017een\u00fdch l\u00e9ka\u0159sk\u00fdch zpr\u00e1v. Podle m\u00edry poklesu pracovn\u00ed schopnosti jsou pak rozli\u0161ov\u00e1ny t\u0159i stupn\u011b invalidity. Posouzen\u00ed invalidity je \u00fazce specializovan\u00fd proces, zdravotn\u00ed posti\u017een\u00ed (stanoven\u00e9 diagn\u00f3zy) mus\u00ed posudkov\u00fd l\u00e9ka\u0159 hodnotit jak jednotliv\u011b, tak ve vz\u00e1jemn\u00fdch souvislostech. \u010cili nehodnot\u00ed se posti\u017een\u00ed nebo diagn\u00f3za, ale jejich funk\u010dn\u00ed dopad na pokles pracovn\u00ed schopnosti (v p\u0159\u00edpad\u011b invalidn\u00edho d\u016fchodu).<\/p>\n<p><strong>3. Pot\u0159ebn\u00e1 doba poji\u0161t\u011bn\u00ed po n\u00e1rok na invalidn\u00ed d\u016fchod \u010din\u00ed 5 let.<\/strong><br \/>\nNeplat\u00ed v\u017edy. Podm\u00ednka doby poji\u0161t\u011bn\u00ed pro p\u0159izn\u00e1n\u00ed invalidn\u00edho d\u016fchodu je z\u00e1visl\u00e1 na v\u011bku \u017eadatele. U lid\u00ed ve v\u011bku nad 28 let \u010din\u00ed pot\u0159ebn\u00e1 doba poji\u0161t\u011bn\u00ed 5 rok\u016f a zji\u0161\u0165uje se z posledn\u00edch deseti rok\u016f p\u0159ed vznikem invalidity. U osob ve v\u011bku do 28 let je pot\u0159ebn\u00e1 doba poji\u0161t\u011bn\u00ed krat\u0161\u00ed (u osoby do 20 let je krat\u0161\u00ed ne\u017e 1 rok, u osoby od 20 do 22 let alespo\u0148 1 rok, u osoby od 22 do 24 let alespo\u0148 2 roky, osoby od 24 do 26 let alespo\u0148 3 roky a u osoby od 26 do 28 let alespo\u0148 4 roky). Podm\u00ednka pot\u0159ebn\u00e9 doby poji\u0161t\u011bn\u00ed se pova\u017euje za spln\u011bnou t\u00e9\u017e, byla-li tato doba z\u00edsk\u00e1na v kter\u00e9mkoli obdob\u00ed 10 rok\u016f dokon\u010den\u00e9m po vzniku invalidity. U lid\u00ed star\u0161\u00edch 38 let je p\u0159i nespln\u011bn\u00ed t\u00e9to podm\u00ednky mo\u017en\u00e9 splnit podm\u00ednku pot\u0159ebn\u00e9 doby poji\u0161t\u011bn\u00ed 10 let v obdob\u00ed posledn\u00edch 20 let p\u0159ed vznikem invalidity (v takov\u00e9m p\u0159\u00edpad\u011b ov\u0161em nelze pot\u0159ebnou dobu hledat v obdob\u00ed dokon\u010den\u00e9m po vzniku invalidity).<br \/>\nPot\u0159ebnou dobu lze z\u00edskat kdykoliv v pr\u016fb\u011bhu z\u00e1konem stanoven\u00e9ho obdob\u00ed, nemus\u00ed b\u00fdt tedy z\u00edsk\u00e1na bez p\u0159eru\u0161en\u00ed.<\/p>\n<p>P\u0159\u00edklad 1: Ob\u010dan narozen\u00fd 5. 12. 1974 byl uzn\u00e1n invalidn\u00edm pro invaliditu II. stupn\u011b. Vznik invalidity byl stanoven od 1. 11. 2014. Vzhledem k tomu, \u017ee jde o osobu star\u0161\u00ed 28 let, pot\u0159ebn\u00e1 doba poji\u0161t\u011bn\u00ed 5 rok\u016f se zji\u0161\u0165uje bu\u010f z posledn\u00edch 10 let p\u0159ed vznikem invalidity, anebo z desetilet\u00e9ho obdob\u00ed ukon\u010den\u00e9ho po vzniku invalidity. Poji\u0161t\u011bnec z\u00edskal ke dni vzniku invalidity pouze 4 roky a 300 dn\u016f. Chyb\u00ed mu tedy do pot\u0159ebn\u00e9 doby poji\u0161t\u011bn\u00ed 65 dn\u016f:<br \/>\na) chyb\u011bj\u00edc\u00edch 65 dn\u016f m\u016f\u017ee z\u00edskat doplacen\u00edm dobrovoln\u00e9 d\u016fchodov\u00e9ho poji\u0161t\u011bn\u00ed a to v rozhodn\u00e9m obdob\u00ed p\u0159ed vznikem invalidity, tj. od 1. 11. 2004 do 31. 10. 2014 ;<br \/>\nb) chyb\u011bj\u00edc\u00ed dobu poji\u0161t\u011bn\u00ed m\u016f\u017ee tak\u00e9 odpracovat po vzniku invalidity, tj. po 1. 11. 2014. V tomto p\u0159\u00edpad\u011b se bude pot\u0159ebn\u00e1 doba 5 rok\u016f poji\u0161t\u011bn\u00ed zji\u0161\u0165ovat z posledn\u00edch 10 let ode dne, kdy si chyb\u011bj\u00edc\u00ed dobu odpracoval. Bude-li pot\u0159ebn\u00e1 doba poji\u0161t\u011bn\u00ed z\u00edsk\u00e1na nap\u0159. 10. 1. 2015, rozhodn\u00e9 desetilet\u00e9 obdob\u00ed bude stanoveno od 10. 1. 2005 do 9. 1. 2015.<\/p>\n<p>P\u0159\u00edklad 2: Ob\u010dan narozen\u00fd 7. 11. 1969 byl uzn\u00e1n invalidn\u00edm pro invaliditu I. stupn\u011b se vznikem invalidity od 10. 6. 2014. Poji\u0161t\u011bnec nez\u00edskal pot\u0159ebnou dobu poji\u0161t\u011bn\u00ed (5 rok\u016f v desetilet\u00e9m obdob\u00ed). Vzhledem k tomu, \u017ee se jedn\u00e1 o ob\u010dana star\u0161\u00edho 38 let, podm\u00ednka pro n\u00e1rok na invalidn\u00ed d\u016fchod se bude pova\u017eovat t\u00e9\u017e za spln\u011bnou, jestli\u017ee bude z\u00edsk\u00e1na doba poji\u0161t\u011bn\u00ed alespo\u0148 10 rok\u016f z posledn\u00edch 20 let p\u0159ed vznikem invalidity. Poji\u0161t\u011bnec v rozhodn\u00e9m obdob\u00ed (10. 6. 1994 \u2013 9. 6. 2014) z\u00edskal 11 rok\u016f a 120 dn\u016f. V tomto p\u0159\u00edpad\u011b tud\u00ed\u017e byla spln\u011bna podm\u00ednka pro n\u00e1rok a p\u0159izn\u00e1n\u00ed v\u00fdplaty invalidn\u00edho d\u016fchodu poji\u0161t\u011bnci od 10. 6. 2014.<\/p>\n<p>4. Invalidn\u00ed d\u016fchod je p\u0159izn\u00e1n natrvalo.<br \/>\nTo je myln\u00e1 domn\u011bnka. Zdravotn\u00ed stav zpravidla nen\u00ed nem\u011bnn\u00fd. V pr\u016fb\u011bhu \u010dasu m\u016f\u017ee doch\u00e1zet k jeho zlep\u0161en\u00ed nebo naopak ke zhor\u0161en\u00ed. Z tohoto d\u016fvodu posudkov\u00fd l\u00e9ka\u0159 p\u0159i stanoven\u00ed invalidity ur\u010d\u00ed tak\u00e9 term\u00edn kontroln\u00ed l\u00e9ka\u0159sk\u00e9 prohl\u00eddky. Prov\u00e1d\u00ed se obvykle v intervalu 1 &#8211; 3 roky na z\u00e1klad\u011b z\u00e1va\u017enosti zdravotn\u00edho stavu. Podle v\u00fdsledku kontroln\u00ed l\u00e9ka\u0159sk\u00e9 prohl\u00eddky m\u016f\u017ee doj\u00edt ke zm\u011bn\u011b invalidity na ni\u017e\u0161\u00ed nebo vy\u0161\u0161\u00ed stupe\u0148 \u010di posudkov\u00fd z\u00e1v\u011br konstatuje, \u017ee pokles pracovn\u00ed schopnosti neodpov\u00edd\u00e1 invalidit\u011b.<\/p>\n<p>Ob\u010dan tak\u00e9 m\u016f\u017ee po\u017e\u00e1dat o zm\u011bnu stupn\u011b invalidity, pokud se domn\u00edv\u00e1, \u017ee se zm\u011bnil jeho zdravotn\u00ed stav. V\u00fdsledkem posouzen\u00ed v\u0161ak m\u016f\u017ee b\u00fdt i sn\u00ed\u017een\u00ed stupn\u011b \u010di oduzn\u00e1n\u00ed invalidity.<\/p>\n<p><strong>5. Invalidn\u00ed d\u016fchod je p\u0159izn\u00e1n automaticky, pokud je \u010dlov\u011bk rok na \u201enemocensk\u00e9\u201c.<\/strong><br \/>\nNikoliv. \u0158\u00edzen\u00ed o p\u0159izn\u00e1n\u00ed invalidn\u00edho d\u016fchodu se zahajuje v\u00fdhradn\u011b na \u017e\u00e1dost ob\u010dana. Pokud se \u010dlov\u011bk domn\u00edv\u00e1, \u017ee jeho zdravotn\u00ed stav je dlouhodob\u011b nep\u0159\u00edzniv\u00fd a odpov\u00edd\u00e1 invalidit\u011b, m\u00e1 pr\u00e1vo podat \u017e\u00e1dost o invalidn\u00ed d\u016fchod. Tyto \u017e\u00e1dosti sepisuj\u00ed OSSZ podle m\u00edsta trval\u00e9ho bydli\u0161t\u011b \u017eadatele. Za ob\u010dany, kte\u0159\u00ed kv\u016fli sv\u00e9mu zdravotn\u00edmu stavu nemohou sami podat \u017e\u00e1dost o d\u016fchod, ji mohou podat jejich rodinn\u00ed p\u0159\u00edslu\u0161n\u00edci. Pot\u0159ebuj\u00ed k tomu p\u00edsemn\u00fd souhlas \u017eadatele o invalidn\u00ed d\u016fchod a potvrzen\u00ed o\u0161et\u0159uj\u00edc\u00edho l\u00e9ka\u0159e.<\/p>\n<p><strong>6. Pokud \u010dlov\u011bk nesouhlas\u00ed se stanoven\u00fdm stupn\u011bm invalidity, nem\u00e1 mo\u017enost odvol\u00e1n\u00ed.<\/strong><br \/>\nAni toto tvrzen\u00ed se nezakl\u00e1d\u00e1 na pravd\u011b. Proti samotn\u00e9mu posudku o uzn\u00e1n\u00ed\/neuzn\u00e1n\u00ed stupn\u011b invalidity sice nen\u00ed mo\u017en\u00e9 podat samostatn\u00e9 odvol\u00e1n\u00ed, ale tento posudek je z\u00e1kladn\u00edm podkladem pro vyd\u00e1n\u00ed rozhodnut\u00ed ve v\u011bci \u017e\u00e1dosti o invalidn\u00ed d\u016fchod. Teprve pot\u00e9, kdy \u010dlov\u011bk obdr\u017e\u00ed rozhodnut\u00ed o invalidn\u00edm d\u016fchodu a nebude souhlasit, m\u016f\u017ee proti n\u011bmu podat tzv. n\u00e1mitky, a to do 30 dn\u016f ode dne doru\u010den\u00ed rozhodnut\u00ed.<\/p>\n<p><strong>7. Invalidn\u00ed d\u016fchod p\u0159i dosa\u017een\u00ed d\u016fchodov\u00e9ho v\u011bku automaticky \u010cSSZ p\u0159epo\u010d\u00edt\u00e1v\u00e1 na starobn\u00ed.<\/strong><br \/>\nNen\u00ed pravda. Pokud po\u017eivatel invalidn\u00edho d\u016fchodu dos\u00e1hne d\u016fchodov\u00e9ho v\u011bku a spln\u00ed podm\u00ednku pot\u0159ebn\u00e9 doby poji\u0161t\u011bn\u00ed, m\u00e1 mo\u017enost prost\u0159ednictv\u00edm OSSZ podat \u017e\u00e1dost o starobn\u00ed d\u016fchod. Jestli\u017ee vypo\u010dten\u00fd starobn\u00ed d\u016fchod bude vy\u0161\u0161\u00ed ne\u017e vypl\u00e1cen\u00fd invalidn\u00ed, bude mu starobn\u00ed d\u016fchod p\u0159izn\u00e1n. V opa\u010dn\u00e9m p\u0159\u00edpad\u011b ob\u010danovi n\u00e1le\u017e\u00ed nad\u00e1le invalidn\u00ed d\u016fchod v p\u016fvodn\u00ed v\u00fd\u0161i. Lidem, kte\u0159\u00ed v obdob\u00ed, kdy pob\u00edraj\u00ed invalidn\u00ed d\u016fchod (t\u00fdk\u00e1 se v\u0161ech stup\u0148\u016f invalidity), dos\u00e1hnou 65 let v\u011bku, v\u00fdplata d\u016fchodu nezanik\u00e1. \u010cSSZ ho ze z\u00e1kona automaticky transformuje na d\u016fchod starobn\u00ed. V\u00fd\u0161e d\u016fchodu se touto zm\u011bnou nem\u011bn\u00ed.<\/p>\n<p><strong>8. Ten, kdo pob\u00edr\u00e1 invalidn\u00ed d\u016fchod, si nem\u016f\u017ee p\u0159ivyd\u011blat.<\/strong><br \/>\nNe. Lid\u00e9 s p\u0159iznan\u00fdm invalidn\u00edm d\u016fchodem podle sv\u00fdch mo\u017enost\u00ed pracovat mohou. P\u0159edpisy o d\u016fchodov\u00e9m poji\u0161t\u011bn\u00ed neobsahuj\u00ed \u017e\u00e1dn\u00e9 ustanoven\u00ed, kter\u00e9 by omezovalo v\u00fdd\u011blkov\u00e9 mo\u017enosti po\u017eivatel\u016f invalidn\u00edch d\u016fchod\u016f. Po\u017eivatel\u00e9 v\u0161ech t\u0159\u00ed stup\u0148\u016f invalidn\u00edch d\u016fchod\u016f tedy mohou vyu\u017e\u00edt sv\u016fj zb\u00fdvaj\u00edc\u00ed pracovn\u00ed potenci\u00e1l a podle sv\u00fdch mo\u017enost\u00ed pracovat (neboli jsou v mo\u017enostech v\u00fdkonu zam\u011bstn\u00e1n\u00ed omezeni sv\u00fdm nep\u0159\u00edzniv\u00fdm zdravotn\u00edm stavem). Fakticky jsou v\u00fdd\u011blkov\u011b omezeni ti poji\u0161t\u011bnci, kte\u0159\u00ed s ohledem na sv\u016fj zdravotn\u00ed stav nejsou schopni v\u00fdd\u011ble\u010dn\u00e9 \u010dinnosti ani za zcela mimo\u0159\u00e1dn\u00fdch podm\u00ednek. Tato skute\u010dnost je v\u017edy uvedena v rozhodnut\u00ed o invalidn\u00edm d\u016fchodu.<\/p>\n<p><strong>9. Pob\u00edr\u00e1n\u00ed invalidn\u00edho d\u016fchodu se zapo\u010d\u00edt\u00e1v\u00e1 do pot\u0159ebn\u00e9 doby poji\u0161t\u011bn\u00ed pro n\u00e1rok na starobn\u00ed d\u016fchod.<\/strong><br \/>\nAno, ale jen v z\u00e1konem stanoven\u00e9m p\u0159\u00edpad\u011b, z\u00e1le\u017e\u00ed toti\u017e na stupni invalidn\u00edho d\u016fchodu. Pro n\u00e1rok i v\u00fd\u0161i starobn\u00edho d\u016fchodu se zapo\u010d\u00edt\u00e1v\u00e1 pouze doba pob\u00edr\u00e1n\u00ed invalidn\u00edho d\u016fchodu pro invaliditu t\u0159et\u00edho stupn\u011b (d\u0159\u00edve pln\u00e9ho invalidn\u00edho d\u016fchodu). U lid\u00ed, kte\u0159\u00ed pob\u00edraj\u00ed (nebo v ur\u010dit\u00e9m obdob\u00ed \u017eivota pob\u00edrali) invalidn\u00ed d\u016fchod pro invaliditu prvn\u00edho nebo druh\u00e9ho stupn\u011b (d\u0159\u00edve tzv. \u010d\u00e1ste\u010dn\u00fd invalidn\u00ed d\u016fchod) pr\u00e1vn\u00ed \u00faprava p\u0159edpokl\u00e1d\u00e1, \u017ee vyu\u017eij\u00ed sv\u016fj zb\u00fdvaj\u00edc\u00ed pracovn\u00ed potenci\u00e1l a budou vykon\u00e1vat pr\u00e1ci, kterou jim jejich zdravotn\u00ed stav umo\u017en\u00ed. Pokud ale nevykon\u00e1vaj\u00ed (nebo nevykon\u00e1vali) \u010dinnost zakl\u00e1daj\u00edc\u00ed \u00fa\u010dast na poji\u0161t\u011bn\u00ed, samotn\u00e9 obdob\u00ed pob\u00edr\u00e1n\u00ed tohoto d\u016fchodu se do doby d\u016fchodov\u00e9ho poji\u0161t\u011bn\u00ed nepo\u010d\u00edt\u00e1. To m\u016f\u017ee negativn\u011b ovlivnit budouc\u00ed n\u00e1rok na \u0159\u00e1dn\u00fd starobn\u00ed d\u016fchod nebo jeho v\u00fd\u0161i.<\/p>\n<p><strong>10. O\u0161et\u0159uj\u00edc\u00ed l\u00e9ka\u0159 doporu\u010duje p\u0159izn\u00e1n\u00ed invalidn\u00edho d\u016fchodu a konstatuje vznik invalidity.<\/strong><br \/>\nNen\u00ed pravdou, \u017ee o\u0161et\u0159uj\u00edc\u00ed l\u00e9ka\u0159 (odborn\u00fd \u010di praktick\u00fd) m\u016f\u017ee potvrdit, \u017ee jeho pacient spl\u0148uje krit\u00e9ria pro p\u0159izn\u00e1n\u00ed invalidn\u00edho d\u016fchodu z d\u016fvodu nep\u0159\u00edzniv\u00e9ho zdravotn\u00edho stavu. Tuto kompetenci m\u00e1 jen posudkov\u00fd l\u00e9ka\u0159 OSSZ, kter\u00fd p\u0159i posuzov\u00e1n\u00ed zdravotn\u00edho stavu vych\u00e1z\u00ed z v\u00fdsledk\u016f vy\u0161et\u0159en\u00ed o\u0161et\u0159uj\u00edc\u00edho l\u00e9ka\u0159e, odborn\u00e9ho l\u00e9ka\u0159e a pop\u0159. z v\u00fdsledku vlastn\u00edho vy\u0161et\u0159en\u00ed.<\/p>\n<p>Tiskov\u00e1 zpr\u00e1va \u010cSSZ<\/p>\n","protected":false},"excerpt":{"rendered":"<div class=\"mh-excerpt\"><p>\u00daraz nebo v\u00e1\u017en\u00e1 nemoc bohu\u017eel mohou zas\u00e1hnout do \u017eivota ka\u017ed\u00e9ho z n\u00e1s. A n\u011bkdy s tak v\u00e1\u017en\u00fdmi n\u00e1sledky, kter\u00e9 vedou a\u017e k invalidit\u011b. Lid\u00e9 v <a class=\"mh-excerpt-more\" href=\"https:\/\/www.invarena.cz\/?p=18768\" title=\"\u010cSSZ objas\u0148uje nejedny m\u00fdty o invalidn\u00edch d\u016fchodech\">[&#8230;]<\/a><\/p>\n<\/div>","protected":false},"author":1,"featured_media":14065,"comment_status":"open","ping_status":"closed","sticky":false,"template":"","format":"standard","meta":{"footnotes":""},"categories":[18],"tags":[],"class_list":["post-18768","post","type-post","status-publish","format-standard","has-post-thumbnail","hentry","category-poradna"],"_links":{"self":[{"href":"https:\/\/www.invarena.cz\/index.php?rest_route=\/wp\/v2\/posts\/18768","targetHints":{"allow":["GET"]}}],"collection":[{"href":"https:\/\/www.invarena.cz\/index.php?rest_route=\/wp\/v2\/posts"}],"about":[{"href":"https:\/\/www.invarena.cz\/index.php?rest_route=\/wp\/v2\/types\/post"}],"author":[{"embeddable":true,"href":"https:\/\/www.invarena.cz\/index.php?rest_route=\/wp\/v2\/users\/1"}],"replies":[{"embeddable":true,"href":"https:\/\/www.invarena.cz\/index.php?rest_route=%2Fwp%2Fv2%2Fcomments&post=18768"}],"version-history":[{"count":0,"href":"https:\/\/www.invarena.cz\/index.php?rest_route=\/wp\/v2\/posts\/18768\/revisions"}],"wp:featuredmedia":[{"embeddable":true,"href":"https:\/\/www.invarena.cz\/index.php?rest_route=\/wp\/v2\/media\/14065"}],"wp:attachment":[{"href":"https:\/\/www.invarena.cz\/index.php?rest_route=%2Fwp%2Fv2%2Fmedia&parent=18768"}],"wp:term":[{"taxonomy":"category","embeddable":true,"href":"https:\/\/www.invarena.cz\/index.php?rest_route=%2Fwp%2Fv2%2Fcategories&post=18768"},{"taxonomy":"post_tag","embeddable":true,"href":"https:\/\/www.invarena.cz\/index.php?rest_route=%2Fwp%2Fv2%2Ftags&post=18768"}],"curies":[{"name":"wp","href":"https:\/\/api.w.org\/{rel}","templated":true}]}}