{"id":18780,"date":"2014-12-05T11:10:07","date_gmt":"2014-12-05T10:10:07","guid":{"rendered":"http:\/\/www.invarena.cz\/?p=18780"},"modified":"2014-12-05T11:10:07","modified_gmt":"2014-12-05T10:10:07","slug":"vlada-rozhodne-o-rustu-platu-v-socialnich-sluzbach","status":"publish","type":"post","link":"https:\/\/www.invarena.cz\/?p=18780","title":{"rendered":"Vl\u00e1da rozhodne o r\u016fstu plat\u016f v soci\u00e1ln\u00edch slu\u017eb\u00e1ch"},"content":{"rendered":"<p><strong>Pracovn\u00edk\u016fm ve zdravotnictv\u00ed by m\u011bly od ledna stoupnout platy o p\u011bt procent. O \u010dty\u0159i procenta by si pak m\u011bli p\u0159ilep\u0161it soci\u00e1ln\u00ed pracovn\u00edci. N\u00e1vrh na zv\u00fd\u0161en\u00ed platov\u00fdch tarif\u016f se chyst\u00e1 v pond\u011bl\u00ed projednat a schv\u00e1lit vl\u00e1da.<\/strong><!--more--><\/p>\n<p>V\u011bt\u0161in\u011b zam\u011bstnanc\u016f ve\u0159ejn\u00e9ho sektoru kabinet p\u0159idal u\u017e letos od listopadu, a to obvykle 3,5 procenta.<\/p>\n<p>Pracovn\u00edci, kte\u0159\u00ed poskytuj\u00ed zdravotn\u00ed p\u00e9\u010di obyvatel\u016fm domov\u016f pro seniory \u010di \u00fastav\u016f, by m\u011bli m\u00edt stejn\u00e9 ohodnocen\u00ed jako zdravotn\u00edci v nemocnic\u00edch.<\/p>\n<p>O \u010dty\u0159i procenta v\u00edc by pak od ledna m\u011bli podle n\u00e1vrhu ministerstva pr\u00e1ce vyd\u011bl\u00e1vat soci\u00e1ln\u00ed pracovn\u00edci a lid\u00e9, kte\u0159\u00ed p\u016fsob\u00ed v soci\u00e1ln\u00edch slu\u017eb\u00e1ch. Ti sice dostali p\u0159id\u00e1no u\u017e v listopadu, ale resort chce pr\u00fd vyj\u00edt vst\u0159\u00edc odbor\u00e1\u0159\u016fm. Zdravotnick\u00e9 odbory dlouhodob\u011b poukazovaly na to, \u017ee ti, kte\u0159\u00ed se staraj\u00ed o seniory \u010di posti\u017een\u00e9, maj\u00ed velmi n\u00edzk\u00e9 v\u00fdd\u011blky. Podle p\u0159ed\u00e1k\u016f m\u011bs\u00ed\u010dn\u011b dost\u00e1vaj\u00ed kolem 12.000 korun \u010dist\u00e9ho.<\/p>\n<p>Zv\u00fd\u0161en\u00ed plat\u016f v soci\u00e1ln\u00edch slu\u017eb\u00e1ch zajist\u00ed ministerstvo pr\u00e1ce ze sv\u00e9ho rozpo\u010dtu, a to ze sumy na &#8222;ned\u00e1vkov\u00e9 neinvesti\u010dn\u00ed transfery&#8220;. Vl\u00e1da p\u0159ed p\u00e1r m\u011bs\u00edci rozhodla, \u017ee do n\u00ed p\u0159ilije 750 milion\u016f. Pen\u00edze by m\u011bli provozovatel\u00e9 za\u0159\u00edzen\u00ed dostat v dotac\u00edch.<\/p>\n<p>\u010cTK<\/p>\n","protected":false},"excerpt":{"rendered":"<div class=\"mh-excerpt\"><p>Pracovn\u00edk\u016fm ve zdravotnictv\u00ed by m\u011bly od ledna stoupnout platy o p\u011bt procent. O \u010dty\u0159i procenta by si pak m\u011bli p\u0159ilep\u0161it soci\u00e1ln\u00ed pracovn\u00edci. N\u00e1vrh na zv\u00fd\u0161en\u00ed <a class=\"mh-excerpt-more\" href=\"https:\/\/www.invarena.cz\/?p=18780\" title=\"Vl\u00e1da rozhodne o r\u016fstu plat\u016f v soci\u00e1ln\u00edch slu\u017eb\u00e1ch\">[&#8230;]<\/a><\/p>\n<\/div>","protected":false},"author":1,"featured_media":0,"comment_status":"open","ping_status":"closed","sticky":false,"template":"","format":"standard","meta":{"footnotes":""},"categories":[1],"tags":[],"class_list":["post-18780","post","type-post","status-publish","format-standard","hentry","category-nezarazene"],"_links":{"self":[{"href":"https:\/\/www.invarena.cz\/index.php?rest_route=\/wp\/v2\/posts\/18780","targetHints":{"allow":["GET"]}}],"collection":[{"href":"https:\/\/www.invarena.cz\/index.php?rest_route=\/wp\/v2\/posts"}],"about":[{"href":"https:\/\/www.invarena.cz\/index.php?rest_route=\/wp\/v2\/types\/post"}],"author":[{"embeddable":true,"href":"https:\/\/www.invarena.cz\/index.php?rest_route=\/wp\/v2\/users\/1"}],"replies":[{"embeddable":true,"href":"https:\/\/www.invarena.cz\/index.php?rest_route=%2Fwp%2Fv2%2Fcomments&post=18780"}],"version-history":[{"count":0,"href":"https:\/\/www.invarena.cz\/index.php?rest_route=\/wp\/v2\/posts\/18780\/revisions"}],"wp:attachment":[{"href":"https:\/\/www.invarena.cz\/index.php?rest_route=%2Fwp%2Fv2%2Fmedia&parent=18780"}],"wp:term":[{"taxonomy":"category","embeddable":true,"href":"https:\/\/www.invarena.cz\/index.php?rest_route=%2Fwp%2Fv2%2Fcategories&post=18780"},{"taxonomy":"post_tag","embeddable":true,"href":"https:\/\/www.invarena.cz\/index.php?rest_route=%2Fwp%2Fv2%2Ftags&post=18780"}],"curies":[{"name":"wp","href":"https:\/\/api.w.org\/{rel}","templated":true}]}}