{"id":18785,"date":"2014-12-05T12:38:33","date_gmt":"2014-12-05T11:38:33","guid":{"rendered":"http:\/\/www.invarena.cz\/?p=18785"},"modified":"2014-12-05T12:38:33","modified_gmt":"2014-12-05T11:38:33","slug":"vzp-informuje-o-zmenach-v-platbach-zdravotniho-pojisteni","status":"publish","type":"post","link":"https:\/\/www.invarena.cz\/?p=18785","title":{"rendered":"VZP informuje o zm\u011bn\u00e1ch v platb\u00e1ch zdravotn\u00edho poji\u0161t\u011bn\u00ed"},"content":{"rendered":"<p class=\"western\" align=\"justify\"><b>OT\u00c1ZKA :Jak\u00e9 zm\u011bny n\u00e1s zase \u010dekaj\u00ed od Nov\u00e9ho roku ohledn\u011b plateb zdravotn\u00edho poji\u0161t\u011bn\u00ed?<\/b><!--more--><\/p>\n<p class=\"western\" align=\"center\"><b>ODPOV\u011a\u010e:<\/b><\/p>\n<p class=\"western\" align=\"justify\">Zm\u011bny co do v\u00fd\u0161e plateb se t\u00fdkaj\u00ed tentokr\u00e1t jak osob samostatn\u011b v\u00fdd\u011ble\u010dn\u011b \u010dinn\u00fdch, tak osob bez zdaniteln\u00fdch p\u0159\u00edjm\u016f a\u00a0maj\u00ed vliv i\u00a0na platby za zam\u011bstnance. Od 1.\u00a01.\u00a02015 se toti\u017e m\u011bn\u00ed nejen <span style=\"color: #0000ff;\"><span style=\"text-decoration: underline;\"><a class=\"western\" href=\"http:\/\/www.vzp.cz\/platci\/informace\/povinnosti-platcu-metodika\/osvc\/osvc-prumerna-mzda\">pr\u016fm\u011brn\u00e1 mzda<\/a><\/span><\/span>, ale i\u00a0<span style=\"color: #0000ff;\"><span style=\"text-decoration: underline;\"><a class=\"western\" href=\"http:\/\/www.vzp.cz\/platci\/informace\/povinnosti-platcu-metodika\/obzp\/minimalni-mzda\">minim\u00e1ln\u00ed mzda<\/a><\/span><\/span>. Od pr\u016fm\u011brn\u00e9 mzdy se odv\u00edj\u00ed minim\u00e1ln\u00ed pojistn\u00e9 OSV\u010c, z\u00a0minim\u00e1ln\u00ed mzdy se po\u010d\u00edt\u00e1 pojistn\u00e9 OBZP a\u00a0minim\u00e1ln\u00ed pojistn\u00e9 zam\u011bstnanc\u016f. K 1.\u00a0lednu 2015 se tedy nem\u011bn\u00ed jen platby pojistn\u00e9ho st\u00e1tem.<\/p>\n<p class=\"western\" align=\"justify\">Od 1.\u00a0ledna 2015 mus\u00ed na z\u00e1loh\u00e1ch odv\u00e1d\u011bt \u010d\u00e1stku <b>1\u00a0797\u00a0K\u010d<\/b> <span style=\"color: #0000ff;\"><span style=\"text-decoration: underline;\"><a class=\"western\" href=\"http:\/\/www.vzp.cz\/platci\/informace\/osvc\">podnikatel\u00e9<\/a><\/span><\/span>, kte\u0159\u00ed jsou povinni dodr\u017eet minim\u00e1ln\u00ed vym\u011b\u0159ovac\u00ed z\u00e1klad, a\u0165 u\u017e plat\u00ed podle sv\u00e9ho lo\u0148sk\u00e9ho p\u0159ehledu OSV\u010c m\u011bs\u00ed\u010dn\u011b \u010d\u00e1stku minim\u00e1ln\u00edch z\u00e1loh ve v\u00fd\u0161i 1\u00a0752\u00a0K\u010d nebo svoji vypo\u010dtenou z\u00e1lohu ni\u017e\u0161\u00ed ne\u017e 1\u00a0797\u00a0K\u010d. Pro OSV\u010c je toti\u017e vym\u011b\u0159ovac\u00edm z\u00e1kladem 50\u00a0% p\u0159\u00edjmu ze samostatn\u00e9 \u010dinnosti po odpo\u010dtu v\u00fddaj\u016f vynalo\u017een\u00fdch na jeho dosa\u017een\u00ed, zaji\u0161t\u011bn\u00ed a\u00a0udr\u017een\u00ed, ale <b>minim\u00e1ln\u00edm ro\u010dn\u00edm vym\u011b\u0159ovac\u00edm z\u00e1kladem je dvan\u00e1ctin\u00e1sobek 50\u00a0% pr\u016fm\u011brn\u00e9 m\u011bs\u00ed\u010dn\u00ed mzdy v\u00a0n\u00e1rodn\u00edm hospod\u00e1\u0159stv\u00ed.<\/b> Ta je pro rok 2015 stanovena ve v\u00fd\u0161i 26\u00a0611\u00a0K\u010d, tak\u017ee minim\u00e1ln\u00ed m\u011bs\u00ed\u010dn\u00ed vym\u011b\u0159ovac\u00ed z\u00e1klad OSV\u010c je 13\u00a0306\u00a0K\u010d a\u00a0minim\u00e1ln\u00ed z\u00e1loha na pojistn\u00e9 1\u00a0797\u00a0K\u010d. Minim\u00e1ln\u00ed vym\u011b\u0159ovac\u00ed z\u00e1klad se nevztahuje nap\u0159. na OSV\u010c, za kter\u00e9 je pl\u00e1tcem pojistn\u00e9ho i\u00a0st\u00e1t, nebo na ty, za kter\u00e9 je sou\u010dasn\u011b v\u00a0zam\u011bstn\u00e1n\u00ed odv\u00e1d\u011bno pojistn\u00e9 vypo\u010dten\u00e9 alespo\u0148 z\u00a0minim\u00e1ln\u00edho vym\u011b\u0159ovac\u00edho z\u00e1kladu stanoven\u00e9ho pro zam\u011bstnance.<\/p>\n<p class=\"western\" align=\"justify\">Zbyst\u0159it by m\u011bli i\u00a0v\u0161ichni poji\u0161t\u011bnci evidovan\u00ed jako <span style=\"color: #0000ff;\"><span style=\"text-decoration: underline;\"><a class=\"western\" href=\"http:\/\/www.vzp.cz\/platci\/informace\/obzp\">osoby bez zdaniteln\u00fdch p\u0159\u00edjm\u016f.<\/a><\/span><\/span> Zv\u00fd\u0161en\u00ed minim\u00e1ln\u00ed mzdy toti\u017e znamen\u00e1 zv\u00fd\u0161en\u00ed jejich vym\u011b\u0159ovac\u00edho z\u00e1kladu a\u00a0tedy i\u00a0vypo\u010dten\u00e9ho pojistn\u00e9ho. Minim\u00e1ln\u00ed mzda byla od 1.\u00a08.\u00a02013 stanovena na 8\u00a0500\u00a0K\u010d, ale od 1.\u00a01.\u00a02015 stoup\u00e1 na 9\u00a0200\u00a0K\u010d. Pojistn\u00e9 z\u00a0n\u00ed vypo\u010dten\u00e9 (13,5\u00a0%) je tedy <b>1\u00a0242\u00a0K\u010d<\/b> m\u00edsto dosavadn\u00edch 1\u00a0148\u00a0K\u010d m\u011bs\u00ed\u010dn\u011b.<\/p>\n<p class=\"western\" align=\"justify\"><span style=\"color: #0000ff;\"><span style=\"text-decoration: underline;\"><a class=\"western\" href=\"http:\/\/www.vzp.cz\/platci\/informace\/zamestnavatel\">U zam\u011bstnanc\u016f, resp. zam\u011bstnavatel\u016f<\/a><\/span><\/span> se projev\u00ed zv\u00fd\u0161en\u00ed minim\u00e1ln\u00ed mzdy z\u00a0dosavadn\u00edch 8\u00a0500\u00a0K\u010d na 9\u00a0200\u00a0K\u010d zejm\u00e9na p\u0159i prov\u00e1d\u011bn\u00ed doplatk\u016f do minima u\u00a0zam\u011bstnanc\u016f, u\u00a0nich\u017e je vym\u011b\u0159ovac\u00ed z\u00e1klad ni\u017e\u0161\u00ed ne\u017e minim\u00e1ln\u00ed mzda (a\u00a0nejedn\u00e1 se o\u00a0zam\u011bstnance, u\u00a0nich\u017e minim\u00e1ln\u00ed vym\u011b\u0159ovac\u00ed z\u00e1klad nen\u00ed stanoven). Vym\u011b\u0159ovac\u00edm z\u00e1kladem zam\u011bstnance je \u00fahrn jeho p\u0159\u00edjm\u016f ze z\u00e1visl\u00e9 \u010dinnosti, kter\u00e9 jsou p\u0159edm\u011btem dan\u011b z\u00a0p\u0159\u00edjm\u016f fyzick\u00fdch osob podle z\u00e1kona o\u00a0dan\u00edch z p\u0159\u00edjm\u016f, s\u00a0t\u00edm, \u017ee minim\u00e1ln\u00edm vym\u011b\u0159ovac\u00edm z\u00e1kladem je minim\u00e1ln\u00ed mzda.<\/p>\n<p class=\"western\" align=\"justify\">Upozor\u0148ujeme tak\u00e9, \u017ee od 1.\u00a0ledna 2015 jsou v\u00a0z\u00e1kon\u011b o\u00a0pojistn\u00e9m na ve\u0159ejn\u00e9 zdravotn\u00ed poji\u0161t\u011bn\u00ed <b>zru\u0161ena ustanoven\u00ed t\u00fdkaj\u00edc\u00ed se maxim\u00e1ln\u00edho vym\u011b\u0159ovac\u00edho z\u00e1kladu pro OSV\u010c a zam\u011bstnance.<\/b> Znamen\u00e1 to nad\u00e1le platit pojistn\u00e9 v\u00a0pln\u00e9 vypo\u010dten\u00e9 v\u00fd\u0161\u00ed, bez horn\u00edho stropu.<\/p>\n<p class=\"western\" align=\"justify\"><b>Platby v\u00a0nov\u00e9 v\u00fd\u0161i mus\u00ed b\u00fdt zaplaceny poprv\u00e9 u\u017e za m\u011bs\u00edc leden 2015.<\/b> OSV\u010c a\u00a0OBZP plat\u00ed pojistn\u00e9 do 8.\u00a0dne n\u00e1sleduj\u00edc\u00edho m\u011bs\u00edce, ale 8.\u00a0\u00fanora je v\u00a0ned\u011bli, co\u017e znamen\u00e1, \u017ee z\u00e1lohu na pojistn\u00e9 za leden je t\u0159eba uhradit do 9.\u00a0\u00fanora 2015. Pojistn\u00e9 za zam\u011bstnance se plat\u00ed za jednotliv\u00e9 kalend\u00e1\u0159n\u00ed m\u011bs\u00edce a\u00a0je splatn\u00e9 od 1. do 20.\u00a0dne n\u00e1sleduj\u00edc\u00edho kalend\u00e1\u0159n\u00edho m\u011bs\u00edce. A\u00a0pozor, za <strong>den platby pojistn\u00e9ho se ve v\u0161ech p\u0159\u00edpadech pova\u017euje den, kdy do\u0161lo k\u00a0p\u0159ips\u00e1n\u00ed \u010d\u00e1stky na \u00fa\u010det zdravotn\u00ed poji\u0161\u0165ovny.<\/strong><\/p>\n<p class=\"western\" align=\"justify\">Vzhledem k\u00a0tomu, \u017ee VZP bude v\u00a0r\u00e1mci centralizace bankovn\u00edch \u00fa\u010dt\u016f postupn\u011b p\u0159ev\u00e1d\u011bt <span style=\"color: #0000ff;\"><span style=\"text-decoration: underline;\"><a class=\"western\" href=\"http:\/\/www.vzp.cz\/platci\/cisla-uctu\">ve\u0161ker\u00fd platebn\u00ed styk na \u00fa\u010dty veden\u00e9 u Komer\u010dn\u00ed banky<\/a><\/span><\/span>, je za\u010d\u00e1tek roku i\u00a0vhodn\u00fdm \u010dasem pro zm\u011bnu bankovn\u00edho \u00fa\u010dtu na platebn\u00edm p\u0159\u00edkazu.<\/p>\n<p class=\"western\"><b>Mgr. Old\u0159ich Tich\u00fd<br \/>\n<\/b>vedouc\u00ed tiskov\u00e9ho odd\u011blen\u00ed a tiskov\u00fd mluv\u010d\u00ed<\/p>\n","protected":false},"excerpt":{"rendered":"<div class=\"mh-excerpt\"><p>OT\u00c1ZKA :Jak\u00e9 zm\u011bny n\u00e1s zase \u010dekaj\u00ed od Nov\u00e9ho roku ohledn\u011b plateb zdravotn\u00edho poji\u0161t\u011bn\u00ed?<\/p>\n<\/div>","protected":false},"author":1,"featured_media":7432,"comment_status":"open","ping_status":"closed","sticky":false,"template":"","format":"standard","meta":{"footnotes":""},"categories":[18],"tags":[],"class_list":["post-18785","post","type-post","status-publish","format-standard","has-post-thumbnail","hentry","category-poradna"],"_links":{"self":[{"href":"https:\/\/www.invarena.cz\/index.php?rest_route=\/wp\/v2\/posts\/18785","targetHints":{"allow":["GET"]}}],"collection":[{"href":"https:\/\/www.invarena.cz\/index.php?rest_route=\/wp\/v2\/posts"}],"about":[{"href":"https:\/\/www.invarena.cz\/index.php?rest_route=\/wp\/v2\/types\/post"}],"author":[{"embeddable":true,"href":"https:\/\/www.invarena.cz\/index.php?rest_route=\/wp\/v2\/users\/1"}],"replies":[{"embeddable":true,"href":"https:\/\/www.invarena.cz\/index.php?rest_route=%2Fwp%2Fv2%2Fcomments&post=18785"}],"version-history":[{"count":0,"href":"https:\/\/www.invarena.cz\/index.php?rest_route=\/wp\/v2\/posts\/18785\/revisions"}],"wp:featuredmedia":[{"embeddable":true,"href":"https:\/\/www.invarena.cz\/index.php?rest_route=\/wp\/v2\/media\/7432"}],"wp:attachment":[{"href":"https:\/\/www.invarena.cz\/index.php?rest_route=%2Fwp%2Fv2%2Fmedia&parent=18785"}],"wp:term":[{"taxonomy":"category","embeddable":true,"href":"https:\/\/www.invarena.cz\/index.php?rest_route=%2Fwp%2Fv2%2Fcategories&post=18785"},{"taxonomy":"post_tag","embeddable":true,"href":"https:\/\/www.invarena.cz\/index.php?rest_route=%2Fwp%2Fv2%2Ftags&post=18785"}],"curies":[{"name":"wp","href":"https:\/\/api.w.org\/{rel}","templated":true}]}}