{"id":18813,"date":"2014-12-08T13:01:46","date_gmt":"2014-12-08T12:01:46","guid":{"rendered":"http:\/\/www.invarena.cz\/?p=18813"},"modified":"2014-12-08T13:02:16","modified_gmt":"2014-12-08T12:02:16","slug":"na-prohlidku-hradu-se-dostanou-i-vozickari","status":"publish","type":"post","link":"https:\/\/www.invarena.cz\/?p=18813","title":{"rendered":"Na prohl\u00eddku hradu se dostanou i voz\u00ed\u010dk\u00e1\u0159i"},"content":{"rendered":"<p><strong>\u00dasp\u011b\u0161n\u00e1 n\u00e1v\u0161t\u011bvnick\u00e1 sezona na hrad\u011b Svojanov pomohla s placen\u00edm n\u011bkolika oprav. Nezapomn\u011bli ani na handicapovan\u00e9 n\u00e1v\u0161t\u011bvn\u00edky, pro kter\u00e9 byl doposud p\u0159\u00edstup do interi\u00e9r\u016f hradu velmi komplikovan\u00fd.<\/strong><!--more--><\/p>\n<p>foto &#8211; en.wikipedia.org<\/p>\n<p>U\u017e v minulosti pro voz\u00ed\u010dk\u00e1\u0159e vzniklo bezbari\u00e9rov\u00e9 WC a cesty v are\u00e1lu d\u011bln\u00edci upravili tak, aby se h\u016f\u0159e pohybliv\u00ed lid\u00e9 dostali bez v\u011bt\u0161\u00edch obt\u00ed\u017e\u00ed na vnit\u0159n\u00ed n\u00e1dvo\u0159\u00ed, gotickou zahradu a park\u00e1ny v\u010detn\u011b nov\u00e9 vyhl\u00eddkov\u00e9 bes\u00eddky s \u00fachvatn\u00fdm pohledem na m\u011bste\u010dko pod hradem. Nyn\u00ed p\u0159ibyl i schodolez, kter\u00fd handicapovan\u00fdm n\u00e1v\u0161t\u011bvn\u00edk\u016fm umo\u017en\u00ed bezprobl\u00e9movou prohl\u00eddku okruhu A. K absolvov\u00e1n\u00ed tohoto okruhu je toti\u017e pot\u0159eba zdolat 33 schod\u016f. Nep\u0159\u00edstupn\u00fd voz\u00ed\u010dk\u00e1\u0159\u016fm z\u016fst\u00e1v\u00e1 okruh B, kde jsou gotick\u00e1 sklepen\u00ed a d\u016fm zbrojno\u0161\u016f. Jeho sou\u010d\u00e1st\u00ed je n\u011bkolik \u00fazk\u00fdch a zato\u010den\u00fdch schodi\u0161\u0165 s vysok\u00fdmi schody.<\/p>\n<p>Mlad\u00e1 fronta DNES<\/p>\n","protected":false},"excerpt":{"rendered":"<div class=\"mh-excerpt\"><p>\u00dasp\u011b\u0161n\u00e1 n\u00e1v\u0161t\u011bvnick\u00e1 sezona na hrad\u011b Svojanov pomohla s placen\u00edm n\u011bkolika oprav. Nezapomn\u011bli ani na handicapovan\u00e9 n\u00e1v\u0161t\u011bvn\u00edky, pro kter\u00e9 byl doposud p\u0159\u00edstup do interi\u00e9r\u016f hradu velmi <a class=\"mh-excerpt-more\" href=\"https:\/\/www.invarena.cz\/?p=18813\" title=\"Na prohl\u00eddku hradu se dostanou i voz\u00ed\u010dk\u00e1\u0159i\">[&#8230;]<\/a><\/p>\n<\/div>","protected":false},"author":1,"featured_media":18820,"comment_status":"open","ping_status":"closed","sticky":false,"template":"","format":"standard","meta":{"footnotes":""},"categories":[17],"tags":[],"class_list":["post-18813","post","type-post","status-publish","format-standard","has-post-thumbnail","hentry","category-kultura"],"_links":{"self":[{"href":"https:\/\/www.invarena.cz\/index.php?rest_route=\/wp\/v2\/posts\/18813","targetHints":{"allow":["GET"]}}],"collection":[{"href":"https:\/\/www.invarena.cz\/index.php?rest_route=\/wp\/v2\/posts"}],"about":[{"href":"https:\/\/www.invarena.cz\/index.php?rest_route=\/wp\/v2\/types\/post"}],"author":[{"embeddable":true,"href":"https:\/\/www.invarena.cz\/index.php?rest_route=\/wp\/v2\/users\/1"}],"replies":[{"embeddable":true,"href":"https:\/\/www.invarena.cz\/index.php?rest_route=%2Fwp%2Fv2%2Fcomments&post=18813"}],"version-history":[{"count":0,"href":"https:\/\/www.invarena.cz\/index.php?rest_route=\/wp\/v2\/posts\/18813\/revisions"}],"wp:featuredmedia":[{"embeddable":true,"href":"https:\/\/www.invarena.cz\/index.php?rest_route=\/wp\/v2\/media\/18820"}],"wp:attachment":[{"href":"https:\/\/www.invarena.cz\/index.php?rest_route=%2Fwp%2Fv2%2Fmedia&parent=18813"}],"wp:term":[{"taxonomy":"category","embeddable":true,"href":"https:\/\/www.invarena.cz\/index.php?rest_route=%2Fwp%2Fv2%2Fcategories&post=18813"},{"taxonomy":"post_tag","embeddable":true,"href":"https:\/\/www.invarena.cz\/index.php?rest_route=%2Fwp%2Fv2%2Ftags&post=18813"}],"curies":[{"name":"wp","href":"https:\/\/api.w.org\/{rel}","templated":true}]}}