{"id":18821,"date":"2014-12-08T13:09:25","date_gmt":"2014-12-08T12:09:25","guid":{"rendered":"http:\/\/www.invarena.cz\/?p=18821"},"modified":"2014-12-08T13:09:25","modified_gmt":"2014-12-08T12:09:25","slug":"prezident-neudelil-milosti","status":"publish","type":"post","link":"https:\/\/www.invarena.cz\/?p=18821","title":{"rendered":"Prezident neud\u011blil milosti"},"content":{"rendered":"<p><strong>Pravomoc zkoumat \u017e\u00e1dost o milost p\u0159edal prezident p\u0159ed rokem ministerstvu spravedlnosti, pro sebe si ponechal jen p\u0159\u00edpady nevyl\u00e9\u010diteln\u011b nemocn\u00fdch. Resort mu u\u017e t\u0159i takov\u00e9 doru\u010dil. \u017dadatel\u00e9 se ale od Milo\u0161e Zemana milosti nedo\u010dkali.<\/strong><!--more--><\/p>\n<p><strong>\u010cesk\u00e1 televize<\/strong><\/p>\n<p>P\u0159\u00edpad prvn\u00ed. Odsouzen\u00fd mu\u017e, kter\u00fd m\u011bl p\u0159ed n\u00e1stupem do v\u011bzen\u00ed autonehodu. T\u011b\u017ece si po\u0161kodil m\u00edchu i mozek. Prezident za n\u00edm vyslal kontrolu.<\/p>\n<p>Milo\u0161 ZEMAN, prezident republiky \/Ot\u00e1zky V\u00e1clava Moravce, 12. 1. 2014\/:<br \/>\nNu a uk\u00e1zalo se, \u017ee tento \u010dlov\u011bk nejen\u017ee netrp\u00ed nevyl\u00e9\u010ditelnou nemoc\u00ed, ale \u017ee jak proti n\u011bmu, tak jeho proti rodinn\u00fdm p\u0159\u00edslu\u0161n\u00edk\u016fm je soudn\u011b vedeno asi 20 exekuc\u00ed.<\/p>\n<p>Prezidentsk\u00e9 ne zazn\u011blo je\u0161t\u011b dvakr\u00e1t a \u0161lo taky o autonehodu. \u0158idi\u010d pod vlivem drogy zabil jin\u00e9ho \u010dlov\u011bka. Po nehod\u011b je s\u00e1m invalidn\u00ed s po\u0161kozen\u00edm mozku.<\/p>\n<p>Ji\u0159\u00ed OV\u010c\u00c1\u010cEK, mluv\u010d\u00ed prezidenta republiky: Doposud se neobjevil \u017e\u00e1dn\u00fd n\u00e1vrh, kter\u00fd by spl\u0148oval podm\u00ednky, kter\u00e9 prezident republiky stanovil.<\/p>\n<p>T\u0159i mezi stovkami dal\u0161\u00edch,kter\u00e9 poputuj\u00ed k prezidentovi a kter\u00e9 u\u017e rok nov\u011b posuzuj\u00ed \u00fa\u0159edn\u00edci ministerstva spravedlnosti. Loni p\u0159ebrali z hradn\u00ed kancel\u00e1\u0159e p\u011bt stovek nevy\u0159\u00edzen\u00fdch dopis\u016f. N\u011bkter\u00e9 jim zbyly dodnes. A tohle je jedna ze \u017e\u00e1dost\u00ed, kter\u00e1 sem na ministerstvo spravedlnosti dorazila ned\u00e1vno. V pr\u016fm\u011bru p\u0159ijdou dv\u011b ka\u017ed\u00fd den. Tyhle jen za posledn\u00ed dva m\u011bs\u00edce.<\/p>\n<p>Kate\u0159ina HROCHOV\u00c1, mluv\u010d\u00ed Ministerstva spravedlnosti: Ve chv\u00edli, kdy zjist\u00edme, \u017ee tam jsou z\u00e1va\u017en\u00e9 zdravotn\u00ed d\u016fvody, nevyl\u00e9\u010diteln\u00e1 nemoc, tak je doporu\u010d\u00edme prezidentsk\u00e9 kancel\u00e1\u0159i.<\/p>\n<p>P\u0159edch\u016fdci Milo\u0161e Zemana tyhle slo\u017eky pro\u010d\u00edtali sami. V\u00e1clav Klaus omilostnil p\u0159es \u010dty\u0159i stovky lid\u00ed, V\u00e1clav Havel p\u0159ed n\u00edm v\u00edc ne\u017e dvojn\u00e1sobek. Pozornost vzbudil t\u0159eba p\u0159\u00edpad popul\u00e1rn\u00edho cyklokrosa\u0159e Radom\u00edra \u0160im\u016fnka, kter\u00e9mu odpustil \u010d\u00e1st trestu za tragickou automobilovou nehodu.<\/p>\n<p>V\u00e1clav HAVEL, b\u00fdval\u00fd prezident \/11. 11. 2007\/: S odstupem \u010dasu bych mo\u017en\u00e1 se tolik neb\u00e1l ve\u0159ejn\u00e9ho m\u00edn\u011bn\u00ed a tu a tam bych dal je\u0161t\u011b o n\u011bco milost\u00ed v\u00edc.<\/p>\n<p>Jeho n\u00e1stupce V\u00e1clav Klaus \u0159ekl ano asi ka\u017ed\u00e9 pades\u00e1t\u00e9 \u017e\u00e1dosti. Za n\u011bkter\u00e9 sklidil kritiku. P\u0159\u00edpad policistky Radky Kadlecov\u00e9, kter\u00e1 sv\u00e9mu l\u00e9ka\u0159i p\u0159edem \u0159ekla, \u017ee je pro ni milost koupen\u00e1, dokonce \u0159e\u0161ila protikorup\u010dn\u00ed policie.<\/p>\n<p>V\u00e1clav KLAUS, b\u00fdval\u00fd prezident \/30. 10. 2011\/: J\u00e1 vetuji zcela jednozna\u010dn\u011b, \u017ee by n\u011bco takov\u00e9ho se mohlo st\u00e1t.<\/p>\n<p>Policist\u00e9 nakonec \u017e\u00e1dn\u00e9 pochyben\u00ed nena\u0161li. U\u017e rok p\u0159edt\u00edm ale n\u011bkter\u00e9 politick\u00e9 strany volaly po tom, aby mohlo prezidentsk\u00e9 milosti kontrolovat v\u00edc lid\u00ed.<\/p>\n","protected":false},"excerpt":{"rendered":"<div class=\"mh-excerpt\"><p>Pravomoc zkoumat \u017e\u00e1dost o milost p\u0159edal prezident p\u0159ed rokem ministerstvu spravedlnosti, pro sebe si ponechal jen p\u0159\u00edpady nevyl\u00e9\u010diteln\u011b nemocn\u00fdch. Resort mu u\u017e t\u0159i takov\u00e9 doru\u010dil. <a class=\"mh-excerpt-more\" href=\"https:\/\/www.invarena.cz\/?p=18821\" title=\"Prezident neud\u011blil milosti\">[&#8230;]<\/a><\/p>\n<\/div>","protected":false},"author":1,"featured_media":2134,"comment_status":"open","ping_status":"closed","sticky":false,"template":"","format":"standard","meta":{"footnotes":""},"categories":[7],"tags":[],"class_list":["post-18821","post","type-post","status-publish","format-standard","has-post-thumbnail","hentry","category-spolecnost"],"_links":{"self":[{"href":"https:\/\/www.invarena.cz\/index.php?rest_route=\/wp\/v2\/posts\/18821","targetHints":{"allow":["GET"]}}],"collection":[{"href":"https:\/\/www.invarena.cz\/index.php?rest_route=\/wp\/v2\/posts"}],"about":[{"href":"https:\/\/www.invarena.cz\/index.php?rest_route=\/wp\/v2\/types\/post"}],"author":[{"embeddable":true,"href":"https:\/\/www.invarena.cz\/index.php?rest_route=\/wp\/v2\/users\/1"}],"replies":[{"embeddable":true,"href":"https:\/\/www.invarena.cz\/index.php?rest_route=%2Fwp%2Fv2%2Fcomments&post=18821"}],"version-history":[{"count":0,"href":"https:\/\/www.invarena.cz\/index.php?rest_route=\/wp\/v2\/posts\/18821\/revisions"}],"wp:featuredmedia":[{"embeddable":true,"href":"https:\/\/www.invarena.cz\/index.php?rest_route=\/wp\/v2\/media\/2134"}],"wp:attachment":[{"href":"https:\/\/www.invarena.cz\/index.php?rest_route=%2Fwp%2Fv2%2Fmedia&parent=18821"}],"wp:term":[{"taxonomy":"category","embeddable":true,"href":"https:\/\/www.invarena.cz\/index.php?rest_route=%2Fwp%2Fv2%2Fcategories&post=18821"},{"taxonomy":"post_tag","embeddable":true,"href":"https:\/\/www.invarena.cz\/index.php?rest_route=%2Fwp%2Fv2%2Ftags&post=18821"}],"curies":[{"name":"wp","href":"https:\/\/api.w.org\/{rel}","templated":true}]}}