{"id":18822,"date":"2014-12-08T13:17:23","date_gmt":"2014-12-08T12:17:23","guid":{"rendered":"http:\/\/www.invarena.cz\/?p=18822"},"modified":"2014-12-08T13:17:23","modified_gmt":"2014-12-08T12:17:23","slug":"pomahaji-kulinarskymi-pokusy-malym-autistum","status":"publish","type":"post","link":"https:\/\/www.invarena.cz\/?p=18822","title":{"rendered":"Pom\u00e1haj\u00ed kulin\u00e1\u0159sk\u00fdmi pokusy mal\u00fdm autist\u016fm"},"content":{"rendered":"<p><strong>Asociace pom\u00e1haj\u00edc\u00ed lidem s autismem otev\u0159ela v Brn\u011b nov\u00e9 poradensk\u00e9 centrum s n\u00e1zvem PASPOINT a p\u0159i t\u00e9 p\u0159\u00edle\u017eitosti si Ondra a Tereza z dobro\u010dinn\u00e9 organizace Mise nad\u011bje p\u0159ipravili popul\u00e1rn\u011b-nau\u010dn\u00fd program hlavn\u011b pro d\u011bti s poruchou autistick\u00e9ho spektra.<\/strong><!--more--><\/p>\n<p><em>ilustra\u010dn\u00ed foto: Flickr.com<\/em><\/p>\n<p><strong>\u010cT 1<\/strong><\/p>\n<p>T\u00e9matem lekce bylo j\u00eddlo a co v\u0161echno se s n\u00edm d\u00e1 d\u011blat. P\u0159\u00edjemn\u00fd podve\u010der sv\u00fdm vystoupen\u00edm ozvl\u00e1\u0161tnila autistick\u00e1 kapela nazvan\u00e1 Auti Band.<\/p>\n<p>Ond\u0159ej NOV\u00c1\u010cEK, dobrovoln\u00edk, Mise nad\u011bje:\u00a0\u00a0 J\u00e1 jsem student, studuju matematiku prezen\u010dn\u011b a kombinovan\u011b studuju ekonomii a te\u010fka jsem pr\u00e1v\u011b za\u010dal s tou dobro\u010dinnost\u00ed, co\u017e m\u011b n\u011bjak napl\u0148uje, n\u011bjak m\u011b to motivuje a d\u00e1v\u00e1 mi to dobr\u00fd pocit, \u017ee d\u011bl\u00e1m vlastn\u011b i n\u011bco pro druh\u00e9, kdy\u017e m\u00e1m tu mo\u017enost.<\/p>\n<p>Tereza DELSSOV\u00c1, dobrovolnice, Mise nad\u011bje:\u00a0\u00a0 My jsme se s Ondrou poznali na jedn\u00e9 akci, kterou po\u0159\u00e1dala Mise nad\u011bje. J\u00e1 sem p\u0159i\u0161la tady s t\u00edmhle n\u00e1vrhem a byla jsem vlastn\u011b odk\u00e1z\u00e1na na Ondru, \u017ee on prost\u011b se zab\u00fdv\u00e1 taky fyzikou, chemi\u00ed a \u017ee bysme n\u011bco takov\u00e9ho mohli ud\u011blat, tak\u017ee jsme se domlouvali s n\u00edm a takhle to cel\u00fd vzniklo.<\/p>\n<p>redaktor:\u00a0 S t\u011bma <span class=\"highlight\">posti\u017een\u00fdma<\/span> nem\u00e1m \u017e\u00e1dnou zku\u0161enost, pro m\u011b to byla dneska trochu novinka, nev\u011bd\u011bl jsem, jak budou d\u011bti reagovat, jak se budou chovat, ale bylo to hrozn\u011b fajn. Ty d\u011bti jsou bezvadn\u00fd, dok\u00e1\u017eou v\u00fdborn\u011b spolupracovat a byl jsem p\u0159\u00edjemn\u011b p\u0159ekvapenej.<\/p>\n<p><strong>Co si mysl\u00edte, \u017ee se odehr\u00e1v\u00e1 v hlav\u011b \u010dlov\u011bka s autismem nebo s Aspergerov\u00fdm syndromem, kdy\u017e s n\u00edm d\u011bl\u00e1te takov\u00fdhle pokusy?<\/strong><\/p>\n<p>Tereza DELSSOV\u00c1,: No, j\u00e1 si to ani nedovedu moc p\u0159edstavit, ale jedin\u00fd co, j\u00e1 douf\u00e1m v to, \u017ee t\u011bm lidem se to prost\u011b l\u00edb\u00ed a \u017ee nad t\u00edm p\u0159em\u00fd\u0161l\u00ed, \u017ee se do toho t\u0159eba dok\u00e1\u017eou i v\u017e\u00edt v\u00edc ne\u017e t\u0159eba lidi, kte\u0159\u00ed jsou norm\u00e1ln\u00ed. T\u0159eba tyhle lidi nad t\u00edm p\u0159em\u00fd\u0161l\u00ed \u00fapln\u011b jinak a p\u0159ijde jim to prost\u011b fascinuj\u00edc\u00ed, stejn\u011b tak jako n\u00e1m, kte\u0159\u00ed se tady t\u00edmhle t\u0159eba trochu zab\u00fdv\u00e1me, tak &#8230;<\/p>\n<p>Tereza DELSSOV\u00c1,:\u00a0 Ofici\u00e1ln\u00edho sponzora, mysl\u00edm, zat\u00edm je\u0161t\u011b nem\u00e1me, tak\u017ee je to jako probl\u00e9m, \u017ee my, kdybysme cht\u011bli t\u0159eba tady ty p\u0159\u00edrodov\u011bdeck\u00fd krou\u017eky jako d\u011blat n\u011bjak pravideln\u011b, tak nejsme schopni, proto\u017ee t\u0159eba tahle hodina, tak n\u00e1s vy\u0161la na 500 korun, co\u017e je jako pro\u00a0 n\u00e1s jako studenty docela dost.<\/p>\n<p>redaktor:\u00a0 To jste platili vy s Ondrou jenom?<\/p>\n<p>Tereza DELSSOV\u00c1,:\u00a0 Mn\u011b se nejv\u00edc l\u00edbilo, kdy\u017e jsem p\u0159edv\u00e1d\u011bla chemikovu k\u00e1vu a tu ka\u0161i, tak tady sed\u011bla takov\u00e1 hol\u010di\u010dka vp\u0159edu a \u00fapln\u011b jsem vid\u011bla v t\u011bch jej\u00edch o\u010d\u00edch, jak se j\u00ed to l\u00edb\u00ed, jak se j\u00ed prost\u011b rozz\u00e1\u0159ily ty o\u010di a jak se usm\u00edvala a j\u00e1 si mysl\u00edm, \u017ee, \u017ee i za ten \u00fasm\u011bv to stoj\u00ed,abysme to d\u011blali.<\/p>\n","protected":false},"excerpt":{"rendered":"<div class=\"mh-excerpt\"><p>Asociace pom\u00e1haj\u00edc\u00ed lidem s autismem otev\u0159ela v Brn\u011b nov\u00e9 poradensk\u00e9 centrum s n\u00e1zvem PASPOINT a p\u0159i t\u00e9 p\u0159\u00edle\u017eitosti si Ondra a Tereza z dobro\u010dinn\u00e9 organizace <a class=\"mh-excerpt-more\" href=\"https:\/\/www.invarena.cz\/?p=18822\" title=\"Pom\u00e1haj\u00ed kulin\u00e1\u0159sk\u00fdmi pokusy mal\u00fdm autist\u016fm\">[&#8230;]<\/a><\/p>\n<\/div>","protected":false},"author":1,"featured_media":13449,"comment_status":"open","ping_status":"closed","sticky":false,"template":"","format":"standard","meta":{"footnotes":""},"categories":[7],"tags":[],"class_list":["post-18822","post","type-post","status-publish","format-standard","has-post-thumbnail","hentry","category-spolecnost"],"_links":{"self":[{"href":"https:\/\/www.invarena.cz\/index.php?rest_route=\/wp\/v2\/posts\/18822","targetHints":{"allow":["GET"]}}],"collection":[{"href":"https:\/\/www.invarena.cz\/index.php?rest_route=\/wp\/v2\/posts"}],"about":[{"href":"https:\/\/www.invarena.cz\/index.php?rest_route=\/wp\/v2\/types\/post"}],"author":[{"embeddable":true,"href":"https:\/\/www.invarena.cz\/index.php?rest_route=\/wp\/v2\/users\/1"}],"replies":[{"embeddable":true,"href":"https:\/\/www.invarena.cz\/index.php?rest_route=%2Fwp%2Fv2%2Fcomments&post=18822"}],"version-history":[{"count":0,"href":"https:\/\/www.invarena.cz\/index.php?rest_route=\/wp\/v2\/posts\/18822\/revisions"}],"wp:featuredmedia":[{"embeddable":true,"href":"https:\/\/www.invarena.cz\/index.php?rest_route=\/wp\/v2\/media\/13449"}],"wp:attachment":[{"href":"https:\/\/www.invarena.cz\/index.php?rest_route=%2Fwp%2Fv2%2Fmedia&parent=18822"}],"wp:term":[{"taxonomy":"category","embeddable":true,"href":"https:\/\/www.invarena.cz\/index.php?rest_route=%2Fwp%2Fv2%2Fcategories&post=18822"},{"taxonomy":"post_tag","embeddable":true,"href":"https:\/\/www.invarena.cz\/index.php?rest_route=%2Fwp%2Fv2%2Ftags&post=18822"}],"curies":[{"name":"wp","href":"https:\/\/api.w.org\/{rel}","templated":true}]}}