{"id":18829,"date":"2014-12-09T13:12:05","date_gmt":"2014-12-09T12:12:05","guid":{"rendered":"http:\/\/www.invarena.cz\/?p=18829"},"modified":"2014-12-09T13:12:05","modified_gmt":"2014-12-09T12:12:05","slug":"vanocni-sbirka-pomuze-postizenym","status":"publish","type":"post","link":"https:\/\/www.invarena.cz\/?p=18829","title":{"rendered":"V\u00e1no\u010dn\u00ed sb\u00edrka pom\u016f\u017ee posti\u017een\u00fdm"},"content":{"rendered":"<p><strong>A\u017e do \u0161est\u00e9ho ledna p\u0159\u00ed\u0161t\u00edho roku mohou lid\u00e9 z T\u0159eb\u00ed\u010de i okol\u00ed p\u0159isp\u011bt na dobro\u010dinn\u00e9 \u00fa\u010dely. M\u011bsto toti\u017e vyhl\u00e1silo tradi\u010dn\u00ed v\u00e1no\u010dn\u00ed sb\u00edrku.<\/strong><!--more--><\/p>\n<p> Pro pen\u011b\u017eit\u00e9 dary je ob\u010dan\u016fm k dispozici zape\u010det\u011bn\u00e1 schr\u00e1nka a bankovn\u00ed \u00fa\u010det. Schr\u00e1nka je um\u00edst\u011bna pod v\u00e1no\u010dn\u00edm stromem na Karlov\u011b n\u00e1m\u011bst\u00ed. <\/p>\n<p>&#8222;Stalo se tradic\u00ed, \u017ee pod v\u00e1no\u010dn\u00edm stromem je um\u00edst\u011bna kasi\u010dka, do kter\u00e9 mohou lid\u00e9 v\u011bnovat finan\u010dn\u00ed prost\u0159edky pro dobro\u010dinn\u00fd \u00fa\u010del. Letos rada rozhodla, \u017ee v\u00fdt\u011b\u017eek ze sb\u00edrky poskytneme na podporu ment\u00e1ln\u011b posti\u017een\u00fdch,&#8220; \u0159ekla radn\u00ed Marie \u010cern\u00e1. <\/p>\n<p>V\u00fdt\u011b\u017eek sb\u00edrky p\u0159ed\u00e1 m\u011bsto t\u0159eb\u00ed\u010dsk\u00e9 okresn\u00ed organizaci Spole\u010dnosti pro podporu lid\u00ed s ment\u00e1ln\u00edm posti\u017een\u00edm \u010cR. Finan\u010dn\u00ed prost\u0159edky budou pou\u017eity na po\u0159\u00e1d\u00e1n\u00ed rehabilita\u010dn\u00edch pobyt\u016f, v\u00edkendov\u00fdch sportovn\u011b\u00acrelaxa\u010dn\u00edch pobyt\u016f a na dal\u0161\u00ed aktivity, kter\u00e9 spole\u010dnost zaji\u0161\u0165uje. <\/p>\n<p>&#8222;C\u00edlem organizace je pom\u00e1hat lidem s ment\u00e1ln\u00edm posti\u017een\u00edm a jejich rodin\u00e1m, podporovat v\u0161echny iniciativy zabezpe\u010duj\u00edc\u00ed trval\u00e9 zlep\u0161en\u00ed podm\u00ednek \u017eivota, prosazovat rovnopr\u00e1vn\u00e9 postaven\u00ed lid\u00ed s ment\u00e1ln\u00edm posti\u017een\u00edm a prov\u00e1d\u011bt osv\u011btovou \u010dinnost ve ve\u0159ejnosti,&#8220; p\u0159ibl\u00ed\u017eila \u010cern\u00e1 pr\u00e1ci organizace.<\/p>\n<p>http:\/\/www.trebicsky.denik.cz\/<\/p>\n","protected":false},"excerpt":{"rendered":"<div class=\"mh-excerpt\"><p>A\u017e do \u0161est\u00e9ho ledna p\u0159\u00ed\u0161t\u00edho roku mohou lid\u00e9 z T\u0159eb\u00ed\u010de i okol\u00ed p\u0159isp\u011bt na dobro\u010dinn\u00e9 \u00fa\u010dely. M\u011bsto toti\u017e vyhl\u00e1silo tradi\u010dn\u00ed v\u00e1no\u010dn\u00ed sb\u00edrku.<\/p>\n<\/div>","protected":false},"author":1,"featured_media":0,"comment_status":"open","ping_status":"closed","sticky":false,"template":"","format":"standard","meta":{"footnotes":""},"categories":[9],"tags":[],"class_list":["post-18829","post","type-post","status-publish","format-standard","hentry","category-zpravy"],"_links":{"self":[{"href":"https:\/\/www.invarena.cz\/index.php?rest_route=\/wp\/v2\/posts\/18829","targetHints":{"allow":["GET"]}}],"collection":[{"href":"https:\/\/www.invarena.cz\/index.php?rest_route=\/wp\/v2\/posts"}],"about":[{"href":"https:\/\/www.invarena.cz\/index.php?rest_route=\/wp\/v2\/types\/post"}],"author":[{"embeddable":true,"href":"https:\/\/www.invarena.cz\/index.php?rest_route=\/wp\/v2\/users\/1"}],"replies":[{"embeddable":true,"href":"https:\/\/www.invarena.cz\/index.php?rest_route=%2Fwp%2Fv2%2Fcomments&post=18829"}],"version-history":[{"count":0,"href":"https:\/\/www.invarena.cz\/index.php?rest_route=\/wp\/v2\/posts\/18829\/revisions"}],"wp:attachment":[{"href":"https:\/\/www.invarena.cz\/index.php?rest_route=%2Fwp%2Fv2%2Fmedia&parent=18829"}],"wp:term":[{"taxonomy":"category","embeddable":true,"href":"https:\/\/www.invarena.cz\/index.php?rest_route=%2Fwp%2Fv2%2Fcategories&post=18829"},{"taxonomy":"post_tag","embeddable":true,"href":"https:\/\/www.invarena.cz\/index.php?rest_route=%2Fwp%2Fv2%2Ftags&post=18829"}],"curies":[{"name":"wp","href":"https:\/\/api.w.org\/{rel}","templated":true}]}}